{"id":10002,"date":"2024-12-17T22:41:37","date_gmt":"2024-12-17T20:41:37","guid":{"rendered":"https:\/\/www.creusonslabible.fr\/?p=10002"},"modified":"2025-01-21T16:49:13","modified_gmt":"2025-01-21T14:49:13","slug":"jesus-la-lumiere","status":"publish","type":"post","link":"https:\/\/www.creusonslabible.fr\/?p=10002","title":{"rendered":"J\u00e9sus, la lumi\u00e8re"},"content":{"rendered":"\n<p>Voici le deuxi\u00e8me \u00e9pisode de notre s\u00e9rie de vid\u00e9o de l\u2019avent o\u00f9 l\u2019on regarde comment chaque auteur des \u00c9vangiles pr\u00e9sente la naissance de J\u00e9sus. D\u00e9couvrez, cette fois, la mani\u00e8re dont Jean nous raconte la venue de J\u00e9sus au sein de son prologue et avec son style si particulier.<\/p>\n\n\n\n<figure class=\"wp-block-embed is-type-video is-provider-youtube wp-block-embed-youtube wp-embed-aspect-16-9 wp-has-aspect-ratio\"><div class=\"wp-block-embed__wrapper\">\n<iframe loading=\"lazy\" title=\"J\u00e9sus, la lumi\u00e8re\" width=\"1290\" height=\"726\" src=\"https:\/\/www.youtube.com\/embed\/vqP4tTn4_7A?feature=oembed\" frameborder=\"0\" allow=\"accelerometer; autoplay; clipboard-write; encrypted-media; gyroscope; picture-in-picture; web-share\" referrerpolicy=\"strict-origin-when-cross-origin\" allowfullscreen><\/iframe>\n<\/div><\/figure>\n","protected":false},"excerpt":{"rendered":"<p>Voici le deuxi\u00e8me \u00e9pisode de notre s\u00e9rie de vid\u00e9o de l\u2019avent o\u00f9 l\u2019on regarde comment chaque auteur des \u00c9vangiles pr\u00e9sente la naissance de J\u00e9sus. D\u00e9couvrez, cette fois, la mani\u00e8re dont Jean nous raconte la venue de J\u00e9sus au sein de son prologue et avec son style si particulier.<\/p>\n","protected":false},"author":1,"featured_media":10003,"comment_status":"open","ping_status":"open","sticky":false,"template":"","format":"standard","meta":{"_acf_changed":false,"_eb_attr":"","advgb_blocks_editor_width":"","advgb_blocks_columns_visual_guide":"","footnotes":""},"categories":[24],"tags":[611,131,64,832,23,78],"video":[],"audio":[],"ecrit":[],"mis-en-avant":[],"redacteur":[],"type-darticle":[],"class_list":["post-10002","post","type-post","status-publish","format-standard","has-post-thumbnail","hentry","category-textes-bibliques-commentes","tag-incarnation","tag-jean","tag-jesus","tag-noel","tag-nouveau-testament","tag-video"],"blocksy_meta":[],"acf":[],"featured_image_src":"https:\/\/www.creusonslabible.fr\/wp-content\/uploads\/2024\/12\/splash-yt.jpg","author_info":{"display_name":"admin","author_link":"https:\/\/www.creusonslabible.fr\/?author=1"},"author_meta":{"display_name":"admin","author_link":"https:\/\/www.creusonslabible.fr\/?author=1"},"featured_img":"https:\/\/www.creusonslabible.fr\/wp-content\/uploads\/2024\/12\/splash-yt-300x169.jpg","coauthors":[],"tax_additional":{"categories":{"linked":["<a href=\"https:\/\/www.creusonslabible.fr\/?cat=24\" class=\"advgb-post-tax-term\">Textes Bibliques comment\u00e9s<\/a>"],"unlinked":["<span class=\"advgb-post-tax-term\">Textes Bibliques comment\u00e9s<\/span>"]},"tags":{"linked":["<a href=\"https:\/\/www.creusonslabible.fr\/?cat=24\" class=\"advgb-post-tax-term\">incarnation<\/a>","<a href=\"https:\/\/www.creusonslabible.fr\/?cat=24\" class=\"advgb-post-tax-term\">Jean<\/a>","<a href=\"https:\/\/www.creusonslabible.fr\/?cat=24\" class=\"advgb-post-tax-term\">J\u00e9sus<\/a>","<a href=\"https:\/\/www.creusonslabible.fr\/?cat=24\" class=\"advgb-post-tax-term\">noel<\/a>","<a href=\"https:\/\/www.creusonslabible.fr\/?cat=24\" class=\"advgb-post-tax-term\">Nouveau-Testament<\/a>","<a href=\"https:\/\/www.creusonslabible.fr\/?cat=24\" class=\"advgb-post-tax-term\">vid\u00e9o<\/a>"],"unlinked":["<span class=\"advgb-post-tax-term\">incarnation<\/span>","<span class=\"advgb-post-tax-term\">Jean<\/span>","<span class=\"advgb-post-tax-term\">J\u00e9sus<\/span>","<span class=\"advgb-post-tax-term\">noel<\/span>","<span class=\"advgb-post-tax-term\">Nouveau-Testament<\/span>","<span class=\"advgb-post-tax-term\">vid\u00e9o<\/span>"]}},"comment_count":"0","relative_dates":{"created":"Publi\u00e9 1 an il y a","modified":"Mis \u00e0 jour 1 an il y a"},"absolute_dates":{"created":"Publi\u00e9 le 17 d\u00e9cembre 2024","modified":"Mise \u00e0 jour le 21 janvier 2025"},"absolute_dates_time":{"created":"Publi\u00e9 le 17 d\u00e9cembre 2024 22h41","modified":"Mise \u00e0 jour le 21 janvier 2025 16h49"},"featured_img_caption":"","series_order":"","meta_box":[],"_links":{"self":[{"href":"https:\/\/www.creusonslabible.fr\/index.php?rest_route=\/wp\/v2\/posts\/10002","targetHints":{"allow":["GET"]}}],"collection":[{"href":"https:\/\/www.creusonslabible.fr\/index.php?rest_route=\/wp\/v2\/posts"}],"about":[{"href":"https:\/\/www.creusonslabible.fr\/index.php?rest_route=\/wp\/v2\/types\/post"}],"author":[{"embeddable":true,"href":"https:\/\/www.creusonslabible.fr\/index.php?rest_route=\/wp\/v2\/users\/1"}],"replies":[{"embeddable":true,"href":"https:\/\/www.creusonslabible.fr\/index.php?rest_route=%2Fwp%2Fv2%2Fcomments&post=10002"}],"version-history":[{"count":2,"href":"https:\/\/www.creusonslabible.fr\/index.php?rest_route=\/wp\/v2\/posts\/10002\/revisions"}],"predecessor-version":[{"id":10005,"href":"https:\/\/www.creusonslabible.fr\/index.php?rest_route=\/wp\/v2\/posts\/10002\/revisions\/10005"}],"wp:featuredmedia":[{"embeddable":true,"href":"https:\/\/www.creusonslabible.fr\/index.php?rest_route=\/wp\/v2\/media\/10003"}],"wp:attachment":[{"href":"https:\/\/www.creusonslabible.fr\/index.php?rest_route=%2Fwp%2Fv2%2Fmedia&parent=10002"}],"wp:term":[{"taxonomy":"category","embeddable":true,"href":"https:\/\/www.creusonslabible.fr\/index.php?rest_route=%2Fwp%2Fv2%2Fcategories&post=10002"},{"taxonomy":"post_tag","embeddable":true,"href":"https:\/\/www.creusonslabible.fr\/index.php?rest_route=%2Fwp%2Fv2%2Ftags&post=10002"},{"taxonomy":"video","embeddable":true,"href":"https:\/\/www.creusonslabible.fr\/index.php?rest_route=%2Fwp%2Fv2%2Fvideo&post=10002"},{"taxonomy":"audio","embeddable":true,"href":"https:\/\/www.creusonslabible.fr\/index.php?rest_route=%2Fwp%2Fv2%2Faudio&post=10002"},{"taxonomy":"ecrit","embeddable":true,"href":"https:\/\/www.creusonslabible.fr\/index.php?rest_route=%2Fwp%2Fv2%2Fecrit&post=10002"},{"taxonomy":"mis-en-avant","embeddable":true,"href":"https:\/\/www.creusonslabible.fr\/index.php?rest_route=%2Fwp%2Fv2%2Fmis-en-avant&post=10002"},{"taxonomy":"redacteur","embeddable":true,"href":"https:\/\/www.creusonslabible.fr\/index.php?rest_route=%2Fwp%2Fv2%2Fredacteur&post=10002"},{"taxonomy":"type-darticle","embeddable":true,"href":"https:\/\/www.creusonslabible.fr\/index.php?rest_route=%2Fwp%2Fv2%2Ftype-darticle&post=10002"}],"curies":[{"name":"wp","href":"https:\/\/api.w.org\/{rel}","templated":true}]}}