{"id":10029,"date":"2025-02-21T18:00:00","date_gmt":"2025-02-21T16:00:00","guid":{"rendered":"https:\/\/www.creusonslabible.fr\/?p=10029"},"modified":"2025-02-19T23:03:25","modified_gmt":"2025-02-19T21:03:25","slug":"matthieu-6-16-23-leve-les-yeux","status":"publish","type":"post","link":"https:\/\/www.creusonslabible.fr\/?p=10029","title":{"rendered":"Matthieu 6.16-23 : L\u00e8ve les yeux\u00a0!"},"content":{"rendered":"\n<blockquote class=\"wp-block-quote is-layout-flow wp-block-quote-is-layout-flow\">\n<p>16 \u2013 Lorsque vous je\u00fbnez, n&rsquo;ayez pas, comme les hypocrites, une mine triste. Pour bien montrer \u00e0 tout le monde qu&rsquo;ils je\u00fbnent, ils prennent des visages d\u00e9faits. Vraiment, je vous l&rsquo;assure : leur r\u00e9compense, ils l&rsquo;ont d&rsquo;ores et d\u00e9j\u00e0 re\u00e7ue ! 17 Toi, au contraire, si tu veux je\u00fbner, parfume tes cheveux et lave ton visage 18 pour que personne ne se rende compte que tu es en train de je\u00fbner. Que ce soit un secret entre toi et ton P\u00e8re qui est l\u00e0 dans le lieu secret. Alors ton P\u00e8re, qui voit ce qui se fait en secret, te le rendra.<\/p>\n\n\n\n<p>19 \u2013 Ne vous amassez pas des richesses sur la terre o\u00f9 elles sont \u00e0 la merci de la rouille, des mites qui rongent, ou des cambrioleurs qui percent les murs pour voler. 20 Amassez-vous plut\u00f4t des tr\u00e9sors dans le ciel, o\u00f9 il n&rsquo;y a ni rouille, ni mites qui rongent, ni cambrioleurs qui percent les murs pour voler. 21 Car l\u00e0 o\u00f9 est ton tr\u00e9sor, l\u00e0 sera aussi ton c\u0153ur.<\/p>\n\n\n\n<p>22 \u2013 Les yeux sont comme une lampe pour le corps ; si donc tes yeux sont en bon \u00e9tat, ton corps entier jouira de la lumi\u00e8re. 23 Mais si tes yeux sont malades, tout ton corps sera plong\u00e9 dans l&rsquo;obscurit\u00e9. Si donc la lumi\u00e8re qui est en toi est obscurcie, dans quelles t\u00e9n\u00e8bres profondes te trouveras-tu !<\/p>\n<\/blockquote>\n\n\n\n<h4 id=\"wp-block-themeisle-blocks-advanced-heading-3ea5f593\" class=\"wp-block-themeisle-blocks-advanced-heading wp-block-themeisle-blocks-advanced-heading-3ea5f593\"><strong>Rien \u00e0 voir&nbsp;?<\/strong><\/h4>\n\n\n\n<p>Trois th\u00e8mes diff\u00e9rents sont abord\u00e9s par J\u00e9sus dans notre passage&nbsp;: le je\u00fbne, l\u2019\u00e9pargne et la lampe du corps. Quel est leur point commun&nbsp;? Une question de regard.<\/p>\n\n\n\n<h4 id=\"wp-block-themeisle-blocks-advanced-heading-b0e2bfc5\" class=\"wp-block-themeisle-blocks-advanced-heading wp-block-themeisle-blocks-advanced-heading-b0e2bfc5\"><strong>O\u00f9 regarder&nbsp;? (16-21)<\/strong><\/h4>\n\n\n\n<p>On peut je\u00fbner, \u00eatre pieux, pour deux raisons&nbsp;: \u00eatre vu par les autres ou \u00eatre vu par Dieu. On peut consid\u00e9rer son argent de deux mani\u00e8res diff\u00e9rentes&nbsp;: ne rien en faire et risquer de tout perdre ou bien l\u2019investir pour le Royaume de Dieu. Pour J\u00e9sus il faut bien entendu que Dieu, et non le bling-bling, soit la priorit\u00e9.<\/p>\n\n\n\n<h4 class=\"wp-block-heading\"><strong>\u0152il mauvais (22-23)<\/strong><\/h4>\n\n\n\n<p>Ces deux versets \u00e9nigmatiques parlent simplement de l\u2019avarice. Le manque de g\u00e9n\u00e9rosit\u00e9 est r\u00e9v\u00e9lateur d\u2019une maladie spirituelle&nbsp;: on est trop attach\u00e9 \u00e0 cette terre et on perd de vue la volont\u00e9 de Dieu.<\/p>\n\n\n\n<p><strong>&#8211;&gt; <\/strong>Petit examen ophtalmologique&nbsp;:<strong>&nbsp;<\/strong>Vers quoi regardes-tu&nbsp;? (Qu\u2019est-ce qui dirige ta conduite&nbsp;?) Le regard des autres&nbsp;? Tes pulsions\/sentiments&nbsp;? La volont\u00e9 d\u2019\u00eatre dirig\u00e9 par le Saint Esprit&nbsp;?&nbsp;<\/p>\n\n\n\n<div class=\"wp-block-essential-blocks-advanced-heading  root-eb-advance-heading-chbtb\"><div class=\"eb-parent-wrapper eb-parent-eb-advance-heading-chbtb \"><div class=\"eb-advance-heading-wrapper eb-advance-heading-chbtb button-1 undefined\" data-id=\"eb-advance-heading-chbtb\"><h4 class=\"eb-ah-title\"><span class=\"first-title\"><\/span><\/h4><\/div><\/div><\/div>\n","protected":false},"excerpt":{"rendered":"<p>16 \u2013 Lorsque vous je\u00fbnez, n&rsquo;ayez pas, comme les hypocrites, une mine triste. Pour bien montrer \u00e0 tout le monde qu&rsquo;ils je\u00fbnent, ils prennent des visages d\u00e9faits. Vraiment, je vous l&rsquo;assure : leur r\u00e9compense, ils l&rsquo;ont d&rsquo;ores et d\u00e9j\u00e0 re\u00e7ue ! 17 Toi, au contraire, si tu veux je\u00fbner, parfume tes cheveux et lave ton [&hellip;]<\/p>\n","protected":false},"author":3,"featured_media":11316,"comment_status":"open","ping_status":"open","sticky":false,"template":"","format":"standard","meta":{"_acf_changed":false,"_eb_attr":"","advgb_blocks_editor_width":"","advgb_blocks_columns_visual_guide":"","footnotes":""},"categories":[16],"tags":[651,23,35],"video":[],"audio":[],"ecrit":[],"mis-en-avant":[],"redacteur":[],"type-darticle":[],"class_list":["post-10029","post","type-post","status-publish","format-standard","has-post-thumbnail","hentry","category-meditations-bibliques","tag-ecrit","tag-nouveau-testament","tag-sermon-sur-la-montagne"],"blocksy_meta":[],"acf":[],"featured_image_src":"https:\/\/www.creusonslabible.fr\/wp-content\/uploads\/2025\/02\/o9tjmz1bkcw.jpg","author_info":{"display_name":"Yoh","author_link":"https:\/\/www.creusonslabible.fr\/?author=3"},"author_meta":{"display_name":"Yoh","author_link":"https:\/\/www.creusonslabible.fr\/?author=3"},"featured_img":"https:\/\/www.creusonslabible.fr\/wp-content\/uploads\/2025\/02\/o9tjmz1bkcw-200x300.jpg","coauthors":[],"tax_additional":{"categories":{"linked":["<a href=\"https:\/\/www.creusonslabible.fr\/?cat=16\" class=\"advgb-post-tax-term\">M\u00e9ditations bibliques<\/a>"],"unlinked":["<span class=\"advgb-post-tax-term\">M\u00e9ditations bibliques<\/span>"]},"tags":{"linked":["<a href=\"https:\/\/www.creusonslabible.fr\/?cat=16\" class=\"advgb-post-tax-term\">\u00e9crit<\/a>","<a href=\"https:\/\/www.creusonslabible.fr\/?cat=16\" class=\"advgb-post-tax-term\">Nouveau-Testament<\/a>","<a href=\"https:\/\/www.creusonslabible.fr\/?cat=16\" class=\"advgb-post-tax-term\">Sermon sur la montagne<\/a>"],"unlinked":["<span class=\"advgb-post-tax-term\">\u00e9crit<\/span>","<span class=\"advgb-post-tax-term\">Nouveau-Testament<\/span>","<span class=\"advgb-post-tax-term\">Sermon sur la montagne<\/span>"]}},"comment_count":"0","relative_dates":{"created":"Publi\u00e9 1 an il y a","modified":"Mis \u00e0 jour 1 an il y a"},"absolute_dates":{"created":"Publi\u00e9 le 21 f\u00e9vrier 2025","modified":"Mise \u00e0 jour le 19 f\u00e9vrier 2025"},"absolute_dates_time":{"created":"Publi\u00e9 le 21 f\u00e9vrier 2025 18h00","modified":"Mise \u00e0 jour le 19 f\u00e9vrier 2025 23h03"},"featured_img_caption":"","series_order":"","meta_box":[],"_links":{"self":[{"href":"https:\/\/www.creusonslabible.fr\/index.php?rest_route=\/wp\/v2\/posts\/10029","targetHints":{"allow":["GET"]}}],"collection":[{"href":"https:\/\/www.creusonslabible.fr\/index.php?rest_route=\/wp\/v2\/posts"}],"about":[{"href":"https:\/\/www.creusonslabible.fr\/index.php?rest_route=\/wp\/v2\/types\/post"}],"author":[{"embeddable":true,"href":"https:\/\/www.creusonslabible.fr\/index.php?rest_route=\/wp\/v2\/users\/3"}],"replies":[{"embeddable":true,"href":"https:\/\/www.creusonslabible.fr\/index.php?rest_route=%2Fwp%2Fv2%2Fcomments&post=10029"}],"version-history":[{"count":2,"href":"https:\/\/www.creusonslabible.fr\/index.php?rest_route=\/wp\/v2\/posts\/10029\/revisions"}],"predecessor-version":[{"id":11317,"href":"https:\/\/www.creusonslabible.fr\/index.php?rest_route=\/wp\/v2\/posts\/10029\/revisions\/11317"}],"wp:featuredmedia":[{"embeddable":true,"href":"https:\/\/www.creusonslabible.fr\/index.php?rest_route=\/wp\/v2\/media\/11316"}],"wp:attachment":[{"href":"https:\/\/www.creusonslabible.fr\/index.php?rest_route=%2Fwp%2Fv2%2Fmedia&parent=10029"}],"wp:term":[{"taxonomy":"category","embeddable":true,"href":"https:\/\/www.creusonslabible.fr\/index.php?rest_route=%2Fwp%2Fv2%2Fcategories&post=10029"},{"taxonomy":"post_tag","embeddable":true,"href":"https:\/\/www.creusonslabible.fr\/index.php?rest_route=%2Fwp%2Fv2%2Ftags&post=10029"},{"taxonomy":"video","embeddable":true,"href":"https:\/\/www.creusonslabible.fr\/index.php?rest_route=%2Fwp%2Fv2%2Fvideo&post=10029"},{"taxonomy":"audio","embeddable":true,"href":"https:\/\/www.creusonslabible.fr\/index.php?rest_route=%2Fwp%2Fv2%2Faudio&post=10029"},{"taxonomy":"ecrit","embeddable":true,"href":"https:\/\/www.creusonslabible.fr\/index.php?rest_route=%2Fwp%2Fv2%2Fecrit&post=10029"},{"taxonomy":"mis-en-avant","embeddable":true,"href":"https:\/\/www.creusonslabible.fr\/index.php?rest_route=%2Fwp%2Fv2%2Fmis-en-avant&post=10029"},{"taxonomy":"redacteur","embeddable":true,"href":"https:\/\/www.creusonslabible.fr\/index.php?rest_route=%2Fwp%2Fv2%2Fredacteur&post=10029"},{"taxonomy":"type-darticle","embeddable":true,"href":"https:\/\/www.creusonslabible.fr\/index.php?rest_route=%2Fwp%2Fv2%2Ftype-darticle&post=10029"}],"curies":[{"name":"wp","href":"https:\/\/api.w.org\/{rel}","templated":true}]}}