{"id":10045,"date":"2025-04-07T17:00:00","date_gmt":"2025-04-07T15:00:00","guid":{"rendered":"https:\/\/www.creusonslabible.fr\/?p=10045"},"modified":"2025-03-20T13:22:16","modified_gmt":"2025-03-20T11:22:16","slug":"attention-aux-paillettes-matthieu-7-21-29","status":"publish","type":"post","link":"https:\/\/www.creusonslabible.fr\/?p=10045","title":{"rendered":"Attention aux paillettes ! &#8211; Matthieu 7.21-29"},"content":{"rendered":"\n<blockquote class=\"wp-block-quote is-layout-flow wp-block-quote-is-layout-flow\">\n<p>21 \u2013 Pour entrer dans le royaume des cieux, il ne suffit pas de me dire : \u00ab Seigneur ! Seigneur ! \u00bb Il faut accomplir la volont\u00e9 de mon P\u00e8re c\u00e9leste. 22 Au jour du jugement, nombreux sont ceux qui me diront : \u00ab Seigneur ! Seigneur ! Nous avons proph\u00e9tis\u00e9 en ton nom, nous avons chass\u00e9 des d\u00e9mons en ton nom, nous avons fait beaucoup de miracles en ton nom. \u00bb 23 Je leur d\u00e9clarerai alors : \u00ab Je ne vous ai jamais connus ! Allez-vous-en, vous qui pratiquez le mal ! \u00bb<\/p>\n\n\n\n<p>24 \u2013 C&rsquo;est pourquoi, celui qui \u00e9coute ce que je dis et qui l&rsquo;applique, ressemble \u00e0 un homme sens\u00e9 qui a b\u00e2ti sa maison sur le roc. 25 Il a plu \u00e0 verse, les fleuves ont d\u00e9bord\u00e9, les vents ont souffl\u00e9 avec violence, ils se sont d\u00e9cha\u00een\u00e9s contre cette maison : elle ne s&rsquo;est pas effondr\u00e9e, car ses fondations reposaient sur le roc. 26 Mais celui qui \u00e9coute mes paroles sans faire ce que je dis, ressemble \u00e0 un homme assez fou pour construire sa maison sur le sable. 27 Il a plu \u00e0 verse, les fleuves ont d\u00e9bord\u00e9, les vents ont souffl\u00e9 avec violence, ils se sont d\u00e9cha\u00een\u00e9s contre cette maison : elle s&rsquo;est effondr\u00e9e et sa ruine a \u00e9t\u00e9 compl\u00e8te.<\/p>\n\n\n\n<p>28 Quand J\u00e9sus eut fini de parler, les foules \u00e9taient impressionn\u00e9es par son enseignement. 29 Car il parlait avec une autorit\u00e9 que n&rsquo;avaient pas leurs sp\u00e9cialistes de la Loi.<\/p>\n\n\n\n<p><\/p>\n<\/blockquote>\n\n\n\n<h4 class=\"wp-block-heading\"><br><strong>D\u00e9claration contre-intuitive (21-23)<\/strong><\/h4>\n\n\n\n<p>Comment savoir que quelqu\u2019un vient de Dieu&nbsp;? La r\u00e9ponse naturelle est \u00ab&nbsp;il fait\/dit des choses extraordinaires&nbsp;\u00bb. Mais pour J\u00e9sus la pi\u00e9t\u00e9 bouillante, les proph\u00e9ties, les exorcismes ou les miracles ne sont pas des gages de cr\u00e9dibilit\u00e9 spirituelle. Beaucoup de religions peuvent produire du bling-bling mais il ne faut pas regarder aux apparences. Le diable peut se d\u00e9guiser en ange de lumi\u00e8re (2 Corinthiens 11.13-15).<\/p>\n\n\n\n<h4 class=\"wp-block-heading\"><strong>Le crit\u00e8re fondamental (24-27)<\/strong><\/h4>\n\n\n\n<p>La preuve qu\u2019on est enfant de Dieu, c\u2019est l\u2019ob\u00e9issance aux enseignements r\u00e9volutionnaires que J\u00e9sus vient d\u2019\u00e9noncer dans ce sermon sur la montagne (chapitre 5 \u00e0 7). Et la caract\u00e9ristique principale de celui-ci c\u2019est qu\u2019il rend humble tellement il est exigeant. Fonder sa vie sur l\u2019illusion de la puissance, des paillettes est vain. Mieux vaut se laisser transformer, utiliser par l\u2019Esprit afin de lutter contre le P\u00e9ch\u00e9 qui peut nous faire chuter.<\/p>\n\n\n\n<p><strong>&#8211;&gt; &nbsp;<\/strong>Es-tu plus impressionn\u00e9 par le superficiel qui fait du bruit ou le durable qui travaille en profondeur&nbsp;?<\/p>\n\n\n\n<p><\/p>\n","protected":false},"excerpt":{"rendered":"<p>21 \u2013 Pour entrer dans le royaume des cieux, il ne suffit pas de me dire : \u00ab Seigneur ! Seigneur ! \u00bb Il faut accomplir la volont\u00e9 de mon P\u00e8re c\u00e9leste. 22 Au jour du jugement, nombreux sont ceux qui me diront : \u00ab Seigneur ! Seigneur ! Nous avons proph\u00e9tis\u00e9 en ton nom, [&hellip;]<\/p>\n","protected":false},"author":3,"featured_media":11406,"comment_status":"open","ping_status":"open","sticky":false,"template":"","format":"standard","meta":{"_acf_changed":false,"_eb_attr":"","advgb_blocks_editor_width":"","advgb_blocks_columns_visual_guide":"","footnotes":""},"categories":[16],"tags":[651,23,35],"video":[],"audio":[],"ecrit":[],"mis-en-avant":[],"redacteur":[],"type-darticle":[],"class_list":["post-10045","post","type-post","status-publish","format-standard","has-post-thumbnail","hentry","category-meditations-bibliques","tag-ecrit","tag-nouveau-testament","tag-sermon-sur-la-montagne"],"blocksy_meta":[],"acf":[],"featured_image_src":"https:\/\/www.creusonslabible.fr\/wp-content\/uploads\/2025\/01\/maison_sable.png","author_info":{"display_name":"Yoh","author_link":"https:\/\/www.creusonslabible.fr\/?author=3"},"author_meta":{"display_name":"Yoh","author_link":"https:\/\/www.creusonslabible.fr\/?author=3"},"featured_img":"https:\/\/www.creusonslabible.fr\/wp-content\/uploads\/2025\/01\/maison_sable-300x168.png","coauthors":[],"tax_additional":{"categories":{"linked":["<a href=\"https:\/\/www.creusonslabible.fr\/?cat=16\" class=\"advgb-post-tax-term\">M\u00e9ditations bibliques<\/a>"],"unlinked":["<span class=\"advgb-post-tax-term\">M\u00e9ditations bibliques<\/span>"]},"tags":{"linked":["<a href=\"https:\/\/www.creusonslabible.fr\/?cat=16\" class=\"advgb-post-tax-term\">\u00e9crit<\/a>","<a href=\"https:\/\/www.creusonslabible.fr\/?cat=16\" class=\"advgb-post-tax-term\">Nouveau-Testament<\/a>","<a href=\"https:\/\/www.creusonslabible.fr\/?cat=16\" class=\"advgb-post-tax-term\">Sermon sur la montagne<\/a>"],"unlinked":["<span class=\"advgb-post-tax-term\">\u00e9crit<\/span>","<span class=\"advgb-post-tax-term\">Nouveau-Testament<\/span>","<span class=\"advgb-post-tax-term\">Sermon sur la montagne<\/span>"]}},"comment_count":"0","relative_dates":{"created":"Publi\u00e9 1 an il y a","modified":"Mis \u00e0 jour 1 an il y a"},"absolute_dates":{"created":"Publi\u00e9 le 7 avril 2025","modified":"Mise \u00e0 jour le 20 mars 2025"},"absolute_dates_time":{"created":"Publi\u00e9 le 7 avril 2025 17h00","modified":"Mise \u00e0 jour le 20 mars 2025 13h22"},"featured_img_caption":"","series_order":"","meta_box":[],"_links":{"self":[{"href":"https:\/\/www.creusonslabible.fr\/index.php?rest_route=\/wp\/v2\/posts\/10045","targetHints":{"allow":["GET"]}}],"collection":[{"href":"https:\/\/www.creusonslabible.fr\/index.php?rest_route=\/wp\/v2\/posts"}],"about":[{"href":"https:\/\/www.creusonslabible.fr\/index.php?rest_route=\/wp\/v2\/types\/post"}],"author":[{"embeddable":true,"href":"https:\/\/www.creusonslabible.fr\/index.php?rest_route=\/wp\/v2\/users\/3"}],"replies":[{"embeddable":true,"href":"https:\/\/www.creusonslabible.fr\/index.php?rest_route=%2Fwp%2Fv2%2Fcomments&post=10045"}],"version-history":[{"count":2,"href":"https:\/\/www.creusonslabible.fr\/index.php?rest_route=\/wp\/v2\/posts\/10045\/revisions"}],"predecessor-version":[{"id":10047,"href":"https:\/\/www.creusonslabible.fr\/index.php?rest_route=\/wp\/v2\/posts\/10045\/revisions\/10047"}],"wp:featuredmedia":[{"embeddable":true,"href":"https:\/\/www.creusonslabible.fr\/index.php?rest_route=\/wp\/v2\/media\/11406"}],"wp:attachment":[{"href":"https:\/\/www.creusonslabible.fr\/index.php?rest_route=%2Fwp%2Fv2%2Fmedia&parent=10045"}],"wp:term":[{"taxonomy":"category","embeddable":true,"href":"https:\/\/www.creusonslabible.fr\/index.php?rest_route=%2Fwp%2Fv2%2Fcategories&post=10045"},{"taxonomy":"post_tag","embeddable":true,"href":"https:\/\/www.creusonslabible.fr\/index.php?rest_route=%2Fwp%2Fv2%2Ftags&post=10045"},{"taxonomy":"video","embeddable":true,"href":"https:\/\/www.creusonslabible.fr\/index.php?rest_route=%2Fwp%2Fv2%2Fvideo&post=10045"},{"taxonomy":"audio","embeddable":true,"href":"https:\/\/www.creusonslabible.fr\/index.php?rest_route=%2Fwp%2Fv2%2Faudio&post=10045"},{"taxonomy":"ecrit","embeddable":true,"href":"https:\/\/www.creusonslabible.fr\/index.php?rest_route=%2Fwp%2Fv2%2Fecrit&post=10045"},{"taxonomy":"mis-en-avant","embeddable":true,"href":"https:\/\/www.creusonslabible.fr\/index.php?rest_route=%2Fwp%2Fv2%2Fmis-en-avant&post=10045"},{"taxonomy":"redacteur","embeddable":true,"href":"https:\/\/www.creusonslabible.fr\/index.php?rest_route=%2Fwp%2Fv2%2Fredacteur&post=10045"},{"taxonomy":"type-darticle","embeddable":true,"href":"https:\/\/www.creusonslabible.fr\/index.php?rest_route=%2Fwp%2Fv2%2Ftype-darticle&post=10045"}],"curies":[{"name":"wp","href":"https:\/\/api.w.org\/{rel}","templated":true}]}}