{"id":10050,"date":"2025-01-21T14:27:07","date_gmt":"2025-01-21T12:27:07","guid":{"rendered":"https:\/\/www.creusonslabible.fr\/?p=10050"},"modified":"2025-01-21T16:48:45","modified_gmt":"2025-01-21T14:48:45","slug":"1-pierre-1-10-12-la-beaute-de-levangile","status":"publish","type":"post","link":"https:\/\/www.creusonslabible.fr\/?p=10050","title":{"rendered":"1 Pierre 1.10-12 La beaut\u00e9 de l\u2019\u00e9vangile"},"content":{"rendered":"\n<blockquote class=\"wp-block-quote is-layout-flow wp-block-quote-is-layout-flow\">\n<p>10Ce salut a fait l\u2019objet des recherches et des investigations des proph\u00e8tes qui ont annonc\u00e9 d\u2019avance la gr\u00e2ce qui vous \u00e9tait destin\u00e9e. 11Ils cherchaient \u00e0 d\u00e9couvrir \u00e0 quelle \u00e9poque et \u00e0 quels \u00e9v\u00e9nements se rapportaient les indications donn\u00e9es par l\u2019Esprit de Christ. Cet Esprit \u00e9tait en eux et annon\u00e7ait \u00e0 l\u2019avance les souffrances du Messie et la gloire dont elles seraient suivies. 12Il leur fut r\u00e9v\u00e9l\u00e9 que le message dont ils \u00e9taient charg\u00e9s n\u2019\u00e9tait pas pour eux, mais pour vous. Et ce message vous a \u00e9t\u00e9 communiqu\u00e9 maintenant par ceux qui vous ont annonc\u00e9 la Bonne Nouvelle sous l\u2019action de l\u2019Esprit Saint envoy\u00e9 du ciel\u00a0; les anges eux-m\u00eames ne se lassent pas de le d\u00e9couvrir. <strong>1 Pierre 1.10-12 (BDS)<\/strong><\/p>\n<\/blockquote>\n\n\n\n<p>Nous ne sommes pas les premiers \u00e0 d\u00e9couvrir le message de l\u2019\u00e9vangile apr\u00e8s la venue de J\u00e9sus sur terre, c\u2019est \u00e9vident. Les gens n\u2019ont pas non plus attendu la venue de J\u00e9sus pour chercher \u00e0 comprendre le plan de Dieu pour l\u2019humanit\u00e9.<\/p>\n\n\n\n<p>Ne m\u00e9prisons pas les proph\u00e8tes de l\u2019ancien testament qui ne b\u00e9n\u00e9ficiaient pas de la r\u00e9v\u00e9lation dont nous profitons aujourd\u2019hui. Dieu s\u2019est r\u00e9v\u00e9l\u00e9 \u00e0 eux, ils avaient d\u00e9j\u00e0 une vue partielle de ce qu\u2019allait \u00eatre le salut en Christ.<\/p>\n\n\n\n<p>Mais ils ont d\u00fb patienter. Ils auraient bien aim\u00e9 \u00eatre aux premi\u00e8res loges, \u00eatre l\u00e0 quand le salut de Dieu s\u2019est r\u00e9v\u00e9l\u00e9 pleinement, mais ce n\u2019\u00e9tait pas encore le moment.<\/p>\n\n\n\n<p>Et nous sommes au b\u00e9n\u00e9fice de ce que Dieu leur a r\u00e9v\u00e9l\u00e9. L\u2019\u00e9vangile, le nouveau testament, m\u00eame les paroles de J\u00e9sus ne viennent pas de nulle part. Elles sont fond\u00e9es, ancr\u00e9es, dans le message annonc\u00e9 au peuple juif dans l\u2019ancien testament. Les proph\u00e8tes \u00e9taient au service de l\u2019\u00e9vangile, tous comme les ap\u00f4tres, tout comme nous aujourd\u2019hui sommes \u00e0 son service.<\/p>\n\n\n\n<p>Et ils attestent dans leur r\u00e9v\u00e9lation partielle que le plan de Dieu, que son salut, que l\u2019\u00e9vangile est beau.<\/p>\n\n\n\n<ul class=\"wp-block-list\">\n<li>Est-ce que pour toi l\u2019\u00e9vangile est quelque chose de beau\u00a0? Est-ce que tu le sens toujours dans les tripes\u00a0? Ou est-ce que c\u2019est devenu quelque chose de banal pour toi\u00a0?<\/li>\n\n\n\n<li>Quel regard portes-tu sur ceux qui sont pass\u00e9s avant nous dans la foi\u00a0? Est-ce que tu ressens de l\u2019orgueil\u00a0parce qu\u2019ils n\u2019avaient pas le m\u00eame acc\u00e8s au plan de Dieu ?<\/li>\n\n\n\n<li>Quel regard portes-tu sur l\u2019ancien testament\u00a0? Est-ce que tu y trouves un appui pour ta foi\u00a0?<\/li>\n<\/ul>\n\n\n\n<p><strong>M\u00e9dite sur le message de l\u2019\u00e9vangile. Demandes \u00e0 Dieu de renouveler ta vision de la beaut\u00e9 de son plan pour l\u2019humanit\u00e9.<\/strong><\/p>\n","protected":false},"excerpt":{"rendered":"<p>10Ce salut a fait l\u2019objet des recherches et des investigations des proph\u00e8tes qui ont annonc\u00e9 d\u2019avance la gr\u00e2ce qui vous \u00e9tait destin\u00e9e. 11Ils cherchaient \u00e0 d\u00e9couvrir \u00e0 quelle \u00e9poque et \u00e0 quels \u00e9v\u00e9nements se rapportaient les indications donn\u00e9es par l\u2019Esprit de Christ. Cet Esprit \u00e9tait en eux et annon\u00e7ait \u00e0 l\u2019avance les souffrances du Messie [&hellip;]<\/p>\n","protected":false},"author":1,"featured_media":10052,"comment_status":"open","ping_status":"open","sticky":false,"template":"","format":"standard","meta":{"_acf_changed":false,"_eb_attr":"","advgb_blocks_editor_width":"","advgb_blocks_columns_visual_guide":"","footnotes":""},"categories":[16],"tags":[160,651,746,23,133],"video":[],"audio":[],"ecrit":[],"mis-en-avant":[],"redacteur":[],"type-darticle":[],"class_list":["post-10050","post","type-post","status-publish","format-standard","has-post-thumbnail","hentry","category-meditations-bibliques","tag-1-pierre","tag-ecrit","tag-evangile","tag-nouveau-testament","tag-pierre"],"blocksy_meta":[],"acf":[],"featured_image_src":"https:\/\/www.creusonslabible.fr\/wp-content\/uploads\/2025\/01\/ozju9mld-4.jpg","author_info":{"display_name":"admin","author_link":"https:\/\/www.creusonslabible.fr\/?author=1"},"author_meta":{"display_name":"admin","author_link":"https:\/\/www.creusonslabible.fr\/?author=1"},"featured_img":"https:\/\/www.creusonslabible.fr\/wp-content\/uploads\/2025\/01\/ozju9mld-4-300x225.jpg","coauthors":[],"tax_additional":{"categories":{"linked":["<a href=\"https:\/\/www.creusonslabible.fr\/?cat=16\" class=\"advgb-post-tax-term\">M\u00e9ditations bibliques<\/a>"],"unlinked":["<span class=\"advgb-post-tax-term\">M\u00e9ditations bibliques<\/span>"]},"tags":{"linked":["<a href=\"https:\/\/www.creusonslabible.fr\/?cat=16\" class=\"advgb-post-tax-term\">1 Pierre<\/a>","<a href=\"https:\/\/www.creusonslabible.fr\/?cat=16\" class=\"advgb-post-tax-term\">\u00e9crit<\/a>","<a href=\"https:\/\/www.creusonslabible.fr\/?cat=16\" class=\"advgb-post-tax-term\">Evangile<\/a>","<a href=\"https:\/\/www.creusonslabible.fr\/?cat=16\" class=\"advgb-post-tax-term\">Nouveau-Testament<\/a>","<a href=\"https:\/\/www.creusonslabible.fr\/?cat=16\" class=\"advgb-post-tax-term\">Pierre<\/a>"],"unlinked":["<span class=\"advgb-post-tax-term\">1 Pierre<\/span>","<span class=\"advgb-post-tax-term\">\u00e9crit<\/span>","<span class=\"advgb-post-tax-term\">Evangile<\/span>","<span class=\"advgb-post-tax-term\">Nouveau-Testament<\/span>","<span class=\"advgb-post-tax-term\">Pierre<\/span>"]}},"comment_count":"0","relative_dates":{"created":"Publi\u00e9 1 an il y a","modified":"Mis \u00e0 jour 1 an il y a"},"absolute_dates":{"created":"Publi\u00e9 le 21 janvier 2025","modified":"Mise \u00e0 jour le 21 janvier 2025"},"absolute_dates_time":{"created":"Publi\u00e9 le 21 janvier 2025 14h27","modified":"Mise \u00e0 jour le 21 janvier 2025 16h48"},"featured_img_caption":"","series_order":"","meta_box":[],"_links":{"self":[{"href":"https:\/\/www.creusonslabible.fr\/index.php?rest_route=\/wp\/v2\/posts\/10050","targetHints":{"allow":["GET"]}}],"collection":[{"href":"https:\/\/www.creusonslabible.fr\/index.php?rest_route=\/wp\/v2\/posts"}],"about":[{"href":"https:\/\/www.creusonslabible.fr\/index.php?rest_route=\/wp\/v2\/types\/post"}],"author":[{"embeddable":true,"href":"https:\/\/www.creusonslabible.fr\/index.php?rest_route=\/wp\/v2\/users\/1"}],"replies":[{"embeddable":true,"href":"https:\/\/www.creusonslabible.fr\/index.php?rest_route=%2Fwp%2Fv2%2Fcomments&post=10050"}],"version-history":[{"count":1,"href":"https:\/\/www.creusonslabible.fr\/index.php?rest_route=\/wp\/v2\/posts\/10050\/revisions"}],"predecessor-version":[{"id":10053,"href":"https:\/\/www.creusonslabible.fr\/index.php?rest_route=\/wp\/v2\/posts\/10050\/revisions\/10053"}],"wp:featuredmedia":[{"embeddable":true,"href":"https:\/\/www.creusonslabible.fr\/index.php?rest_route=\/wp\/v2\/media\/10052"}],"wp:attachment":[{"href":"https:\/\/www.creusonslabible.fr\/index.php?rest_route=%2Fwp%2Fv2%2Fmedia&parent=10050"}],"wp:term":[{"taxonomy":"category","embeddable":true,"href":"https:\/\/www.creusonslabible.fr\/index.php?rest_route=%2Fwp%2Fv2%2Fcategories&post=10050"},{"taxonomy":"post_tag","embeddable":true,"href":"https:\/\/www.creusonslabible.fr\/index.php?rest_route=%2Fwp%2Fv2%2Ftags&post=10050"},{"taxonomy":"video","embeddable":true,"href":"https:\/\/www.creusonslabible.fr\/index.php?rest_route=%2Fwp%2Fv2%2Fvideo&post=10050"},{"taxonomy":"audio","embeddable":true,"href":"https:\/\/www.creusonslabible.fr\/index.php?rest_route=%2Fwp%2Fv2%2Faudio&post=10050"},{"taxonomy":"ecrit","embeddable":true,"href":"https:\/\/www.creusonslabible.fr\/index.php?rest_route=%2Fwp%2Fv2%2Fecrit&post=10050"},{"taxonomy":"mis-en-avant","embeddable":true,"href":"https:\/\/www.creusonslabible.fr\/index.php?rest_route=%2Fwp%2Fv2%2Fmis-en-avant&post=10050"},{"taxonomy":"redacteur","embeddable":true,"href":"https:\/\/www.creusonslabible.fr\/index.php?rest_route=%2Fwp%2Fv2%2Fredacteur&post=10050"},{"taxonomy":"type-darticle","embeddable":true,"href":"https:\/\/www.creusonslabible.fr\/index.php?rest_route=%2Fwp%2Fv2%2Ftype-darticle&post=10050"}],"curies":[{"name":"wp","href":"https:\/\/api.w.org\/{rel}","templated":true}]}}