{"id":10054,"date":"2025-01-27T14:31:18","date_gmt":"2025-01-27T12:31:18","guid":{"rendered":"https:\/\/www.creusonslabible.fr\/?p=10054"},"modified":"2025-01-21T16:48:45","modified_gmt":"2025-01-21T14:48:45","slug":"1-pierre-1-13-17-vous-serez-saints-car-moi-je-suis-saint","status":"publish","type":"post","link":"https:\/\/www.creusonslabible.fr\/?p=10054","title":{"rendered":"1 Pierre 1.13-17 Vous serez saints car moi, je suis saint"},"content":{"rendered":"\n<blockquote class=\"wp-block-quote is-layout-flow wp-block-quote-is-layout-flow\">\n<p>13C\u2019est pourquoi, tenez votre esprit en \u00e9veil et faites preuve de mod\u00e9ration\u00a0; mettez toute votre esp\u00e9rance dans la gr\u00e2ce qui vous sera accord\u00e9e le jour o\u00f9 J\u00e9sus-Christ appara\u00eetra. 14Comme des enfants ob\u00e9issants, ne vous laissez plus diriger par les passions qui vous gouvernaient autrefois, au temps de votre ignorance. 15Au contraire, tout comme celui qui vous a appel\u00e9s est saint, soyez saints dans tout votre comportement. 16Car voici ce que Dieu dit dans l\u2019\u00c9criture\u00a0: Soyez saints, car je suis saint. 17Dans vos pri\u00e8res, vous appelez P\u00e8re celui qui juge impartialement tout homme selon ses actes. Par cons\u00e9quent, pendant tout le temps de votre s\u00e9jour en ce monde, que la crainte de Dieu inspire votre conduite. <strong>1 Pierre 1.13-17 (BDS)<\/strong><\/p>\n<\/blockquote>\n\n\n\n<p>Le message de l\u2019\u00e9vangile est un message transformateur \u00e0 plusieurs niveaux. Nous ne pouvons rester comme nous \u00e9tions avant notre conversion, avant notre rencontre avec Dieu.<\/p>\n\n\n\n<ul class=\"wp-block-list\">\n<li>Y a-t-il des choses de ton ancienne vie dont tu as du mal \u00e0 te d\u00e9barrasser\u00a0?<\/li>\n<\/ul>\n\n\n\n<p>Dieu est saint, donc nous sommes appel\u00e9s \u00e0 \u00eatre saints. Si notre p\u00e8re est saint, nous qui sommes ses enfants sommes appel\u00e9s \u00e0 \u00eatre saints.<\/p>\n\n\n\n<ul class=\"wp-block-list\">\n<li>Quel est le domaine o\u00f9 tu as le plus de mal \u00e0 te conduire dans la saintet\u00e9\u00a0?<\/li>\n<\/ul>\n\n\n\n<p>Notre conduite sera jug\u00e9e. Notre salut ne sera pas en jeu, mais nous devrons rendre des comptes de nos actes au dernier jour.<\/p>\n\n\n\n<p>Suivre Christ est un engagement, et un engagement nous engage.<\/p>\n\n\n\n<ul class=\"wp-block-list\">\n<li>Est-ce que pour toi l\u2019ob\u00e9issance fait partie de ta relation avec Dieu\u00a0? Est-ce que c\u2019est le cas aussi en pratique\u00a0dans ta vie ?<\/li>\n<\/ul>\n\n\n\n<p>Nous sommes appel\u00e9s \u00e0 agir de notre c\u00f4t\u00e9 aussi en tenant notre intelligence en \u00e9veil. Le p\u00e9ch\u00e9 est quelque chose \u00e0 chasser de notre vie de fa\u00e7on proactive. La paresse vis-\u00e0-vis du p\u00e9ch\u00e9 dans nos vies peut faire des ravages.<\/p>\n\n\n\n<ul class=\"wp-block-list\">\n<li>Est-ce qu\u2019il y a un p\u00e9ch\u00e9 ou un compromis dans ta vie auquel tu fais attention de ne pas t\u2019int\u00e9resser\u00a0? Quelque chose que tu sais que si tu creusais la question il faudrait que tu l\u2019abandonnes\u00a0?<\/li>\n<\/ul>\n\n\n\n<p><strong>Demande \u00e0 Dieu de continuer de travailler dans ta vie et de te montrer ce qui dans ta vie ne va pas.<\/strong><\/p>\n","protected":false},"excerpt":{"rendered":"<p>13C\u2019est pourquoi, tenez votre esprit en \u00e9veil et faites preuve de mod\u00e9ration\u00a0; mettez toute votre esp\u00e9rance dans la gr\u00e2ce qui vous sera accord\u00e9e le jour o\u00f9 J\u00e9sus-Christ appara\u00eetra. 14Comme des enfants ob\u00e9issants, ne vous laissez plus diriger par les passions qui vous gouvernaient autrefois, au temps de votre ignorance. 15Au contraire, tout comme celui qui [&hellip;]<\/p>\n","protected":false},"author":1,"featured_media":10058,"comment_status":"open","ping_status":"open","sticky":false,"template":"","format":"standard","meta":{"_acf_changed":false,"_eb_attr":"","advgb_blocks_editor_width":"","advgb_blocks_columns_visual_guide":"","footnotes":""},"categories":[16],"tags":[160,651,746,23,133],"video":[],"audio":[],"ecrit":[],"mis-en-avant":[],"redacteur":[],"type-darticle":[],"class_list":["post-10054","post","type-post","status-publish","format-standard","has-post-thumbnail","hentry","category-meditations-bibliques","tag-1-pierre","tag-ecrit","tag-evangile","tag-nouveau-testament","tag-pierre"],"blocksy_meta":[],"acf":[],"featured_image_src":"https:\/\/www.creusonslabible.fr\/wp-content\/uploads\/2025\/01\/xp_agmeea6s.jpg","author_info":{"display_name":"admin","author_link":"https:\/\/www.creusonslabible.fr\/?author=1"},"author_meta":{"display_name":"admin","author_link":"https:\/\/www.creusonslabible.fr\/?author=1"},"featured_img":"https:\/\/www.creusonslabible.fr\/wp-content\/uploads\/2025\/01\/xp_agmeea6s-300x300.jpg","coauthors":[],"tax_additional":{"categories":{"linked":["<a href=\"https:\/\/www.creusonslabible.fr\/?cat=16\" class=\"advgb-post-tax-term\">M\u00e9ditations bibliques<\/a>"],"unlinked":["<span class=\"advgb-post-tax-term\">M\u00e9ditations bibliques<\/span>"]},"tags":{"linked":["<a href=\"https:\/\/www.creusonslabible.fr\/?cat=16\" class=\"advgb-post-tax-term\">1 Pierre<\/a>","<a href=\"https:\/\/www.creusonslabible.fr\/?cat=16\" class=\"advgb-post-tax-term\">\u00e9crit<\/a>","<a href=\"https:\/\/www.creusonslabible.fr\/?cat=16\" class=\"advgb-post-tax-term\">Evangile<\/a>","<a href=\"https:\/\/www.creusonslabible.fr\/?cat=16\" class=\"advgb-post-tax-term\">Nouveau-Testament<\/a>","<a href=\"https:\/\/www.creusonslabible.fr\/?cat=16\" class=\"advgb-post-tax-term\">Pierre<\/a>"],"unlinked":["<span class=\"advgb-post-tax-term\">1 Pierre<\/span>","<span class=\"advgb-post-tax-term\">\u00e9crit<\/span>","<span class=\"advgb-post-tax-term\">Evangile<\/span>","<span class=\"advgb-post-tax-term\">Nouveau-Testament<\/span>","<span class=\"advgb-post-tax-term\">Pierre<\/span>"]}},"comment_count":"0","relative_dates":{"created":"Publi\u00e9 1 an il y a","modified":"Mis \u00e0 jour 1 an il y a"},"absolute_dates":{"created":"Publi\u00e9 le 27 janvier 2025","modified":"Mise \u00e0 jour le 21 janvier 2025"},"absolute_dates_time":{"created":"Publi\u00e9 le 27 janvier 2025 14h31","modified":"Mise \u00e0 jour le 21 janvier 2025 16h48"},"featured_img_caption":"","series_order":"","meta_box":[],"_links":{"self":[{"href":"https:\/\/www.creusonslabible.fr\/index.php?rest_route=\/wp\/v2\/posts\/10054","targetHints":{"allow":["GET"]}}],"collection":[{"href":"https:\/\/www.creusonslabible.fr\/index.php?rest_route=\/wp\/v2\/posts"}],"about":[{"href":"https:\/\/www.creusonslabible.fr\/index.php?rest_route=\/wp\/v2\/types\/post"}],"author":[{"embeddable":true,"href":"https:\/\/www.creusonslabible.fr\/index.php?rest_route=\/wp\/v2\/users\/1"}],"replies":[{"embeddable":true,"href":"https:\/\/www.creusonslabible.fr\/index.php?rest_route=%2Fwp%2Fv2%2Fcomments&post=10054"}],"version-history":[{"count":1,"href":"https:\/\/www.creusonslabible.fr\/index.php?rest_route=\/wp\/v2\/posts\/10054\/revisions"}],"predecessor-version":[{"id":10057,"href":"https:\/\/www.creusonslabible.fr\/index.php?rest_route=\/wp\/v2\/posts\/10054\/revisions\/10057"}],"wp:featuredmedia":[{"embeddable":true,"href":"https:\/\/www.creusonslabible.fr\/index.php?rest_route=\/wp\/v2\/media\/10058"}],"wp:attachment":[{"href":"https:\/\/www.creusonslabible.fr\/index.php?rest_route=%2Fwp%2Fv2%2Fmedia&parent=10054"}],"wp:term":[{"taxonomy":"category","embeddable":true,"href":"https:\/\/www.creusonslabible.fr\/index.php?rest_route=%2Fwp%2Fv2%2Fcategories&post=10054"},{"taxonomy":"post_tag","embeddable":true,"href":"https:\/\/www.creusonslabible.fr\/index.php?rest_route=%2Fwp%2Fv2%2Ftags&post=10054"},{"taxonomy":"video","embeddable":true,"href":"https:\/\/www.creusonslabible.fr\/index.php?rest_route=%2Fwp%2Fv2%2Fvideo&post=10054"},{"taxonomy":"audio","embeddable":true,"href":"https:\/\/www.creusonslabible.fr\/index.php?rest_route=%2Fwp%2Fv2%2Faudio&post=10054"},{"taxonomy":"ecrit","embeddable":true,"href":"https:\/\/www.creusonslabible.fr\/index.php?rest_route=%2Fwp%2Fv2%2Fecrit&post=10054"},{"taxonomy":"mis-en-avant","embeddable":true,"href":"https:\/\/www.creusonslabible.fr\/index.php?rest_route=%2Fwp%2Fv2%2Fmis-en-avant&post=10054"},{"taxonomy":"redacteur","embeddable":true,"href":"https:\/\/www.creusonslabible.fr\/index.php?rest_route=%2Fwp%2Fv2%2Fredacteur&post=10054"},{"taxonomy":"type-darticle","embeddable":true,"href":"https:\/\/www.creusonslabible.fr\/index.php?rest_route=%2Fwp%2Fv2%2Ftype-darticle&post=10054"}],"curies":[{"name":"wp","href":"https:\/\/api.w.org\/{rel}","templated":true}]}}