{"id":1007,"date":"2012-12-13T09:58:57","date_gmt":"2012-12-13T09:58:57","guid":{"rendered":"http:\/\/elearning.gbu.fr\/?p=1007"},"modified":"2025-01-24T11:28:16","modified_gmt":"2025-01-24T09:28:16","slug":"luc-5-17-26","status":"publish","type":"post","link":"https:\/\/www.creusonslabible.fr\/?p=1007","title":{"rendered":"Luc 5.17-26 &#8211; J\u00e9sus rue dans le brancard"},"content":{"rendered":"<p>Quand on est tr\u00e8s motiv\u00e9 pour une cause, on est pr\u00eat \u00e0 tout tenter. C&rsquo;est ce que vont fait 4 hommes pour que leur ami rencontre J\u00e9sus.<!--more--><\/p>\n<h3><\/h3>\n<h3><span style=\"color: #000000;\"><span style=\"font-size: large;\"><b>CONTEXTE<\/b><\/span><\/span><\/h3>\n<p>&nbsp;<\/p>\n<ul>\n<li><span style=\"color: #000000;\"><span style=\"font-size: medium;\">A quel moment du minist\u00e8re de J\u00e9sus sommes-nous\u00a0?<\/span><\/span><\/li>\n<li><span style=\"color: #000000;\"><span style=\"font-size: medium;\">Qu\u2019est ce qui s\u2019est pass\u00e9 avant notre passage\u00a0?<\/span><\/span><\/li>\n<\/ul>\n<p>&nbsp;<\/p>\n<h3><span style=\"color: #000000;\"><span style=\"font-size: large;\"><b>OBSERVATION-INTERPRETATION<\/b><\/span><\/span><\/h3>\n<ul>\n<li><span style=\"color: #000000;\"><span style=\"font-size: medium;\">Quels sont les personnages en pr\u00e9sence\u00a0?<\/span><\/span><\/li>\n<\/ul>\n<ul>\n<li><span style=\"color: #000000;\"><span style=\"font-size: medium;\">S\u00e9parer le passage en parties\u00a0:<\/span><\/span><\/li>\n<\/ul>\n<h4><span style=\"color: #000000;\"><span style=\"font-size: medium;\"><b>v.17-20\u00a0:<\/b><\/span><\/span><\/h4>\n<ul>\n<li><span style=\"color: #000000;\"><span style=\"font-size: medium;\">Pourquoi y-a-t-il tant de hauts religieux juifs pour \u00e9couter J\u00e9sus\u00a0? (voire les versets pr\u00e9c\u00e9dents)<\/span><\/span><\/li>\n<li><span style=\"color: #000000;\"><span style=\"font-size: medium;\">Un seul individu aurait-il pu porter le paralytique seul\u00a0?<\/span><\/span><\/li>\n<li><span style=\"color: #000000;\"><span style=\"font-size: medium;\">Combien de personnes au minimum faut-il pour porter un homme sur un brancard\u00a0?<\/span><\/span><\/li>\n<li><span style=\"color: #000000;\"><span style=\"font-size: medium;\">D\u2019apr\u00e8s vous, combien \u00e9taient-ils\u00a0? (voire Marc 2.3)<\/span><\/span><\/li>\n<li><span style=\"color: #000000;\"><span style=\"font-size: medium;\">Dessiner une maison juive de l\u2019\u00e9poque. Dessiner (succinctement) le p\u00e9riple de ces hommes. (maison avec toit en terrasse et un escalier pour y acc\u00e9der)<\/span><\/span><\/li>\n<li><span style=\"color: #000000;\"><span style=\"font-size: medium;\">Qu\u2019est ce que les amis du paralytique ont en commun qui les pousse \u00e0 braver tous les obstacles\u00a0? (Amour pour l\u2019ami et Foi en J\u00e9sus)<\/span><\/span><\/li>\n<li><span style=\"color: #000000;\"><span style=\"font-size: medium;\">D\u2019apr\u00e8s vous, combien de temps a dur\u00e9 la descente du paralytique (v.19)\u00a0? Imaginez la r\u00e9action des diff\u00e9rentes parties en pr\u00e9sence.<\/span><\/span><\/li>\n<li><span style=\"color: #000000;\"><span style=\"font-size: medium;\">Pourquoi les paroles de J\u00e9sus au verset 20 ont-elles pu d\u00e9cevoir\u00a0les amis du paralytique ?<\/span><\/span><\/li>\n<li><span style=\"color: #000000;\"><span style=\"font-size: medium;\">Gr\u00e2ce \u00e0 quoi le paralytique est-il pardonn\u00e9\u00a0?<\/span><\/span><\/li>\n<\/ul>\n<p>&nbsp;<\/p>\n<h4><span style=\"color: #000000;\"><span style=\"font-size: medium;\"><b>v.21-24\u00a0:<\/b><\/span><\/span><\/h4>\n<ul>\n<li><span style=\"color: #000000;\"><span style=\"font-size: medium;\">En quoi la r\u00e9action des religieux est-elle en contraste avec celle des amis\u00a0?<\/span><\/span><\/li>\n<li><span style=\"color: #000000;\"><span style=\"font-size: medium;\">Ont-ils d\u00e9j\u00e0 eu l\u2019occasion d\u2019\u00e9couter J\u00e9sus\u00a0?<\/span><\/span><\/li>\n<li><span style=\"color: #000000;\"><span style=\"font-size: medium;\">J\u00e9sus a-t-il d\u00e9j\u00e0 fait une telle d\u00e9claration\u00a0?<\/span><\/span><\/li>\n<li><span style=\"color: #000000;\"><span style=\"font-size: medium;\">J\u00e9sus gu\u00e9rit-il \u00e0 cause de la Foi des amis ou pour d\u00e9montrer qu\u2019il peut pardonner les p\u00e9ch\u00e9s\u00a0?<\/span><\/span><\/li>\n<li><span style=\"color: #000000;\"><span style=\"font-size: medium;\">Comment comprendre le verset 23\u00a0?<\/span><\/span><\/li>\n<li><span style=\"color: #000000;\"><span style=\"font-size: medium;\">Est-il plus important d\u2019\u00eatre gu\u00e9ri ou d\u2019\u00eatre pardonn\u00e9\u00a0?<\/span><\/span><\/li>\n<li><span style=\"color: #000000;\"><span style=\"font-size: medium;\">Y a-t-il ici un rapport entre la gu\u00e9rison et le pardon des p\u00e9ch\u00e9s\u00a0? (Lc 13.1-5)<\/span><\/span><\/li>\n<\/ul>\n<p>&nbsp;<\/p>\n<h4><span style=\"color: #000000;\"><span style=\"font-size: medium;\"><b>v.25-26\u00a0:<\/b><\/span><\/span><\/h4>\n<ul>\n<li><span style=\"color: #000000;\"><span style=\"font-size: medium;\">Comment se fait-il que le paralytique est sorti si facilement de la maison, une civi\u00e8re dans ses bras, sans emprunter la voie des airs\u00a0?<\/span><\/span><\/li>\n<li><span style=\"color: #000000;\"><span style=\"font-size: medium;\">Quelle r\u00e9action imm\u00e9diate l\u2019ex paralytique a pour la premi\u00e8re fois\u00a0? (une attitude de Foi)<\/span><\/span><\/li>\n<li><span style=\"color: #000000;\"><span style=\"font-size: medium;\">Quelle est maintenant la r\u00e9action des religieux\u00a0?<\/span><\/span><\/li>\n<li><span style=\"color: #000000;\"><span style=\"font-size: medium;\">Les religieux et la foule ont-ils compris cet \u00e9v\u00e9nement\u00a0?<\/span><\/span><\/li>\n<\/ul>\n<p>&nbsp;<\/p>\n<h3><span style=\"color: #000000;\"><span style=\"font-size: large;\"><b>MISE EN PRATIQUE<\/b><\/span><\/span><\/h3>\n<ul>\n<li><span style=\"color: #000000;\"><span style=\"font-size: medium;\">En voyant l\u2019attitude des amis du paralytique, de J\u00e9sus et des religieux, donnez une d\u00e9finition de l\u2019Amour. (ce qu\u2019il est, ce qu\u2019il n\u2019est pas, ce qu\u2019il devrait \u00eatre)\u00a0<\/span><\/span><\/li>\n<li><span style=\"color: #000000;\"><span style=\"font-size: medium;\">De quelles infirmit\u00e9s J\u00e9sus pourrait-il gu\u00e9rir les hommes d\u2019aujourd\u2019hui\u00a0?( 1Pierre 2.24)<\/span><\/span><\/li>\n<li><span style=\"color: #000000;\"><span style=\"font-size: medium;\">Pourquoi est-il toujours aussi important \u00e0 l\u2019Homme d\u2019\u00eatre pardonn\u00e9 par Dieu\u00a0?<\/span><\/span><\/li>\n<li><span style=\"color: #000000;\"><span style=\"font-size: medium;\">Comment amener les \u00ab\u00a0paralytiques spirituels\u00a0\u00bb \u00e0 J\u00e9sus\u00a0?<\/span><\/span><\/li>\n<li><span style=\"color: #000000;\"><span style=\"font-size: medium;\">A quelle foule\u2026de probl\u00e8mes devons-nous faire face\u00a0pour amener ces paralytiques au pied de J\u00e9sus\u00a0?<\/span><\/span><\/li>\n<li><span style=\"color: #000000;\"><span style=\"font-size: medium;\">En quoi la coop\u00e9ration de tous les courants chr\u00e9tiens est-elle indispensable\u00a0afin d\u2019amener le plus de gens \u00e0 J\u00e9sus ? Quels sont ses avantages, ses inconv\u00e9nients\u00a0?<\/span><\/span><\/li>\n<\/ul>\n","protected":false},"excerpt":{"rendered":"<p>Quand on est tr\u00e8s motiv\u00e9 pour une cause, on est pr\u00eat \u00e0 tout tenter. C&rsquo;est ce que vont fait 4 hommes pour que leur ami rencontre J\u00e9sus.<\/p>\n","protected":false},"author":3,"featured_media":2356,"comment_status":"open","ping_status":"closed","sticky":false,"template":"","format":"standard","meta":{"_acf_changed":false,"_eb_attr":"","advgb_blocks_editor_width":"","advgb_blocks_columns_visual_guide":"","footnotes":""},"categories":[10],"tags":[651,814,660,22,815,23],"video":[],"audio":[],"ecrit":[],"mis-en-avant":[],"redacteur":[],"type-darticle":[],"class_list":["post-1007","post","type-post","status-publish","format-standard","has-post-thumbnail","hentry","category-discussions-autour-de-la-bible","tag-ecrit","tag-guerison","tag-jesus-le-fils","tag-luc","tag-miracles","tag-nouveau-testament"],"blocksy_meta":[],"acf":[],"featured_image_src":"https:\/\/www.creusonslabible.fr\/wp-content\/uploads\/2012\/07\/handicape-1.jpg","author_info":{"display_name":"Yoh","author_link":"https:\/\/www.creusonslabible.fr\/?author=3"},"author_meta":{"display_name":"Yoh","author_link":"https:\/\/www.creusonslabible.fr\/?author=3"},"featured_img":"https:\/\/www.creusonslabible.fr\/wp-content\/uploads\/2012\/07\/handicape-1.jpg","coauthors":[],"tax_additional":{"categories":{"linked":["<a href=\"https:\/\/www.creusonslabible.fr\/?cat=10\" class=\"advgb-post-tax-term\">Discussions autour de la Bible<\/a>"],"unlinked":["<span class=\"advgb-post-tax-term\">Discussions autour de la Bible<\/span>"]},"tags":{"linked":["<a href=\"https:\/\/www.creusonslabible.fr\/?cat=10\" class=\"advgb-post-tax-term\">\u00e9crit<\/a>","<a href=\"https:\/\/www.creusonslabible.fr\/?cat=10\" class=\"advgb-post-tax-term\">gu\u00e9rison<\/a>","<a href=\"https:\/\/www.creusonslabible.fr\/?cat=10\" class=\"advgb-post-tax-term\">J\u00e9sus le Fils<\/a>","<a href=\"https:\/\/www.creusonslabible.fr\/?cat=10\" class=\"advgb-post-tax-term\">Luc<\/a>","<a href=\"https:\/\/www.creusonslabible.fr\/?cat=10\" class=\"advgb-post-tax-term\">Miracles<\/a>","<a href=\"https:\/\/www.creusonslabible.fr\/?cat=10\" class=\"advgb-post-tax-term\">Nouveau-Testament<\/a>"],"unlinked":["<span class=\"advgb-post-tax-term\">\u00e9crit<\/span>","<span class=\"advgb-post-tax-term\">gu\u00e9rison<\/span>","<span class=\"advgb-post-tax-term\">J\u00e9sus le Fils<\/span>","<span class=\"advgb-post-tax-term\">Luc<\/span>","<span class=\"advgb-post-tax-term\">Miracles<\/span>","<span class=\"advgb-post-tax-term\">Nouveau-Testament<\/span>"]}},"comment_count":"0","relative_dates":{"created":"Publi\u00e9 13 ans il y a","modified":"Mis \u00e0 jour 1 an il y a"},"absolute_dates":{"created":"Publi\u00e9 le 13 d\u00e9cembre 2012","modified":"Mise \u00e0 jour le 24 janvier 2025"},"absolute_dates_time":{"created":"Publi\u00e9 le 13 d\u00e9cembre 2012 9h58","modified":"Mise \u00e0 jour le 24 janvier 2025 11h28"},"featured_img_caption":"","series_order":"","meta_box":[],"_links":{"self":[{"href":"https:\/\/www.creusonslabible.fr\/index.php?rest_route=\/wp\/v2\/posts\/1007","targetHints":{"allow":["GET"]}}],"collection":[{"href":"https:\/\/www.creusonslabible.fr\/index.php?rest_route=\/wp\/v2\/posts"}],"about":[{"href":"https:\/\/www.creusonslabible.fr\/index.php?rest_route=\/wp\/v2\/types\/post"}],"author":[{"embeddable":true,"href":"https:\/\/www.creusonslabible.fr\/index.php?rest_route=\/wp\/v2\/users\/3"}],"replies":[{"embeddable":true,"href":"https:\/\/www.creusonslabible.fr\/index.php?rest_route=%2Fwp%2Fv2%2Fcomments&post=1007"}],"version-history":[{"count":1,"href":"https:\/\/www.creusonslabible.fr\/index.php?rest_route=\/wp\/v2\/posts\/1007\/revisions"}],"predecessor-version":[{"id":10932,"href":"https:\/\/www.creusonslabible.fr\/index.php?rest_route=\/wp\/v2\/posts\/1007\/revisions\/10932"}],"wp:featuredmedia":[{"embeddable":true,"href":"https:\/\/www.creusonslabible.fr\/index.php?rest_route=\/wp\/v2\/media\/2356"}],"wp:attachment":[{"href":"https:\/\/www.creusonslabible.fr\/index.php?rest_route=%2Fwp%2Fv2%2Fmedia&parent=1007"}],"wp:term":[{"taxonomy":"category","embeddable":true,"href":"https:\/\/www.creusonslabible.fr\/index.php?rest_route=%2Fwp%2Fv2%2Fcategories&post=1007"},{"taxonomy":"post_tag","embeddable":true,"href":"https:\/\/www.creusonslabible.fr\/index.php?rest_route=%2Fwp%2Fv2%2Ftags&post=1007"},{"taxonomy":"video","embeddable":true,"href":"https:\/\/www.creusonslabible.fr\/index.php?rest_route=%2Fwp%2Fv2%2Fvideo&post=1007"},{"taxonomy":"audio","embeddable":true,"href":"https:\/\/www.creusonslabible.fr\/index.php?rest_route=%2Fwp%2Fv2%2Faudio&post=1007"},{"taxonomy":"ecrit","embeddable":true,"href":"https:\/\/www.creusonslabible.fr\/index.php?rest_route=%2Fwp%2Fv2%2Fecrit&post=1007"},{"taxonomy":"mis-en-avant","embeddable":true,"href":"https:\/\/www.creusonslabible.fr\/index.php?rest_route=%2Fwp%2Fv2%2Fmis-en-avant&post=1007"},{"taxonomy":"redacteur","embeddable":true,"href":"https:\/\/www.creusonslabible.fr\/index.php?rest_route=%2Fwp%2Fv2%2Fredacteur&post=1007"},{"taxonomy":"type-darticle","embeddable":true,"href":"https:\/\/www.creusonslabible.fr\/index.php?rest_route=%2Fwp%2Fv2%2Ftype-darticle&post=1007"}],"curies":[{"name":"wp","href":"https:\/\/api.w.org\/{rel}","templated":true}]}}