{"id":1010,"date":"2012-12-13T10:03:53","date_gmt":"2012-12-13T10:03:53","guid":{"rendered":"http:\/\/elearning.gbu.fr\/?p=1010"},"modified":"2025-01-24T11:28:16","modified_gmt":"2025-01-24T09:28:16","slug":"luc-11-5-13-lami-importun","status":"publish","type":"post","link":"https:\/\/www.creusonslabible.fr\/?p=1010","title":{"rendered":"Luc 11.5-13 &#8211; L&rsquo;ami importun"},"content":{"rendered":"<p>Comme la plupart des autres paraboles, celle de l\u2019ami importun est dite dans un contexte bien pr\u00e9cis\u00a0: J\u00e9sus vient juste d\u2019apprendre \u00e0 ses disciples comment prier. Il est totalement naturel que le \u00ab\u00a0notre P\u00e8re\u00a0\u00bb soit suivi d\u2019un enseignement qui a pour sujet la r\u00e9ponse \u00e0 cette pri\u00e8re. Un sujet qui est donc capital pour la vie de tout chr\u00e9tien ou de toute personne qui aspire \u00e0 l\u2019\u00eatre.<\/p>\n<h3><\/h3>\n<h3>OBSERVATION-INTERPR\u00c9TATION<\/h3>\n<h4><\/h4>\n<p>&nbsp;<\/p>\n<h4><strong><span style=\"text-decoration: underline;\">Parabole en elle-m\u00eame<\/span>\u00a0:<\/strong><\/h4>\n<ul>\n<li>Comment J\u00e9sus s\u2019y prend-il pour que ses auditeurs se sentent concern\u00e9s par la parabole\u00a0?<\/li>\n<\/ul>\n<ul>\n<li>Pensez-vous que l\u2019ami a du culot d\u2019aller r\u00e9veiller son voisin\u00a0? Pourquoi ?<\/li>\n<li>Pensez-vous que la r\u00e9action du voisin est normale\u00a0? Pourquoi ?<\/li>\n<li>Quelle qualit\u00e9 J\u00e9sus veut-il encourager ici ?<\/li>\n<\/ul>\n<ul>\n<li>Le besoin de l\u2019homme est-il authentique ou superflue\u00a0?<\/li>\n<li>Sa demande est-elle \u00e9go\u00efste\u00a0?<\/li>\n<li>A-t-il un autre choix que d\u2019aller r\u00e9veiller son ami\u00a0?<\/li>\n<li>Comment doit-on s&rsquo;identifier \u00e0 l\u2019homme de la parabole ? Quelle est sa le\u00e7on ?<\/li>\n<li>Quelle diff\u00e9rence y a-t-il entre pers\u00e9v\u00e9rer dans la pri\u00e8re et harceler Dieu pour le forcer \u00e0 nous exaucer ?<\/li>\n<li>Quelle analogie peut-on faire entre cette parabole et la relation de Dieu avec son peuple\u00a0?<\/li>\n<\/ul>\n<p>&nbsp;<\/p>\n<h4><span style=\"text-decoration: underline;\">Commentaire de J\u00e9sus<\/span>\u00a0:<\/h4>\n<ul>\n<li>Remarquez le temps des verbes du v.9. Qu\u2019est ce que \u00e7a veut dire\u00a0? Ce verset est-il un ordre ou une promesse\u00a0?<\/li>\n<li>Quelle est la diff\u00e9rence entre les \u00e9tapes \u00ab\u00a0demander\u00a0\u00bb, \u00ab\u00a0chercher\u00a0\u00bb et \u00ab\u00a0frapper\u00a0\u00bb ?<\/li>\n<li>De quelle demande J\u00e9sus parle-t-il dans ce petit commentaire ? Que donne Dieu en r\u00e9ponse \u00e0 cette demande ? Comparez avec Apocalypse 3.20.<\/li>\n<\/ul>\n<h3 align=\"LEFT\"><\/h3>\n<h3>MISE EN PRATIQUE<\/h3>\n<ul>\n<li>Que dire aux gens qui ne croient pas en Dieu parce que \u00ab\u00a0leur pri\u00e8re n\u2019a pas march\u00e9\u00a0\u00bb\u00a0? Que devraient-ils d&rsquo;abord faire d&rsquo;apr\u00e8s notre parabole ?<\/li>\n<li>Si vous deviez faire un classement des pri\u00e8res \u2013 de la plus superficielle \u00e0 la plus essentielle \u2013 quel serait-il ?<\/li>\n<li>Vous est-il arriv\u00e9 d\u2019avoir pers\u00e9v\u00e9r\u00e9 dans la pri\u00e8re pour avoir une r\u00e9ponse\u2026 tardive ou pas ou pas de r\u00e9ponse du tout\u00a0? Pourquoi d&rsquo;apr\u00e8s-vous ?<\/li>\n<\/ul>\n<p>&nbsp;<\/p>\n<p>&nbsp;<\/p>\n","protected":false},"excerpt":{"rendered":"<p>Comme la plupart des autres paraboles, celle de l\u2019ami importun est dite dans un contexte bien pr\u00e9cis\u00a0: J\u00e9sus vient juste d\u2019apprendre \u00e0 ses disciples comment prier. Il est totalement naturel que le \u00ab\u00a0notre P\u00e8re\u00a0\u00bb soit suivi d\u2019un enseignement qui a pour sujet la r\u00e9ponse \u00e0 cette pri\u00e8re. Un sujet qui est donc capital pour la [&hellip;]<\/p>\n","protected":false},"author":3,"featured_media":0,"comment_status":"open","ping_status":"closed","sticky":false,"template":"","format":"standard","meta":{"_acf_changed":false,"_eb_attr":"","advgb_blocks_editor_width":"","advgb_blocks_columns_visual_guide":"","footnotes":""},"categories":[10],"tags":[651,22,23,311,346],"video":[],"audio":[],"ecrit":[],"mis-en-avant":[],"redacteur":[],"type-darticle":[],"class_list":["post-1010","post","type-post","status-publish","format-standard","hentry","category-discussions-autour-de-la-bible","tag-ecrit","tag-luc","tag-nouveau-testament","tag-parabole","tag-priere"],"blocksy_meta":[],"acf":[],"featured_image_src":null,"author_info":{"display_name":"Yoh","author_link":"https:\/\/www.creusonslabible.fr\/?author=3"},"author_meta":{"display_name":"Yoh","author_link":"https:\/\/www.creusonslabible.fr\/?author=3"},"featured_img":null,"coauthors":[],"tax_additional":{"categories":{"linked":["<a href=\"https:\/\/www.creusonslabible.fr\/?cat=10\" class=\"advgb-post-tax-term\">Discussions autour de la Bible<\/a>"],"unlinked":["<span class=\"advgb-post-tax-term\">Discussions autour de la Bible<\/span>"]},"tags":{"linked":["<a href=\"https:\/\/www.creusonslabible.fr\/?cat=10\" class=\"advgb-post-tax-term\">\u00e9crit<\/a>","<a href=\"https:\/\/www.creusonslabible.fr\/?cat=10\" class=\"advgb-post-tax-term\">Luc<\/a>","<a href=\"https:\/\/www.creusonslabible.fr\/?cat=10\" class=\"advgb-post-tax-term\">Nouveau-Testament<\/a>","<a href=\"https:\/\/www.creusonslabible.fr\/?cat=10\" class=\"advgb-post-tax-term\">Parabole<\/a>","<a href=\"https:\/\/www.creusonslabible.fr\/?cat=10\" class=\"advgb-post-tax-term\">Pri\u00e8re<\/a>"],"unlinked":["<span class=\"advgb-post-tax-term\">\u00e9crit<\/span>","<span class=\"advgb-post-tax-term\">Luc<\/span>","<span class=\"advgb-post-tax-term\">Nouveau-Testament<\/span>","<span class=\"advgb-post-tax-term\">Parabole<\/span>","<span class=\"advgb-post-tax-term\">Pri\u00e8re<\/span>"]}},"comment_count":"0","relative_dates":{"created":"Publi\u00e9 13 ans il y a","modified":"Mis \u00e0 jour 1 an il y a"},"absolute_dates":{"created":"Publi\u00e9 le 13 d\u00e9cembre 2012","modified":"Mise \u00e0 jour le 24 janvier 2025"},"absolute_dates_time":{"created":"Publi\u00e9 le 13 d\u00e9cembre 2012 10h03","modified":"Mise \u00e0 jour le 24 janvier 2025 11h28"},"featured_img_caption":"","series_order":"","meta_box":[],"_links":{"self":[{"href":"https:\/\/www.creusonslabible.fr\/index.php?rest_route=\/wp\/v2\/posts\/1010","targetHints":{"allow":["GET"]}}],"collection":[{"href":"https:\/\/www.creusonslabible.fr\/index.php?rest_route=\/wp\/v2\/posts"}],"about":[{"href":"https:\/\/www.creusonslabible.fr\/index.php?rest_route=\/wp\/v2\/types\/post"}],"author":[{"embeddable":true,"href":"https:\/\/www.creusonslabible.fr\/index.php?rest_route=\/wp\/v2\/users\/3"}],"replies":[{"embeddable":true,"href":"https:\/\/www.creusonslabible.fr\/index.php?rest_route=%2Fwp%2Fv2%2Fcomments&post=1010"}],"version-history":[{"count":1,"href":"https:\/\/www.creusonslabible.fr\/index.php?rest_route=\/wp\/v2\/posts\/1010\/revisions"}],"predecessor-version":[{"id":10931,"href":"https:\/\/www.creusonslabible.fr\/index.php?rest_route=\/wp\/v2\/posts\/1010\/revisions\/10931"}],"wp:attachment":[{"href":"https:\/\/www.creusonslabible.fr\/index.php?rest_route=%2Fwp%2Fv2%2Fmedia&parent=1010"}],"wp:term":[{"taxonomy":"category","embeddable":true,"href":"https:\/\/www.creusonslabible.fr\/index.php?rest_route=%2Fwp%2Fv2%2Fcategories&post=1010"},{"taxonomy":"post_tag","embeddable":true,"href":"https:\/\/www.creusonslabible.fr\/index.php?rest_route=%2Fwp%2Fv2%2Ftags&post=1010"},{"taxonomy":"video","embeddable":true,"href":"https:\/\/www.creusonslabible.fr\/index.php?rest_route=%2Fwp%2Fv2%2Fvideo&post=1010"},{"taxonomy":"audio","embeddable":true,"href":"https:\/\/www.creusonslabible.fr\/index.php?rest_route=%2Fwp%2Fv2%2Faudio&post=1010"},{"taxonomy":"ecrit","embeddable":true,"href":"https:\/\/www.creusonslabible.fr\/index.php?rest_route=%2Fwp%2Fv2%2Fecrit&post=1010"},{"taxonomy":"mis-en-avant","embeddable":true,"href":"https:\/\/www.creusonslabible.fr\/index.php?rest_route=%2Fwp%2Fv2%2Fmis-en-avant&post=1010"},{"taxonomy":"redacteur","embeddable":true,"href":"https:\/\/www.creusonslabible.fr\/index.php?rest_route=%2Fwp%2Fv2%2Fredacteur&post=1010"},{"taxonomy":"type-darticle","embeddable":true,"href":"https:\/\/www.creusonslabible.fr\/index.php?rest_route=%2Fwp%2Fv2%2Ftype-darticle&post=1010"}],"curies":[{"name":"wp","href":"https:\/\/api.w.org\/{rel}","templated":true}]}}