{"id":1025,"date":"2012-12-13T10:24:25","date_gmt":"2012-12-13T10:24:25","guid":{"rendered":"http:\/\/elearning.gbu.fr\/?p=1025"},"modified":"2025-01-24T11:28:15","modified_gmt":"2025-01-24T09:28:15","slug":"luc-15-1-10-la-brebis-et-la-piece-perdues","status":"publish","type":"post","link":"https:\/\/www.creusonslabible.fr\/?p=1025","title":{"rendered":"Luc 15.1-10 &#8211; La brebis et la pi\u00e8ce perdues"},"content":{"rendered":"<p>Ces paraboles sont les premi\u00e8res des paraboles de la \u00ab\u00a0perdition\u00a0\u00bb pr\u00e9sentes dans tout le chapitre 15. En effet avec celle du retour du fils prodigue, elles racontent l&rsquo;histoire de quelque chose\/quelqu&rsquo;un de perdu. \u00c9tant tr\u00e8s proches au niveau du sens et du but, nous les traiterons ensemble. Elles sont simples mais il ne faut pas tomber dans le simplisme ou la recherche de la complexit\u00e9\u00a0!<\/p>\n<p>&nbsp;<\/p>\n<h3><b>OBSERVATION-INTERPR\u00c9TATION<\/b><\/h3>\n<p>&nbsp;<\/p>\n<h4>La brebis perdue\u00a0:<\/h4>\n<ul>\n<li>A qui s\u2019adresse J\u00e9sus\u00a0? Pour quelle raison\u00a0?<\/li>\n<li>Qui est le berger\u00a0?<\/li>\n<li>J\u00e9sus d\u00e9crit quel moment de son minist\u00e8re ?<\/li>\n<li>Qui est repr\u00e9sent\u00e9 par la brebis perdue quand J\u00e9sus parle ?<\/li>\n<li>Imaginez l\u2019\u00e9tat de la brebis perdue\u2026 Comment va-t-elle\u00a0? Pourquoi\u00a0?<\/li>\n<li>Quand J\u00e9sus parle des 99 autres brebis (v.7), il il nous dit \u00ab\u00a0qu\u2019\u00a0elle n\u2019ont pas besoin de se repentir.\u00a0\u00bb Comparez avec Jn 9.39\u00a0; Lc 5.31\u00a0; Mat 9.13.<\/li>\n<li>Qui sont les 99 brebis\u00a0?<\/li>\n<li>Quelle est au bout de l\u2019histoire la grande diff\u00e9rence qui s\u00e9pare la brebis \u00e9gar\u00e9e des 99 autres\u00a0?<\/li>\n<li>Quelle est la grande diff\u00e9rence entre les \u00ab\u00a0p\u00e9cheurs notoires\u00a0\u00bb et les pharisiens\u00a0?<\/li>\n<\/ul>\n<h4>La pi\u00e8ce perdue\u00a0:<\/h4>\n<ul>\n<li>Sachant qu\u2019une drachme correspond au salaire journalier d\u2019un ouvrier, est ce important\u00a0?<\/li>\n<li>Que repr\u00e9sente la drachme\u00a0dans la totalit\u00e9 des biens financiers de la femme\u00a0?<\/li>\n<li>Quel est le point commun entre la femme et le berger que J\u00e9sus veut mettre en valeur\u00a0?<\/li>\n<\/ul>\n<h4>La joie dans le ciel\u00a0:<\/h4>\n<ul>\n<li>Imaginez-vous la sc\u00e8ne de liesse au ciel. Qui m\u00e8ne la f\u00eate\u00a0?<\/li>\n<li>D&rsquo;apr\u00e8s vous, les juifs avaient-ils cette vision du Ciel\u00a0? Aviez-vous cette vision ?<\/li>\n<\/ul>\n<p>&nbsp;<\/p>\n<h3><b>MISE EN PRATIQUE<\/b><\/h3>\n<p>&nbsp;<\/p>\n<ul>\n<li>Pourquoi tant de gens, \u00e0 la mani\u00e8re des 99 brebis (pharisiens) se sentent honn\u00eatement \u00ab\u00a0en r\u00e8gle\u00a0\u00bb avec Dieu alors qu\u2019en fait il n\u2019en est rien\u00a0?<\/li>\n<li>Pourquoi faut-il \u00eatre conscient d\u2019\u00eatre perdu pour \u00eatre sauv\u00e9\u00a0?<\/li>\n<li>Aujourd&rsquo;hui, quel type de personne a le plus de chances de prendre conscience qu&rsquo;il a besoin d&rsquo;\u00eatre sauv\u00e9 ?<\/li>\n<li>Est ce que notre joie devant une conversion approche celle qui a lieu au Ciel\u00a0?<\/li>\n<\/ul>\n<style class=\"advgb-styles-renderer\"><!--\n@page { margin: 2cm }\n\t\tP { margin-bottom: 0cm; text-align: justify }\n\t\tH1 { margin-top: 0cm; margin-bottom: 0cm }\n\t\tH1.western { font-family: \"Times New Roman\", serif; font-size: 12pt }\n\t\tH1.cjk { font-family: \"Arial\"; font-size: 12pt }\n\t\tH1.ctl { font-family: \"Tahoma\"; font-size: 12pt }\n--><\/style>\n","protected":false},"excerpt":{"rendered":"<p>Ces paraboles sont les premi\u00e8res des paraboles de la \u00ab\u00a0perdition\u00a0\u00bb pr\u00e9sentes dans tout le chapitre 15. En effet avec celle du retour du fils prodigue, elles racontent l&rsquo;histoire de quelque chose\/quelqu&rsquo;un de perdu. \u00c9tant tr\u00e8s proches au niveau du sens et du but, nous les traiterons ensemble. Elles sont simples mais il ne faut pas [&hellip;]<\/p>\n","protected":false},"author":3,"featured_media":2354,"comment_status":"open","ping_status":"closed","sticky":false,"template":"","format":"standard","meta":{"_acf_changed":false,"_eb_attr":"","advgb_blocks_editor_width":"","advgb_blocks_columns_visual_guide":"","footnotes":""},"categories":[10],"tags":[651,22,23,311],"video":[],"audio":[],"ecrit":[],"mis-en-avant":[],"redacteur":[],"type-darticle":[],"class_list":["post-1025","post","type-post","status-publish","format-standard","has-post-thumbnail","hentry","category-discussions-autour-de-la-bible","tag-ecrit","tag-luc","tag-nouveau-testament","tag-parabole"],"blocksy_meta":[],"acf":[],"featured_image_src":"https:\/\/www.creusonslabible.fr\/wp-content\/uploads\/2012\/12\/brebieperdue-1.jpg","author_info":{"display_name":"Yoh","author_link":"https:\/\/www.creusonslabible.fr\/?author=3"},"author_meta":{"display_name":"Yoh","author_link":"https:\/\/www.creusonslabible.fr\/?author=3"},"featured_img":"https:\/\/www.creusonslabible.fr\/wp-content\/uploads\/2012\/12\/brebieperdue-1.jpg","coauthors":[],"tax_additional":{"categories":{"linked":["<a href=\"https:\/\/www.creusonslabible.fr\/?cat=10\" class=\"advgb-post-tax-term\">Discussions autour de la Bible<\/a>"],"unlinked":["<span class=\"advgb-post-tax-term\">Discussions autour de la Bible<\/span>"]},"tags":{"linked":["<a href=\"https:\/\/www.creusonslabible.fr\/?cat=10\" class=\"advgb-post-tax-term\">\u00e9crit<\/a>","<a href=\"https:\/\/www.creusonslabible.fr\/?cat=10\" class=\"advgb-post-tax-term\">Luc<\/a>","<a href=\"https:\/\/www.creusonslabible.fr\/?cat=10\" class=\"advgb-post-tax-term\">Nouveau-Testament<\/a>","<a href=\"https:\/\/www.creusonslabible.fr\/?cat=10\" class=\"advgb-post-tax-term\">Parabole<\/a>"],"unlinked":["<span class=\"advgb-post-tax-term\">\u00e9crit<\/span>","<span class=\"advgb-post-tax-term\">Luc<\/span>","<span class=\"advgb-post-tax-term\">Nouveau-Testament<\/span>","<span class=\"advgb-post-tax-term\">Parabole<\/span>"]}},"comment_count":"0","relative_dates":{"created":"Publi\u00e9 13 ans il y a","modified":"Mis \u00e0 jour 1 an il y a"},"absolute_dates":{"created":"Publi\u00e9 le 13 d\u00e9cembre 2012","modified":"Mise \u00e0 jour le 24 janvier 2025"},"absolute_dates_time":{"created":"Publi\u00e9 le 13 d\u00e9cembre 2012 10h24","modified":"Mise \u00e0 jour le 24 janvier 2025 11h28"},"featured_img_caption":"","series_order":"","meta_box":[],"_links":{"self":[{"href":"https:\/\/www.creusonslabible.fr\/index.php?rest_route=\/wp\/v2\/posts\/1025","targetHints":{"allow":["GET"]}}],"collection":[{"href":"https:\/\/www.creusonslabible.fr\/index.php?rest_route=\/wp\/v2\/posts"}],"about":[{"href":"https:\/\/www.creusonslabible.fr\/index.php?rest_route=\/wp\/v2\/types\/post"}],"author":[{"embeddable":true,"href":"https:\/\/www.creusonslabible.fr\/index.php?rest_route=\/wp\/v2\/users\/3"}],"replies":[{"embeddable":true,"href":"https:\/\/www.creusonslabible.fr\/index.php?rest_route=%2Fwp%2Fv2%2Fcomments&post=1025"}],"version-history":[{"count":1,"href":"https:\/\/www.creusonslabible.fr\/index.php?rest_route=\/wp\/v2\/posts\/1025\/revisions"}],"predecessor-version":[{"id":10929,"href":"https:\/\/www.creusonslabible.fr\/index.php?rest_route=\/wp\/v2\/posts\/1025\/revisions\/10929"}],"wp:featuredmedia":[{"embeddable":true,"href":"https:\/\/www.creusonslabible.fr\/index.php?rest_route=\/wp\/v2\/media\/2354"}],"wp:attachment":[{"href":"https:\/\/www.creusonslabible.fr\/index.php?rest_route=%2Fwp%2Fv2%2Fmedia&parent=1025"}],"wp:term":[{"taxonomy":"category","embeddable":true,"href":"https:\/\/www.creusonslabible.fr\/index.php?rest_route=%2Fwp%2Fv2%2Fcategories&post=1025"},{"taxonomy":"post_tag","embeddable":true,"href":"https:\/\/www.creusonslabible.fr\/index.php?rest_route=%2Fwp%2Fv2%2Ftags&post=1025"},{"taxonomy":"video","embeddable":true,"href":"https:\/\/www.creusonslabible.fr\/index.php?rest_route=%2Fwp%2Fv2%2Fvideo&post=1025"},{"taxonomy":"audio","embeddable":true,"href":"https:\/\/www.creusonslabible.fr\/index.php?rest_route=%2Fwp%2Fv2%2Faudio&post=1025"},{"taxonomy":"ecrit","embeddable":true,"href":"https:\/\/www.creusonslabible.fr\/index.php?rest_route=%2Fwp%2Fv2%2Fecrit&post=1025"},{"taxonomy":"mis-en-avant","embeddable":true,"href":"https:\/\/www.creusonslabible.fr\/index.php?rest_route=%2Fwp%2Fv2%2Fmis-en-avant&post=1025"},{"taxonomy":"redacteur","embeddable":true,"href":"https:\/\/www.creusonslabible.fr\/index.php?rest_route=%2Fwp%2Fv2%2Fredacteur&post=1025"},{"taxonomy":"type-darticle","embeddable":true,"href":"https:\/\/www.creusonslabible.fr\/index.php?rest_route=%2Fwp%2Fv2%2Ftype-darticle&post=1025"}],"curies":[{"name":"wp","href":"https:\/\/api.w.org\/{rel}","templated":true}]}}