{"id":1094,"date":"2012-12-13T23:19:50","date_gmt":"2012-12-13T23:19:50","guid":{"rendered":"http:\/\/elearning.gbu.fr\/?p=1094"},"modified":"2025-01-24T11:28:14","modified_gmt":"2025-01-24T09:28:14","slug":"matthieu-13-1-9-18-23-le-semeur","status":"publish","type":"post","link":"https:\/\/www.creusonslabible.fr\/?p=1094","title":{"rendered":"Matthieu 13.1-9 et 18-23 &#8211; Le semeur"},"content":{"rendered":"<p>Voici l\u2019une des paraboles de J\u00e9sus les plus connues avec celle du fils prodigue et de la brebis \u00e9gar\u00e9e. Elle tr\u00e8s importante car c\u2019est la premi\u00e8re parabole que J\u00e9sus prononce mais surtout parce que c\u2019est l\u2019une des deux seules dont Il donne une interpr\u00e9tation. La parabole du semeur a donc l\u2019avantage d\u2019\u00eatre ais\u00e9ment compr\u00e9hensible mais surtout de nous fournir un <b>mod\u00e8le d\u2019approche pour les autres paraboles de J\u00e9sus.<\/b><\/p>\n<p>&nbsp;<\/p>\n<h3>OBSERVATION-INTERPR\u00c9TATION<\/h3>\n<ul>\n<li>Qui est le semeur\u00a0?<\/li>\n<li>Qu\u2019est ce que la semence\u00a0? Comparez avec Luc 8.11<\/li>\n<li>Que repr\u00e9sente le sol en g\u00e9n\u00e9ral\u00a0?<\/li>\n<li>Combien y a-t-il de mauvais sols\u00a0?<\/li>\n<li>Combien y a-t-il de bons sols\u00a0? (bien regarder)<\/li>\n<\/ul>\n<ol>\n<li><strong>Le long du chemin\u00a0:<\/strong><\/li>\n<\/ol>\n<ul>\n<li>Qu\u2019est ce qui fait que le c\u0153ur des auditeurs de la Parole restent durs comme les petits chemins qui s\u00e9paraient les champs de Palestine\u00a0? L\u2019Incompr\u00e9hension r\u00e9side-t-elle dans le sens des mots, concepts ou bien dans un manque d\u2019int\u00e9r\u00eat\u00a0?<\/li>\n<li>En fait, d\u2019o\u00f9 vient cet endurcissement\u00a0? Comparez avec \u00c9ph\u00e9siens 6.12<\/li>\n<\/ul>\n<p>&nbsp;<\/p>\n<ol start=\"2\">\n<li><strong>Les endroits pierreux\u00a0:<\/strong><\/li>\n<\/ol>\n<ul>\n<li>\u00c0 quoi servent les racines d\u2019une plante\u00a0? Que font-elles quand la plante a chaud\u00a0?<\/li>\n<li>J\u00e9sus condamne-t-il une trop rapide croissance d\u2019un \u00ab\u00a0nouveau converti\u00a0\u00bb\u00a0?<\/li>\n<li>Quelles sont les difficult\u00e9s auxquelles tout croyant est confront\u00e9\u00a0?<\/li>\n<li>Quelles sont ces racines dont l\u2019inconstant a manqu\u00e9 pour atteindre l\u2019eau (vive\u00a0!) ?<\/li>\n<\/ul>\n<p>&nbsp;<\/p>\n<ol start=\"3\">\n<li><strong>Parmi les \u00e9pines\u00a0:<\/strong><\/li>\n<\/ol>\n<ul>\n<li>Quelles sont ces ronces de l\u2019\u00e2me\u00a0? Comparez avec Luc 8.14 et Marc 4.9.<\/li>\n<li>En quoi sont-elles dangereuses\u00a0?<\/li>\n<\/ul>\n<p>&nbsp;<\/p>\n<p>Dans les trois cas, quelle cons\u00e9quence\u00a0?<\/p>\n<p>Pourquoi le semeur ne s\u00e8me-t-il pas QUE dans la bonne terre ?<\/p>\n<p>&nbsp;<\/p>\n<ul>\n<li>La terre est-elle bonne naturellement ou a-t-elle eu besoin de l\u2019entretient du fermier\u00a0?<\/li>\n<li>Qui est ce fermier qui pr\u00e9pare le c\u0153ur \u00e0 la bonne r\u00e9ception de l&rsquo;\u00c9vangile\u00a0? (soyons pr\u00e9cis\u00a0!)<\/li>\n<li>Un m\u00eame c\u0153ur peut-il passer par toutes les \u00e9tapes\u00a0? (mauvaises et bonne terre)<\/li>\n<li>Quel est ce verbe qui fait toute la diff\u00e9rence entre l\u2019auditeur-chemin et l\u2019auditeur-bonne terre\u00a0?<\/li>\n<li>Quels sont les fruits que produit l\u2019auditeur de la bonne terre\u00a0? \u00c9ph\u00e9siens 5.9-10\u00a0; Galates 5.22<\/li>\n<li>Quand il parle des diff\u00e9rents degr\u00e9s de fertilit\u00e9, J\u00e9sus est-il toujours dans le domaine de l\u2019ensemencement\u00a0? Parle-t-il toujours de conversion\u00a0?<\/li>\n<li>Dit-il pourquoi il y a diff\u00e9rents degr\u00e9s\u00a0? D\u2019apr\u00e8s vous pourquoi\u00a0?<\/li>\n<li>Condamne-t-il celui qui produit moins\u00a0?<\/li>\n<\/ul>\n<p>&nbsp;<\/p>\n<p><b>APPLICATION<\/b><\/p>\n<ul>\n<li>Peut-on passer de l\u2019\u00e9tat de \u00ab\u00a0bonne terre\u00a0\u00bb \u00e0 celui de mauvaise\u00a0?<\/li>\n<li>Nous sommes aussi appel\u00e9s \u00e0 \u00eatre des semeurs\u00a0! Avez-vous tendances \u00e0 semer g\u00e9n\u00e9reusement comme dans la parabole ou s\u00e9lectionnez-vous \u00ab\u00a0prudemment\u00a0\u00bb le sol\u00a0?<\/li>\n<li>Vous est-il arriv\u00e9 de vous tromper quant \u00e0 la nature du sol auquel vous aviez \u00e0 faire\u00a0?<\/li>\n<\/ul>\n<p>&nbsp;<\/p>\n<p>&nbsp;<\/p>\n","protected":false},"excerpt":{"rendered":"<p>Voici l\u2019une des paraboles de J\u00e9sus les plus connues avec celle du fils prodigue et de la brebis \u00e9gar\u00e9e. Elle tr\u00e8s importante car c\u2019est la premi\u00e8re parabole que J\u00e9sus prononce mais surtout parce que c\u2019est l\u2019une des deux seules dont Il donne une interpr\u00e9tation. La parabole du semeur a donc l\u2019avantage d\u2019\u00eatre ais\u00e9ment compr\u00e9hensible mais [&hellip;]<\/p>\n","protected":false},"author":3,"featured_media":1980,"comment_status":"open","ping_status":"closed","sticky":false,"template":"","format":"standard","meta":{"_acf_changed":false,"_eb_attr":"","advgb_blocks_editor_width":"","advgb_blocks_columns_visual_guide":"","footnotes":""},"categories":[10],"tags":[651,408,23,311],"video":[],"audio":[],"ecrit":[],"mis-en-avant":[],"redacteur":[],"type-darticle":[],"class_list":["post-1094","post","type-post","status-publish","format-standard","has-post-thumbnail","hentry","category-discussions-autour-de-la-bible","tag-ecrit","tag-matthieu","tag-nouveau-testament","tag-parabole"],"blocksy_meta":[],"acf":[],"featured_image_src":"https:\/\/www.creusonslabible.fr\/wp-content\/uploads\/2012\/12\/Marc13-1.jpg","author_info":{"display_name":"Yoh","author_link":"https:\/\/www.creusonslabible.fr\/?author=3"},"author_meta":{"display_name":"Yoh","author_link":"https:\/\/www.creusonslabible.fr\/?author=3"},"featured_img":"https:\/\/www.creusonslabible.fr\/wp-content\/uploads\/2012\/12\/Marc13-1.jpg","coauthors":[],"tax_additional":{"categories":{"linked":["<a href=\"https:\/\/www.creusonslabible.fr\/?cat=10\" class=\"advgb-post-tax-term\">Discussions autour de la Bible<\/a>"],"unlinked":["<span class=\"advgb-post-tax-term\">Discussions autour de la Bible<\/span>"]},"tags":{"linked":["<a href=\"https:\/\/www.creusonslabible.fr\/?cat=10\" class=\"advgb-post-tax-term\">\u00e9crit<\/a>","<a href=\"https:\/\/www.creusonslabible.fr\/?cat=10\" class=\"advgb-post-tax-term\">Matthieu<\/a>","<a href=\"https:\/\/www.creusonslabible.fr\/?cat=10\" class=\"advgb-post-tax-term\">Nouveau-Testament<\/a>","<a href=\"https:\/\/www.creusonslabible.fr\/?cat=10\" class=\"advgb-post-tax-term\">Parabole<\/a>"],"unlinked":["<span class=\"advgb-post-tax-term\">\u00e9crit<\/span>","<span class=\"advgb-post-tax-term\">Matthieu<\/span>","<span class=\"advgb-post-tax-term\">Nouveau-Testament<\/span>","<span class=\"advgb-post-tax-term\">Parabole<\/span>"]}},"comment_count":"1","relative_dates":{"created":"Publi\u00e9 13 ans il y a","modified":"Mis \u00e0 jour 1 an il y a"},"absolute_dates":{"created":"Publi\u00e9 le 13 d\u00e9cembre 2012","modified":"Mise \u00e0 jour le 24 janvier 2025"},"absolute_dates_time":{"created":"Publi\u00e9 le 13 d\u00e9cembre 2012 23h19","modified":"Mise \u00e0 jour le 24 janvier 2025 11h28"},"featured_img_caption":"","series_order":"","meta_box":[],"_links":{"self":[{"href":"https:\/\/www.creusonslabible.fr\/index.php?rest_route=\/wp\/v2\/posts\/1094","targetHints":{"allow":["GET"]}}],"collection":[{"href":"https:\/\/www.creusonslabible.fr\/index.php?rest_route=\/wp\/v2\/posts"}],"about":[{"href":"https:\/\/www.creusonslabible.fr\/index.php?rest_route=\/wp\/v2\/types\/post"}],"author":[{"embeddable":true,"href":"https:\/\/www.creusonslabible.fr\/index.php?rest_route=\/wp\/v2\/users\/3"}],"replies":[{"embeddable":true,"href":"https:\/\/www.creusonslabible.fr\/index.php?rest_route=%2Fwp%2Fv2%2Fcomments&post=1094"}],"version-history":[{"count":1,"href":"https:\/\/www.creusonslabible.fr\/index.php?rest_route=\/wp\/v2\/posts\/1094\/revisions"}],"predecessor-version":[{"id":10922,"href":"https:\/\/www.creusonslabible.fr\/index.php?rest_route=\/wp\/v2\/posts\/1094\/revisions\/10922"}],"wp:featuredmedia":[{"embeddable":true,"href":"https:\/\/www.creusonslabible.fr\/index.php?rest_route=\/wp\/v2\/media\/1980"}],"wp:attachment":[{"href":"https:\/\/www.creusonslabible.fr\/index.php?rest_route=%2Fwp%2Fv2%2Fmedia&parent=1094"}],"wp:term":[{"taxonomy":"category","embeddable":true,"href":"https:\/\/www.creusonslabible.fr\/index.php?rest_route=%2Fwp%2Fv2%2Fcategories&post=1094"},{"taxonomy":"post_tag","embeddable":true,"href":"https:\/\/www.creusonslabible.fr\/index.php?rest_route=%2Fwp%2Fv2%2Ftags&post=1094"},{"taxonomy":"video","embeddable":true,"href":"https:\/\/www.creusonslabible.fr\/index.php?rest_route=%2Fwp%2Fv2%2Fvideo&post=1094"},{"taxonomy":"audio","embeddable":true,"href":"https:\/\/www.creusonslabible.fr\/index.php?rest_route=%2Fwp%2Fv2%2Faudio&post=1094"},{"taxonomy":"ecrit","embeddable":true,"href":"https:\/\/www.creusonslabible.fr\/index.php?rest_route=%2Fwp%2Fv2%2Fecrit&post=1094"},{"taxonomy":"mis-en-avant","embeddable":true,"href":"https:\/\/www.creusonslabible.fr\/index.php?rest_route=%2Fwp%2Fv2%2Fmis-en-avant&post=1094"},{"taxonomy":"redacteur","embeddable":true,"href":"https:\/\/www.creusonslabible.fr\/index.php?rest_route=%2Fwp%2Fv2%2Fredacteur&post=1094"},{"taxonomy":"type-darticle","embeddable":true,"href":"https:\/\/www.creusonslabible.fr\/index.php?rest_route=%2Fwp%2Fv2%2Ftype-darticle&post=1094"}],"curies":[{"name":"wp","href":"https:\/\/api.w.org\/{rel}","templated":true}]}}