{"id":1097,"date":"2012-12-14T10:48:21","date_gmt":"2012-12-14T10:48:21","guid":{"rendered":"http:\/\/elearning.gbu.fr\/?p=1097"},"modified":"2025-01-24T11:28:14","modified_gmt":"2025-01-24T09:28:14","slug":"mt-16-13-28-deux-penchants","status":"publish","type":"post","link":"https:\/\/www.creusonslabible.fr\/?p=1097","title":{"rendered":"Matthieu 16.13-28 &#8211; Deux penchants"},"content":{"rendered":"<p><span style=\"color: #000000;\"><span style=\"font-size: medium;\">L&rsquo;\u00c9vangile de Matthieu peut-\u00eatre consid\u00e9r\u00e9 comme un manuel du disciple. En effet on parle 73 fois de ce qu&rsquo;est un disciple dans cet \u00c9vangile, bien plus que dans les 2 autres synoptiques. Avec cet \u00e9pisode connu, nous allons d\u00e9couvrir les 2 facettes du disciple, et encore une fois ce sera gr\u00e2ce \u00e0 l&rsquo;ap\u00f4tre Pierre !<\/span><\/span><\/p>\n<p>&nbsp;<\/p>\n<p><span style=\"color: #000000;\"><span style=\"font-size: medium;\"><b>Observation globale<\/b><\/span><\/span><\/p>\n<ul>\n<li><span style=\"color: #000000;\"><span style=\"font-size: medium;\">O\u00f9 nous trouvons-nous ? Qui est en pr\u00e9sence ? A quel moment de l&rsquo;histoire de J\u00e9sus sommes-nous ? (de la Galil\u00e9e vers J\u00e9rusalem)<\/span><\/span><\/li>\n<li><span style=\"color: #000000;\"><span style=\"font-size: medium;\">D\u00e9coupez ce textes en 3 parties<\/span><\/span><\/li>\n<\/ul>\n<p>&nbsp;<\/p>\n<p><span style=\"color: #000000;\"><span style=\"font-size: medium;\"><b>Observation-Interpr\u00e9tation<\/b><\/span><\/span><\/p>\n<p>&nbsp;<\/p>\n<p><span style=\"color: #000000;\"><span style=\"font-size: medium;\"><b>Vv 13-19 : Superbes d\u00e9clarations !<\/b><\/span><\/span><\/p>\n<ul>\n<li><span style=\"color: #000000;\"><span style=\"font-size: medium;\">Y a t-il des choses que vous ne comprenez pas ?<\/span><\/span><\/li>\n<li><span style=\"color: #000000;\"><span style=\"font-size: medium;\">Pourquoi J\u00e9sus pose-t-il cette question (v.13)<\/span><\/span><\/li>\n<li><span style=\"color: #000000;\"><span style=\"font-size: medium;\">Pourquoi les gens croyaient-ils cela ?<\/span><\/span><\/li>\n<li><span style=\"color: #000000;\"><span style=\"font-size: medium;\">Pourquoi Pierre r\u00e9pond-il au nom des disciples ?<\/span><\/span><\/li>\n<li><span style=\"color: #000000;\"><span style=\"font-size: medium;\">Que pensez-vous de sa r\u00e9ponse ? Que veulent dire \u00ab\u00a0messie\u00a0\u00bb et \u00ab\u00a0Fils de Dieu\u00a0\u00bb pour un juif de l&rsquo;\u00e9poque ?<\/span><\/span><\/li>\n<li><span style=\"color: #000000;\"><span style=\"font-size: medium;\">Que pensez-vous des 3 d\u00e9clarations de J\u00e9sus pour Pierre ? Comment Pierre a-t-il d\u00fb se sentir ?<\/span><\/span><\/li>\n<li><span style=\"color: #000000;\"><span style=\"font-size: medium;\">Expliquez les v.18 et 19. Qu&rsquo;est ce que J\u00e9sus promet ? Le promet-il \u00e0 Pierre seulement ou \u00e0 tous les ap\u00f4tres ?<\/span><\/span><\/li>\n<\/ul>\n<p>&nbsp;<\/p>\n<p><span style=\"color: #000000;\"><span style=\"font-size: medium;\"><b>Vv 20-23 : Tomb\u00e9 de haut !<\/b><\/span><\/span><\/p>\n<ul>\n<li><span style=\"color: #000000;\"><span style=\"font-size: medium;\">Pourquoi ne fallait-il pas dire que J\u00e9sus \u00e9tait le Christ ? Comment les juifs imaginaient-ils le Messie ?<\/span><\/span><\/li>\n<li><span style=\"color: #000000;\"><span style=\"font-size: medium;\">Pourquoi la r\u00e9v\u00e9lation du v.21 avait de quoi troubler les disciples ?<\/span><\/span><\/li>\n<li><span style=\"color: #000000;\"><span style=\"font-size: medium;\">Pourquoi Pierre se ose-t-il contre-dire le Fils de Dieu ?<\/span><\/span><\/li>\n<li><span style=\"color: #000000;\"><span style=\"font-size: medium;\">Comparez le v.23 et le v.17<\/span><\/span><\/li>\n<li><span style=\"color: #000000;\"><span style=\"font-size: medium;\">Comment se fait-il que Pierre soit si rapidement \u00ab\u00a0r\u00e9trograd\u00e9\u00a0\u00bb ? Quel est son probl\u00e8me ?<\/span><\/span><\/li>\n<\/ul>\n<p>&nbsp;<\/p>\n<p><span style=\"color: #000000;\"><span style=\"font-size: medium;\"><b>Vv 24-28 : Si quelqu&rsquo;un veut me suivre&#8230;<\/b><\/span><\/span><\/p>\n<ul>\n<li><span style=\"color: #000000;\"><span style=\"font-size: medium;\">Pourquoi J\u00e9sus encha\u00eene-t-il avec cette d\u00e9claration ? Parle-t-il, entre autre, de Pierre ?<\/span><\/span><\/li>\n<li><span style=\"color: #000000;\"><span style=\"font-size: medium;\">Que veut-dire \u00ab\u00a0prendre sa croix\u00a0\u00bb ?<\/span><\/span><\/li>\n<li><span style=\"color: #000000;\"><span style=\"font-size: medium;\">Dans quelle th\u00e9matique sommes-nous toujours ? <\/span><\/span><\/li>\n<li><span style=\"color: #000000;\"><span style=\"font-size: medium;\">Comment r\u00e9ussir sa vie d&rsquo;apr\u00e8s le monde, d&rsquo;apr\u00e8s J\u00e9sus ?<\/span><\/span><\/li>\n<li><span style=\"color: #000000;\"><span style=\"font-size: medium;\">Le v.27 est-il rassurant, terrifiant ?<\/span><\/span><\/li>\n<li><span style=\"color: #000000;\"><span style=\"font-size: medium;\">Quel message J\u00e9sus veut-il faire passer \u00e0 ses disciples ?<\/span><\/span><\/li>\n<li><span style=\"color: #000000;\"><span style=\"font-size: medium;\">Cela fait bient\u00f4t 2000 ans que J\u00e9sus a prononc\u00e9 le v.28 et il n&rsquo;est toujours pas revenu&#8230; comment comprendre ce verset ?<\/span><\/span><\/li>\n<\/ul>\n<p>&nbsp;<\/p>\n<p><span style=\"color: #000000;\"><span style=\"font-size: medium;\"><b>Application<\/b><\/span><\/span><\/p>\n<ul>\n<li><span style=\"color: #000000;\"><span style=\"font-size: medium;\">Que veut dire aujourd&rsquo;hui, \u00ab\u00a0prendre sa croix\u00a0\u00bb ?<\/span><\/span><\/li>\n<li><span style=\"color: #000000;\"><span style=\"font-size: medium;\">Quelle doit \u00eatre la place de la Bible (Parole de Dieu) dans la vie d&rsquo;un disciple de J\u00e9sus ?<\/span><\/span><\/li>\n<li><span style=\"color: #000000;\"><span style=\"font-size: medium;\">Qui fixe les objectifs d&rsquo;un disciple ? Le disciple ou le Ma\u00eetre ? Qui fixe vos objectifs, pourquoi ?<\/span><\/span><\/li>\n<li><span style=\"color: #000000;\"><span style=\"font-size: medium;\">Pourquoi nous rel\u00e2chons-nous si souvent apr\u00e8s une bonne p\u00e9riode en contact avec Dieu ?<\/span><\/span><\/li>\n<li><span style=\"color: #000000;\"><span style=\"font-size: medium;\">Que faire pour ne pas \u00eatre attach\u00e9s aux choses de la Terre, pour que ce soit J\u00e9sus le Seigneur, le Ma\u00eetre de notre vie ?<\/span><\/span><\/li>\n<\/ul>\n<p>&nbsp;<\/p>\n<p>&nbsp;<\/p>\n","protected":false},"excerpt":{"rendered":"<p>L&rsquo;\u00c9vangile de Matthieu peut-\u00eatre consid\u00e9r\u00e9 comme un manuel du disciple. En effet on parle 73 fois de ce qu&rsquo;est un disciple dans cet \u00c9vangile, bien plus que dans les 2 autres synoptiques. Avec cet \u00e9pisode connu, nous allons d\u00e9couvrir les 2 facettes du disciple, et encore une fois ce sera gr\u00e2ce \u00e0 l&rsquo;ap\u00f4tre Pierre ! [&hellip;]<\/p>\n","protected":false},"author":3,"featured_media":2344,"comment_status":"open","ping_status":"closed","sticky":false,"template":"","format":"standard","meta":{"_acf_changed":false,"_eb_attr":"","advgb_blocks_editor_width":"","advgb_blocks_columns_visual_guide":"","footnotes":""},"categories":[10],"tags":[351,651,660,408,23,133],"video":[],"audio":[],"ecrit":[],"mis-en-avant":[],"redacteur":[],"type-darticle":[],"class_list":["post-1097","post","type-post","status-publish","format-standard","has-post-thumbnail","hentry","category-discussions-autour-de-la-bible","tag-disciple","tag-ecrit","tag-jesus-le-fils","tag-matthieu","tag-nouveau-testament","tag-pierre"],"blocksy_meta":[],"acf":[],"featured_image_src":"https:\/\/www.creusonslabible.fr\/wp-content\/uploads\/2012\/07\/quisuisje-1.jpg","author_info":{"display_name":"Yoh","author_link":"https:\/\/www.creusonslabible.fr\/?author=3"},"author_meta":{"display_name":"Yoh","author_link":"https:\/\/www.creusonslabible.fr\/?author=3"},"featured_img":"https:\/\/www.creusonslabible.fr\/wp-content\/uploads\/2012\/07\/quisuisje-1.jpg","coauthors":[],"tax_additional":{"categories":{"linked":["<a href=\"https:\/\/www.creusonslabible.fr\/?cat=10\" class=\"advgb-post-tax-term\">Discussions autour de la Bible<\/a>"],"unlinked":["<span class=\"advgb-post-tax-term\">Discussions autour de la Bible<\/span>"]},"tags":{"linked":["<a href=\"https:\/\/www.creusonslabible.fr\/?cat=10\" class=\"advgb-post-tax-term\">disciple<\/a>","<a href=\"https:\/\/www.creusonslabible.fr\/?cat=10\" class=\"advgb-post-tax-term\">\u00e9crit<\/a>","<a href=\"https:\/\/www.creusonslabible.fr\/?cat=10\" class=\"advgb-post-tax-term\">J\u00e9sus le Fils<\/a>","<a href=\"https:\/\/www.creusonslabible.fr\/?cat=10\" class=\"advgb-post-tax-term\">Matthieu<\/a>","<a href=\"https:\/\/www.creusonslabible.fr\/?cat=10\" class=\"advgb-post-tax-term\">Nouveau-Testament<\/a>","<a href=\"https:\/\/www.creusonslabible.fr\/?cat=10\" class=\"advgb-post-tax-term\">Pierre<\/a>"],"unlinked":["<span class=\"advgb-post-tax-term\">disciple<\/span>","<span class=\"advgb-post-tax-term\">\u00e9crit<\/span>","<span class=\"advgb-post-tax-term\">J\u00e9sus le Fils<\/span>","<span class=\"advgb-post-tax-term\">Matthieu<\/span>","<span class=\"advgb-post-tax-term\">Nouveau-Testament<\/span>","<span class=\"advgb-post-tax-term\">Pierre<\/span>"]}},"comment_count":"0","relative_dates":{"created":"Publi\u00e9 13 ans il y a","modified":"Mis \u00e0 jour 1 an il y a"},"absolute_dates":{"created":"Publi\u00e9 le 14 d\u00e9cembre 2012","modified":"Mise \u00e0 jour le 24 janvier 2025"},"absolute_dates_time":{"created":"Publi\u00e9 le 14 d\u00e9cembre 2012 10h48","modified":"Mise \u00e0 jour le 24 janvier 2025 11h28"},"featured_img_caption":"","series_order":"","meta_box":[],"_links":{"self":[{"href":"https:\/\/www.creusonslabible.fr\/index.php?rest_route=\/wp\/v2\/posts\/1097","targetHints":{"allow":["GET"]}}],"collection":[{"href":"https:\/\/www.creusonslabible.fr\/index.php?rest_route=\/wp\/v2\/posts"}],"about":[{"href":"https:\/\/www.creusonslabible.fr\/index.php?rest_route=\/wp\/v2\/types\/post"}],"author":[{"embeddable":true,"href":"https:\/\/www.creusonslabible.fr\/index.php?rest_route=\/wp\/v2\/users\/3"}],"replies":[{"embeddable":true,"href":"https:\/\/www.creusonslabible.fr\/index.php?rest_route=%2Fwp%2Fv2%2Fcomments&post=1097"}],"version-history":[{"count":1,"href":"https:\/\/www.creusonslabible.fr\/index.php?rest_route=\/wp\/v2\/posts\/1097\/revisions"}],"predecessor-version":[{"id":10921,"href":"https:\/\/www.creusonslabible.fr\/index.php?rest_route=\/wp\/v2\/posts\/1097\/revisions\/10921"}],"wp:featuredmedia":[{"embeddable":true,"href":"https:\/\/www.creusonslabible.fr\/index.php?rest_route=\/wp\/v2\/media\/2344"}],"wp:attachment":[{"href":"https:\/\/www.creusonslabible.fr\/index.php?rest_route=%2Fwp%2Fv2%2Fmedia&parent=1097"}],"wp:term":[{"taxonomy":"category","embeddable":true,"href":"https:\/\/www.creusonslabible.fr\/index.php?rest_route=%2Fwp%2Fv2%2Fcategories&post=1097"},{"taxonomy":"post_tag","embeddable":true,"href":"https:\/\/www.creusonslabible.fr\/index.php?rest_route=%2Fwp%2Fv2%2Ftags&post=1097"},{"taxonomy":"video","embeddable":true,"href":"https:\/\/www.creusonslabible.fr\/index.php?rest_route=%2Fwp%2Fv2%2Fvideo&post=1097"},{"taxonomy":"audio","embeddable":true,"href":"https:\/\/www.creusonslabible.fr\/index.php?rest_route=%2Fwp%2Fv2%2Faudio&post=1097"},{"taxonomy":"ecrit","embeddable":true,"href":"https:\/\/www.creusonslabible.fr\/index.php?rest_route=%2Fwp%2Fv2%2Fecrit&post=1097"},{"taxonomy":"mis-en-avant","embeddable":true,"href":"https:\/\/www.creusonslabible.fr\/index.php?rest_route=%2Fwp%2Fv2%2Fmis-en-avant&post=1097"},{"taxonomy":"redacteur","embeddable":true,"href":"https:\/\/www.creusonslabible.fr\/index.php?rest_route=%2Fwp%2Fv2%2Fredacteur&post=1097"},{"taxonomy":"type-darticle","embeddable":true,"href":"https:\/\/www.creusonslabible.fr\/index.php?rest_route=%2Fwp%2Fv2%2Ftype-darticle&post=1097"}],"curies":[{"name":"wp","href":"https:\/\/api.w.org\/{rel}","templated":true}]}}