{"id":1102,"date":"2012-12-14T10:54:42","date_gmt":"2012-12-14T10:54:42","guid":{"rendered":"http:\/\/elearning.gbu.fr\/?p=1102"},"modified":"2025-01-24T11:28:14","modified_gmt":"2025-01-24T09:28:14","slug":"matthieu-18-21-35-le-debiteur-impitoyable","status":"publish","type":"post","link":"https:\/\/www.creusonslabible.fr\/?p=1102","title":{"rendered":"Matthieu 18.21-35 &#8211; Le d\u00e9biteur impitoyable"},"content":{"rendered":"<p>Cette parabole n\u2019est pas vraiment difficile \u00e0 comprendre mais elle est capitale car tr\u00e8s riche d\u2019enseignements sur un sujet qui est vraiment LE point critique pour tout chr\u00e9tien. Bien s\u00fbr son contexte est capital\u00a0: m\u00e9diter cette parabole en oubliant les pr\u00e9ceptes pr\u00e9c\u00e9dents concernant le pardon (vv15-20) risquerait de nous conduire vers de f\u00e2cheux contre-sens.<\/p>\n<p>Si la compr\u00e9hension de cette parabole est plut\u00f4t ais\u00e9e, on ne peut pas dire la m\u00eame chose de son application\u00a0!<\/p>\n<p>&nbsp;<\/p>\n<p><b>OBSERVATION<\/b><\/p>\n<p>R\u00e9sumez le passage vv15-18.<\/p>\n<p>R\u00e9sumez le passage vv21-22.<\/p>\n<ul>\n<li>Sachant que le salaire journalier d\u2019un ouvrier agricole est d\u2019un denier et qu\u2019un talent vaut 6000 deniers, le serviteur avait-il une chance de rembourser son ma\u00eetre un jour ?<\/li>\n<li>Pourquoi est-il vendu comme esclave\u00a0? (parce qu&rsquo;\u00e0 l&rsquo;\u00e9poque quand on ne pouvait rembourser ses dettes, on se vendait soi-m\u00eame).<\/li>\n<li>Quand il se jette aux pieds du ma\u00eetre, le serviteur esp\u00e8re-t-il rembourser sa dette ou s\u2019agit-il d\u2019un acte d\u00e9sesp\u00e9r\u00e9\u00a0?<\/li>\n<li>Pourquoi le ma\u00eetre lui remet-il sa dette\u00a0? Qu\u2019est ce que cela nous dit sur sa personnalit\u00e9\u00a0?<\/li>\n<li>Comparez la dette que l\u2019homme r\u00e9clame et celle qu\u2019on vient de lui remettre.<\/li>\n<li>Comment d\u00e9finiriez-vous cet homme au vue de sa r\u00e9action face \u00e0 son d\u00e9biteur ? A-t-il compris le geste du roi\u00a0?<\/li>\n<li>Le ma\u00eetre et son ch\u00e2timent sont-ils justes\u00a0? Pourquoi ?<\/li>\n<\/ul>\n<p>&nbsp;<\/p>\n<p><b>INTERPR\u00c9TATION<\/b><\/p>\n<ul>\n<li>Qui est le roi\u00a0?<\/li>\n<li>Qui sont les serviteurs\u00a0?<\/li>\n<li>Quel est le but de cette \u00ab\u00a0parabole\u00a0de contraste\u00a0\u00bb?<\/li>\n<li>J\u00e9sus minimise-t-il les p\u00e9ch\u00e9s que les chr\u00e9tiens commettent contre nos fr\u00e8res et vice-versa\u00a0?<\/li>\n<li>\u00c0 combien s\u2019\u00e9l\u00e8ve la dette des hommes envers Dieu\u00a0? Quel devrait-\u00eatre Son ch\u00e2timent\u00a0?<\/li>\n<li>Pourquoi les chr\u00e9tiens doivent-il pardonner \u00e0 leurs fr\u00e8res et s\u0153urs\u00a0?<\/li>\n<li>Pourquoi J\u00e9sus est-il tr\u00e8s bien plac\u00e9 pour parler de remise de dette ? Rm 3.24\u00a0; 2 Co 5.21\u00a0; \u00c9ph 2.8<\/li>\n<li>Pourquoi les chr\u00e9tiens ont-ils autant de mal \u00e0 pardonner ?<\/li>\n<li>Cette parabole s\u2019oppose-t-elle au passage des vv15-18\u00a0?<\/li>\n<li>En quoi J\u00e9sus pr\u00f4ne-t-il la restauration des bonnes relations entre les chr\u00e9tiens\u00a0?<\/li>\n<\/ul>\n<p>&nbsp;<\/p>\n<p><b>MISE EN PRATIQUE<\/b><\/p>\n<ul>\n<li>Comment pouvons-nous faire pour pardonner \u00e0 un chr\u00e9tien qui nous a fait beaucoup de mal\u00a0?<\/li>\n<li>Pensez \u00e0 l\u2019\u00e9tat d\u2019esprit de J\u00e9sus\u2026 En quoi devons-nous l\u2019imiter\u00a0?<\/li>\n<li>Pensez \u00e0 Son sacrifice\u2026 Quelles cons\u00e9quences doit-il avoir sur notre vie\u00a0?<\/li>\n<li>En quoi notre pardon est un indicateur de notre \u00e9tat spirituel\u00a0?<\/li>\n<\/ul>\n<p>&nbsp;<\/p>\n<p>&nbsp;<\/p>\n","protected":false},"excerpt":{"rendered":"<p>Cette parabole n\u2019est pas vraiment difficile \u00e0 comprendre mais elle est capitale car tr\u00e8s riche d\u2019enseignements sur un sujet qui est vraiment LE point critique pour tout chr\u00e9tien. Bien s\u00fbr son contexte est capital\u00a0: m\u00e9diter cette parabole en oubliant les pr\u00e9ceptes pr\u00e9c\u00e9dents concernant le pardon (vv15-20) risquerait de nous conduire vers de f\u00e2cheux contre-sens. Si [&hellip;]<\/p>\n","protected":false},"author":3,"featured_media":2342,"comment_status":"open","ping_status":"closed","sticky":false,"template":"","format":"standard","meta":{"_acf_changed":false,"_eb_attr":"","advgb_blocks_editor_width":"","advgb_blocks_columns_visual_guide":"","footnotes":""},"categories":[10,30],"tags":[651,660,408,23,311,72],"video":[],"audio":[],"ecrit":[],"mis-en-avant":[],"redacteur":[],"type-darticle":[],"class_list":["post-1102","post","type-post","status-publish","format-standard","has-post-thumbnail","hentry","category-discussions-autour-de-la-bible","category-le-peche-le-mal","tag-ecrit","tag-jesus-le-fils","tag-matthieu","tag-nouveau-testament","tag-parabole","tag-pardon"],"blocksy_meta":[],"acf":[],"featured_image_src":"https:\/\/www.creusonslabible.fr\/wp-content\/uploads\/2012\/12\/serviteurimpitoyable-1.jpg","author_info":{"display_name":"Yoh","author_link":"https:\/\/www.creusonslabible.fr\/?author=3"},"author_meta":{"display_name":"Yoh","author_link":"https:\/\/www.creusonslabible.fr\/?author=3"},"featured_img":"https:\/\/www.creusonslabible.fr\/wp-content\/uploads\/2012\/12\/serviteurimpitoyable-1.jpg","coauthors":[],"tax_additional":{"categories":{"linked":["<a href=\"https:\/\/www.creusonslabible.fr\/?cat=10\" class=\"advgb-post-tax-term\">Discussions autour de la Bible<\/a>","<a href=\"https:\/\/www.creusonslabible.fr\/?cat=30\" class=\"advgb-post-tax-term\">Le P\u00e9ch\u00e9 \/ Le mal<\/a>"],"unlinked":["<span class=\"advgb-post-tax-term\">Discussions autour de la Bible<\/span>","<span class=\"advgb-post-tax-term\">Le P\u00e9ch\u00e9 \/ Le mal<\/span>"]},"tags":{"linked":["<a href=\"https:\/\/www.creusonslabible.fr\/?cat=30\" class=\"advgb-post-tax-term\">\u00e9crit<\/a>","<a href=\"https:\/\/www.creusonslabible.fr\/?cat=30\" class=\"advgb-post-tax-term\">J\u00e9sus le Fils<\/a>","<a href=\"https:\/\/www.creusonslabible.fr\/?cat=30\" class=\"advgb-post-tax-term\">Matthieu<\/a>","<a href=\"https:\/\/www.creusonslabible.fr\/?cat=30\" class=\"advgb-post-tax-term\">Nouveau-Testament<\/a>","<a href=\"https:\/\/www.creusonslabible.fr\/?cat=30\" class=\"advgb-post-tax-term\">Parabole<\/a>","<a href=\"https:\/\/www.creusonslabible.fr\/?cat=30\" class=\"advgb-post-tax-term\">pardon<\/a>"],"unlinked":["<span class=\"advgb-post-tax-term\">\u00e9crit<\/span>","<span class=\"advgb-post-tax-term\">J\u00e9sus le Fils<\/span>","<span class=\"advgb-post-tax-term\">Matthieu<\/span>","<span class=\"advgb-post-tax-term\">Nouveau-Testament<\/span>","<span class=\"advgb-post-tax-term\">Parabole<\/span>","<span class=\"advgb-post-tax-term\">pardon<\/span>"]}},"comment_count":"0","relative_dates":{"created":"Publi\u00e9 13 ans il y a","modified":"Mis \u00e0 jour 1 an il y a"},"absolute_dates":{"created":"Publi\u00e9 le 14 d\u00e9cembre 2012","modified":"Mise \u00e0 jour le 24 janvier 2025"},"absolute_dates_time":{"created":"Publi\u00e9 le 14 d\u00e9cembre 2012 10h54","modified":"Mise \u00e0 jour le 24 janvier 2025 11h28"},"featured_img_caption":"","series_order":"","meta_box":[],"_links":{"self":[{"href":"https:\/\/www.creusonslabible.fr\/index.php?rest_route=\/wp\/v2\/posts\/1102","targetHints":{"allow":["GET"]}}],"collection":[{"href":"https:\/\/www.creusonslabible.fr\/index.php?rest_route=\/wp\/v2\/posts"}],"about":[{"href":"https:\/\/www.creusonslabible.fr\/index.php?rest_route=\/wp\/v2\/types\/post"}],"author":[{"embeddable":true,"href":"https:\/\/www.creusonslabible.fr\/index.php?rest_route=\/wp\/v2\/users\/3"}],"replies":[{"embeddable":true,"href":"https:\/\/www.creusonslabible.fr\/index.php?rest_route=%2Fwp%2Fv2%2Fcomments&post=1102"}],"version-history":[{"count":1,"href":"https:\/\/www.creusonslabible.fr\/index.php?rest_route=\/wp\/v2\/posts\/1102\/revisions"}],"predecessor-version":[{"id":10920,"href":"https:\/\/www.creusonslabible.fr\/index.php?rest_route=\/wp\/v2\/posts\/1102\/revisions\/10920"}],"wp:featuredmedia":[{"embeddable":true,"href":"https:\/\/www.creusonslabible.fr\/index.php?rest_route=\/wp\/v2\/media\/2342"}],"wp:attachment":[{"href":"https:\/\/www.creusonslabible.fr\/index.php?rest_route=%2Fwp%2Fv2%2Fmedia&parent=1102"}],"wp:term":[{"taxonomy":"category","embeddable":true,"href":"https:\/\/www.creusonslabible.fr\/index.php?rest_route=%2Fwp%2Fv2%2Fcategories&post=1102"},{"taxonomy":"post_tag","embeddable":true,"href":"https:\/\/www.creusonslabible.fr\/index.php?rest_route=%2Fwp%2Fv2%2Ftags&post=1102"},{"taxonomy":"video","embeddable":true,"href":"https:\/\/www.creusonslabible.fr\/index.php?rest_route=%2Fwp%2Fv2%2Fvideo&post=1102"},{"taxonomy":"audio","embeddable":true,"href":"https:\/\/www.creusonslabible.fr\/index.php?rest_route=%2Fwp%2Fv2%2Faudio&post=1102"},{"taxonomy":"ecrit","embeddable":true,"href":"https:\/\/www.creusonslabible.fr\/index.php?rest_route=%2Fwp%2Fv2%2Fecrit&post=1102"},{"taxonomy":"mis-en-avant","embeddable":true,"href":"https:\/\/www.creusonslabible.fr\/index.php?rest_route=%2Fwp%2Fv2%2Fmis-en-avant&post=1102"},{"taxonomy":"redacteur","embeddable":true,"href":"https:\/\/www.creusonslabible.fr\/index.php?rest_route=%2Fwp%2Fv2%2Fredacteur&post=1102"},{"taxonomy":"type-darticle","embeddable":true,"href":"https:\/\/www.creusonslabible.fr\/index.php?rest_route=%2Fwp%2Fv2%2Ftype-darticle&post=1102"}],"curies":[{"name":"wp","href":"https:\/\/api.w.org\/{rel}","templated":true}]}}