{"id":1105,"date":"2012-12-14T10:58:41","date_gmt":"2012-12-14T10:58:41","guid":{"rendered":"http:\/\/elearning.gbu.fr\/?p=1105"},"modified":"2025-01-24T11:28:14","modified_gmt":"2025-01-24T09:28:14","slug":"matthieu-19-27-20-16-les-ouvriers-dans-la-vigne","status":"publish","type":"post","link":"https:\/\/www.creusonslabible.fr\/?p=1105","title":{"rendered":"Matthieu 19.27-20.16 &#8211; Les ouvriers dans la vigne"},"content":{"rendered":"<p>Voici la premi\u00e8re des paraboles des choses de la fin. J\u00e9sus sait qu\u2019il va falloir aller \u00e0 J\u00e9rusalem pour son sacrifice, il va donner une s\u00e9rie de neuf paraboles pour leur faire prendre conscience de la fin et du jugement. J\u00e9sus prononce cette parabole apr\u00e8s sa rencontre avec le jeune homme riche qui aime trop ses possessions pour suivre J\u00e9sus. Pierre r\u00e9agit aussit\u00f4t\u00a0: lui qui ne quitte rien, il n\u2019est pas digne de te suivre. Et nous\u00a0? La r\u00e9ponse de J\u00e9sus est tr\u00e8s rassurante pour lui mais J\u00e9sus finit par cet avertissement \u00ab\u00a0les premiers seront les derniers \u2026\u00a0\u00bb afin qu\u2019il ne s\u2019enorgueillisse pas.<\/p>\n<p>&nbsp;<\/p>\n<p><b>OBSERVATION<\/b><\/p>\n<ul>\n<li>S\u00e9parez les ouvriers en deux groupes.<\/li>\n<li>Pourquoi le propri\u00e9taire embauche-t-il encore des ouvriers \u00e0 17 heures\u00a0?<\/li>\n<li>Avec quel groupe s\u2019est-il entendu sur un salaire\u00a0? Qu\u2019a-t-il dit aux autres\u00a0?<\/li>\n<li>Pourquoi le contre-ma\u00eetre doit-il payer les ouvriers dans l\u2019ordre inverse de leur arriv\u00e9e\u00a0? En quoi est-ce s\u00fbrement une astuce litt\u00e9raire de J\u00e9sus\u00a0?<\/li>\n<li>Lors de la paie, le ma\u00eetre d\u00e9roge-t-il \u00e0 sa parole\u00a0?<\/li>\n<li>Qu\u2019est-ce que ce geste nous apprend sur le caract\u00e8re du propri\u00e9taire\u00a0?<\/li>\n<li>Trouvez-vous normal que les ouvriers de la premi\u00e8re heure soient m\u00e9contents\u00a0?<\/li>\n<\/ul>\n<p>&nbsp;<\/p>\n<p><b>INTERPR\u00c9TATION<\/b><\/p>\n<ul>\n<li>Qui est le ma\u00eetre\u00a0?<\/li>\n<li>Qui sont les ouvriers\u00a0?<\/li>\n<li>Que repr\u00e9sente le denier\u00a0?<\/li>\n<li>Sommes-nous tous \u00e9gaux par rapport \u00e0 l\u2019appel de Dieu\u00a0?<\/li>\n<li>En est-il de m\u00eame pour sa Gr\u00e2ce\u00a0?<\/li>\n<li>Comparez l\u2019affirmation du v.16 et du v.30 du chap. pr\u00e9c\u00e9dent. Qu&rsquo;est-ce qui change ?<\/li>\n<li>Pourquoi cette amertume de la part des premiers\u00a0?<\/li>\n<li>\u00catre dernier aux yeux de qui\u00a0? Premier aux yeux de qui\u00a0?<\/li>\n<li>Comparez avec Jacques 4.6<\/li>\n<\/ul>\n<p>&nbsp;<\/p>\n<p><b>MISE EN PRATIQUE<\/b><\/p>\n<ul>\n<li>Pourquoi cette parabole est-elle une tr\u00e8s bonne nouvelle pour ceux qui ne sont pas chr\u00e9tiens actuellement ?<\/li>\n<li>Quand vous voyez des chr\u00e9tiens \u00e0 qui tout a l&rsquo;air de sourire, votre r\u00e9flexe est-il 1) d&rsquo;\u00eatre jaloux, 2) de revendiquer vos droits et de dire \u00e0 Dieu que c&rsquo;est pas juste ou 3) de vous r\u00e9jouir de leur bonheur ?<\/li>\n<li>Pourquoi avons-nous souvent tendance \u00e0 compter les points avec Dieu, comme s&rsquo;il nous sauvait en fonction de nos m\u00e9rites ?<\/li>\n<li>Trouvez-vous normal que quelqu&rsquo;un qui se convertit 3 jours avant sa mort ait le m\u00eame sort qu&rsquo;un autre qui meurt apr\u00e8s 40 ans de vie chr\u00e9tienne ?<\/li>\n<\/ul>\n<p>&nbsp;<\/p>\n<p>&nbsp;<\/p>\n","protected":false},"excerpt":{"rendered":"<p>Voici la premi\u00e8re des paraboles des choses de la fin. J\u00e9sus sait qu\u2019il va falloir aller \u00e0 J\u00e9rusalem pour son sacrifice, il va donner une s\u00e9rie de neuf paraboles pour leur faire prendre conscience de la fin et du jugement. J\u00e9sus prononce cette parabole apr\u00e8s sa rencontre avec le jeune homme riche qui aime trop [&hellip;]<\/p>\n","protected":false},"author":3,"featured_media":2030,"comment_status":"open","ping_status":"closed","sticky":false,"template":"","format":"standard","meta":{"_acf_changed":false,"_eb_attr":"","advgb_blocks_editor_width":"","advgb_blocks_columns_visual_guide":"","footnotes":""},"categories":[10],"tags":[651,660,408,23,311],"video":[],"audio":[],"ecrit":[],"mis-en-avant":[],"redacteur":[],"type-darticle":[],"class_list":["post-1105","post","type-post","status-publish","format-standard","has-post-thumbnail","hentry","category-discussions-autour-de-la-bible","tag-ecrit","tag-jesus-le-fils","tag-matthieu","tag-nouveau-testament","tag-parabole"],"blocksy_meta":[],"acf":[],"featured_image_src":"https:\/\/www.creusonslabible.fr\/wp-content\/uploads\/2012\/12\/ouvriersparab-1.jpg","author_info":{"display_name":"Yoh","author_link":"https:\/\/www.creusonslabible.fr\/?author=3"},"author_meta":{"display_name":"Yoh","author_link":"https:\/\/www.creusonslabible.fr\/?author=3"},"featured_img":"https:\/\/www.creusonslabible.fr\/wp-content\/uploads\/2012\/12\/ouvriersparab-1.jpg","coauthors":[],"tax_additional":{"categories":{"linked":["<a href=\"https:\/\/www.creusonslabible.fr\/?cat=10\" class=\"advgb-post-tax-term\">Discussions autour de la Bible<\/a>"],"unlinked":["<span class=\"advgb-post-tax-term\">Discussions autour de la Bible<\/span>"]},"tags":{"linked":["<a href=\"https:\/\/www.creusonslabible.fr\/?cat=10\" class=\"advgb-post-tax-term\">\u00e9crit<\/a>","<a href=\"https:\/\/www.creusonslabible.fr\/?cat=10\" class=\"advgb-post-tax-term\">J\u00e9sus le Fils<\/a>","<a href=\"https:\/\/www.creusonslabible.fr\/?cat=10\" class=\"advgb-post-tax-term\">Matthieu<\/a>","<a href=\"https:\/\/www.creusonslabible.fr\/?cat=10\" class=\"advgb-post-tax-term\">Nouveau-Testament<\/a>","<a href=\"https:\/\/www.creusonslabible.fr\/?cat=10\" class=\"advgb-post-tax-term\">Parabole<\/a>"],"unlinked":["<span class=\"advgb-post-tax-term\">\u00e9crit<\/span>","<span class=\"advgb-post-tax-term\">J\u00e9sus le Fils<\/span>","<span class=\"advgb-post-tax-term\">Matthieu<\/span>","<span class=\"advgb-post-tax-term\">Nouveau-Testament<\/span>","<span class=\"advgb-post-tax-term\">Parabole<\/span>"]}},"comment_count":"0","relative_dates":{"created":"Publi\u00e9 13 ans il y a","modified":"Mis \u00e0 jour 1 an il y a"},"absolute_dates":{"created":"Publi\u00e9 le 14 d\u00e9cembre 2012","modified":"Mise \u00e0 jour le 24 janvier 2025"},"absolute_dates_time":{"created":"Publi\u00e9 le 14 d\u00e9cembre 2012 10h58","modified":"Mise \u00e0 jour le 24 janvier 2025 11h28"},"featured_img_caption":"","series_order":"","meta_box":[],"_links":{"self":[{"href":"https:\/\/www.creusonslabible.fr\/index.php?rest_route=\/wp\/v2\/posts\/1105","targetHints":{"allow":["GET"]}}],"collection":[{"href":"https:\/\/www.creusonslabible.fr\/index.php?rest_route=\/wp\/v2\/posts"}],"about":[{"href":"https:\/\/www.creusonslabible.fr\/index.php?rest_route=\/wp\/v2\/types\/post"}],"author":[{"embeddable":true,"href":"https:\/\/www.creusonslabible.fr\/index.php?rest_route=\/wp\/v2\/users\/3"}],"replies":[{"embeddable":true,"href":"https:\/\/www.creusonslabible.fr\/index.php?rest_route=%2Fwp%2Fv2%2Fcomments&post=1105"}],"version-history":[{"count":1,"href":"https:\/\/www.creusonslabible.fr\/index.php?rest_route=\/wp\/v2\/posts\/1105\/revisions"}],"predecessor-version":[{"id":10919,"href":"https:\/\/www.creusonslabible.fr\/index.php?rest_route=\/wp\/v2\/posts\/1105\/revisions\/10919"}],"wp:featuredmedia":[{"embeddable":true,"href":"https:\/\/www.creusonslabible.fr\/index.php?rest_route=\/wp\/v2\/media\/2030"}],"wp:attachment":[{"href":"https:\/\/www.creusonslabible.fr\/index.php?rest_route=%2Fwp%2Fv2%2Fmedia&parent=1105"}],"wp:term":[{"taxonomy":"category","embeddable":true,"href":"https:\/\/www.creusonslabible.fr\/index.php?rest_route=%2Fwp%2Fv2%2Fcategories&post=1105"},{"taxonomy":"post_tag","embeddable":true,"href":"https:\/\/www.creusonslabible.fr\/index.php?rest_route=%2Fwp%2Fv2%2Ftags&post=1105"},{"taxonomy":"video","embeddable":true,"href":"https:\/\/www.creusonslabible.fr\/index.php?rest_route=%2Fwp%2Fv2%2Fvideo&post=1105"},{"taxonomy":"audio","embeddable":true,"href":"https:\/\/www.creusonslabible.fr\/index.php?rest_route=%2Fwp%2Fv2%2Faudio&post=1105"},{"taxonomy":"ecrit","embeddable":true,"href":"https:\/\/www.creusonslabible.fr\/index.php?rest_route=%2Fwp%2Fv2%2Fecrit&post=1105"},{"taxonomy":"mis-en-avant","embeddable":true,"href":"https:\/\/www.creusonslabible.fr\/index.php?rest_route=%2Fwp%2Fv2%2Fmis-en-avant&post=1105"},{"taxonomy":"redacteur","embeddable":true,"href":"https:\/\/www.creusonslabible.fr\/index.php?rest_route=%2Fwp%2Fv2%2Fredacteur&post=1105"},{"taxonomy":"type-darticle","embeddable":true,"href":"https:\/\/www.creusonslabible.fr\/index.php?rest_route=%2Fwp%2Fv2%2Ftype-darticle&post=1105"}],"curies":[{"name":"wp","href":"https:\/\/api.w.org\/{rel}","templated":true}]}}