{"id":1107,"date":"2012-12-14T11:04:03","date_gmt":"2012-12-14T11:04:03","guid":{"rendered":"http:\/\/elearning.gbu.fr\/?p=1107"},"modified":"2025-01-24T11:28:14","modified_gmt":"2025-01-24T09:28:14","slug":"matthieu-21-23-46-les-deux-fils-et-les-vignerons","status":"publish","type":"post","link":"https:\/\/www.creusonslabible.fr\/?p=1107","title":{"rendered":"Matthieu 21.23-46 &#8211; Les deux fils et les vignerons"},"content":{"rendered":"<p>Le mardi avant sa crucifixion, J\u00e9sus enseigne sur le parvis du temple. Les juifs veulent lui tendre un pi\u00e8ge avec une question apparemment na\u00efve mais c\u2019est lui qui les met dans l\u2019embarras. L\u2019attitude n\u00e9gative et agressive des religieux envers J\u00e9sus avait de quoi \u00e9tonner la foule et surtout les disciples. Ces deux paraboles viennent expliquer pourquoi ils ne se r\u00e9jouissent pas d\u2019avoir trouv\u00e9 le messie.<\/p>\n<h3>OBSERVATION-INTERPR\u00c9TATION<\/h3>\n<h4>Les deux fils\u00a0:<\/h4>\n<ul>\n<li><span style=\"color: #000000;\"><span style=\"font-size: medium;\">Qui est le p\u00e8re\u00a0?<\/span><\/span><\/li>\n<li><span style=\"color: #000000;\"><span style=\"font-size: medium;\">Qui est le premier fils\u00a0? Le second\u00a0?<\/span><\/span><\/li>\n<li><span style=\"color: #000000;\"><span style=\"font-size: medium;\">Quelle est la diff\u00e9rence entre la foi des pharisiens et celle des p\u00e9agers\u00a0?<\/span><\/span><\/li>\n<li><span style=\"color: #000000;\"><span style=\"font-size: medium;\">J\u00e9sus soul\u00e8ve quel probl\u00e8me\u00a0?<\/span><\/span><\/li>\n<\/ul>\n<h4>Les vignerons\u00a0:<\/h4>\n<ul>\n<li><span style=\"color: #000000;\"><span style=\"font-size: medium;\">Comme d\u2019habitude, qui est le ma\u00eetre\u00a0?<\/span><\/span><\/li>\n<li><span style=\"color: #000000;\"><span style=\"font-size: medium;\">Qui sont les serviteurs\u00a0? Comparez avec H\u00e9breux1.1\u00a0; Mat. 23.29-31.<\/span><\/span><\/li>\n<li><span style=\"color: #000000;\"><span style=\"font-size: medium;\">Qui est le fils\u00a0?<\/span><\/span><\/li>\n<li><span style=\"color: #000000;\"><span style=\"font-size: medium;\">Comment J\u00e9sus voit-il son avenir proche\u00a0?<\/span><\/span><\/li>\n<li><span style=\"color: #000000;\"><span style=\"font-size: medium;\">Qui sont les vignerons\u00a0? <\/span><\/span><\/li>\n<li><span style=\"color: #000000;\"><span style=\"font-size: medium;\">Comparez le cadre de notre passage avec \u00c9sa\u00efe 5.1-7. Qui est mis en cause\u00a0?<\/span><\/span><\/li>\n<li><span style=\"color: #000000;\"><span style=\"font-size: medium;\">Comment J\u00e9sus s\u2019y prend-il pour que les religieux se d\u00e9noncent\u00a0?<\/span><\/span><\/li>\n<\/ul>\n<h4>La pierre angulaire\u00a0:<\/h4>\n<ul>\n<li><span style=\"color: #000000;\"><span style=\"font-size: medium;\">En citant le Psaume 118.22, qu\u2019est ce que J\u00e9sus montre \u00e0 ses disciples, qui peut les rassurer\u00a0?<\/span><\/span><\/li>\n<li><span style=\"color: #000000;\"><span style=\"font-size: medium;\">Que veut dire le v.43\u00a0?<\/span><\/span><\/li>\n<li><span style=\"color: #000000;\"><span style=\"font-size: medium;\">Comparez le v.44 avec \u00c9sa\u00efe 8.14.<\/span><\/span><\/li>\n<\/ul>\n<h3>MISE EN PRATIQUE<\/h3>\n<ul>\n<li><span style=\"color: #000000;\"><span style=\"font-size: medium;\">L&rsquo;\u00c9glise est-elle faite pour les gens respectables ? Pourquoi ?<\/span><\/span><\/li>\n<li><span style=\"color: #000000;\"><span style=\"font-size: medium;\">Ces paraboles repr\u00e9sentent l\u2019\u00e9chec du peuple de l\u2019Ancienne Alliance. Quels avertissements adressent-elles \u00e0 l\u2019\u00c9glise actuelle\u00a0?<\/span><\/span><\/li>\n<li><span style=\"color: #000000;\"><span style=\"font-size: medium;\">Qu\u2019est-ce que \u00e7a change quand J\u00e9sus est notre pierre angulaire\u00a0?<\/span><\/span><\/li>\n<li><span style=\"color: #000000;\"><span style=\"font-size: medium;\">Par quoi les chr\u00e9tiens sont-ils tent\u00e9s de le remplacer\u00a0?<\/span><\/span><\/li>\n<\/ul>\n","protected":false},"excerpt":{"rendered":"<p>Le mardi avant sa crucifixion, J\u00e9sus enseigne sur le parvis du temple. Les juifs veulent lui tendre un pi\u00e8ge avec une question apparemment na\u00efve mais c\u2019est lui qui les met dans l\u2019embarras. L\u2019attitude n\u00e9gative et agressive des religieux envers J\u00e9sus avait de quoi \u00e9tonner la foule et surtout les disciples. Ces deux paraboles viennent expliquer [&hellip;]<\/p>\n","protected":false},"author":3,"featured_media":2019,"comment_status":"open","ping_status":"closed","sticky":false,"template":"","format":"standard","meta":{"_acf_changed":false,"_eb_attr":"","advgb_blocks_editor_width":"","advgb_blocks_columns_visual_guide":"","footnotes":""},"categories":[10],"tags":[651,660,408,23,311,12],"video":[],"audio":[],"ecrit":[],"mis-en-avant":[],"redacteur":[],"type-darticle":[],"class_list":["post-1107","post","type-post","status-publish","format-standard","has-post-thumbnail","hentry","category-discussions-autour-de-la-bible","tag-ecrit","tag-jesus-le-fils","tag-matthieu","tag-nouveau-testament","tag-parabole","tag-pharisiens"],"blocksy_meta":[],"acf":[],"featured_image_src":"https:\/\/www.creusonslabible.fr\/wp-content\/uploads\/2012\/12\/vignerons-1.jpg","author_info":{"display_name":"Yoh","author_link":"https:\/\/www.creusonslabible.fr\/?author=3"},"author_meta":{"display_name":"Yoh","author_link":"https:\/\/www.creusonslabible.fr\/?author=3"},"featured_img":"https:\/\/www.creusonslabible.fr\/wp-content\/uploads\/2012\/12\/vignerons-1.jpg","coauthors":[],"tax_additional":{"categories":{"linked":["<a href=\"https:\/\/www.creusonslabible.fr\/?cat=10\" class=\"advgb-post-tax-term\">Discussions autour de la Bible<\/a>"],"unlinked":["<span class=\"advgb-post-tax-term\">Discussions autour de la Bible<\/span>"]},"tags":{"linked":["<a href=\"https:\/\/www.creusonslabible.fr\/?cat=10\" class=\"advgb-post-tax-term\">\u00e9crit<\/a>","<a href=\"https:\/\/www.creusonslabible.fr\/?cat=10\" class=\"advgb-post-tax-term\">J\u00e9sus le Fils<\/a>","<a href=\"https:\/\/www.creusonslabible.fr\/?cat=10\" class=\"advgb-post-tax-term\">Matthieu<\/a>","<a href=\"https:\/\/www.creusonslabible.fr\/?cat=10\" class=\"advgb-post-tax-term\">Nouveau-Testament<\/a>","<a href=\"https:\/\/www.creusonslabible.fr\/?cat=10\" class=\"advgb-post-tax-term\">Parabole<\/a>","<a href=\"https:\/\/www.creusonslabible.fr\/?cat=10\" class=\"advgb-post-tax-term\">Pharisiens<\/a>"],"unlinked":["<span class=\"advgb-post-tax-term\">\u00e9crit<\/span>","<span class=\"advgb-post-tax-term\">J\u00e9sus le Fils<\/span>","<span class=\"advgb-post-tax-term\">Matthieu<\/span>","<span class=\"advgb-post-tax-term\">Nouveau-Testament<\/span>","<span class=\"advgb-post-tax-term\">Parabole<\/span>","<span class=\"advgb-post-tax-term\">Pharisiens<\/span>"]}},"comment_count":"0","relative_dates":{"created":"Publi\u00e9 13 ans il y a","modified":"Mis \u00e0 jour 1 an il y a"},"absolute_dates":{"created":"Publi\u00e9 le 14 d\u00e9cembre 2012","modified":"Mise \u00e0 jour le 24 janvier 2025"},"absolute_dates_time":{"created":"Publi\u00e9 le 14 d\u00e9cembre 2012 11h04","modified":"Mise \u00e0 jour le 24 janvier 2025 11h28"},"featured_img_caption":"","series_order":"","meta_box":[],"_links":{"self":[{"href":"https:\/\/www.creusonslabible.fr\/index.php?rest_route=\/wp\/v2\/posts\/1107","targetHints":{"allow":["GET"]}}],"collection":[{"href":"https:\/\/www.creusonslabible.fr\/index.php?rest_route=\/wp\/v2\/posts"}],"about":[{"href":"https:\/\/www.creusonslabible.fr\/index.php?rest_route=\/wp\/v2\/types\/post"}],"author":[{"embeddable":true,"href":"https:\/\/www.creusonslabible.fr\/index.php?rest_route=\/wp\/v2\/users\/3"}],"replies":[{"embeddable":true,"href":"https:\/\/www.creusonslabible.fr\/index.php?rest_route=%2Fwp%2Fv2%2Fcomments&post=1107"}],"version-history":[{"count":1,"href":"https:\/\/www.creusonslabible.fr\/index.php?rest_route=\/wp\/v2\/posts\/1107\/revisions"}],"predecessor-version":[{"id":10918,"href":"https:\/\/www.creusonslabible.fr\/index.php?rest_route=\/wp\/v2\/posts\/1107\/revisions\/10918"}],"wp:featuredmedia":[{"embeddable":true,"href":"https:\/\/www.creusonslabible.fr\/index.php?rest_route=\/wp\/v2\/media\/2019"}],"wp:attachment":[{"href":"https:\/\/www.creusonslabible.fr\/index.php?rest_route=%2Fwp%2Fv2%2Fmedia&parent=1107"}],"wp:term":[{"taxonomy":"category","embeddable":true,"href":"https:\/\/www.creusonslabible.fr\/index.php?rest_route=%2Fwp%2Fv2%2Fcategories&post=1107"},{"taxonomy":"post_tag","embeddable":true,"href":"https:\/\/www.creusonslabible.fr\/index.php?rest_route=%2Fwp%2Fv2%2Ftags&post=1107"},{"taxonomy":"video","embeddable":true,"href":"https:\/\/www.creusonslabible.fr\/index.php?rest_route=%2Fwp%2Fv2%2Fvideo&post=1107"},{"taxonomy":"audio","embeddable":true,"href":"https:\/\/www.creusonslabible.fr\/index.php?rest_route=%2Fwp%2Fv2%2Faudio&post=1107"},{"taxonomy":"ecrit","embeddable":true,"href":"https:\/\/www.creusonslabible.fr\/index.php?rest_route=%2Fwp%2Fv2%2Fecrit&post=1107"},{"taxonomy":"mis-en-avant","embeddable":true,"href":"https:\/\/www.creusonslabible.fr\/index.php?rest_route=%2Fwp%2Fv2%2Fmis-en-avant&post=1107"},{"taxonomy":"redacteur","embeddable":true,"href":"https:\/\/www.creusonslabible.fr\/index.php?rest_route=%2Fwp%2Fv2%2Fredacteur&post=1107"},{"taxonomy":"type-darticle","embeddable":true,"href":"https:\/\/www.creusonslabible.fr\/index.php?rest_route=%2Fwp%2Fv2%2Ftype-darticle&post=1107"}],"curies":[{"name":"wp","href":"https:\/\/api.w.org\/{rel}","templated":true}]}}