{"id":1112,"date":"2012-12-14T11:10:22","date_gmt":"2012-12-14T11:10:22","guid":{"rendered":"http:\/\/elearning.gbu.fr\/?p=1112"},"modified":"2025-01-24T11:28:14","modified_gmt":"2025-01-24T09:28:14","slug":"matthieu-22-1-14-le-festin-des-noces","status":"publish","type":"post","link":"https:\/\/www.creusonslabible.fr\/?p=1112","title":{"rendered":"Matthieu 22.1-14 &#8211; Le festin des noces"},"content":{"rendered":"<p>Cette parabole est racont\u00e9e par J\u00e9sus quelques jours avant Sa crucifixion. Elle est un dernier appel \u00e0 Le suivre.<!--more--><\/p>\n<p>&nbsp;<\/p>\n<p><b>OBSERVATION-INTERPR\u00c9TATION<\/b><\/p>\n<h4><b>\u00a0<\/b><\/h4>\n<h4>Premier convi\u00e9s\u00a0:<\/h4>\n<ul>\n<li>Qui est le p\u00e8re\u00a0?<\/li>\n<li>Qui est le fils\u00a0? (question idiote mais n\u00e9cessaire)<\/li>\n<li>La noce est entre J\u00e9sus et qui\u00a0?<\/li>\n<li>Comparez les r\u00e9actions des invit\u00e9s avec les diff\u00e9rents sols de la parabole du semeur. (Mt 13)<\/li>\n<li>Qui sont les premiers invit\u00e9s qui refusent les noces du fils\u00a0? Pourquoi d&rsquo;apr\u00e8s vous ?<\/li>\n<li>Pourquoi cette r\u00e9action violente de certains invit\u00e9s\u00a0? Qu\u2019est ce que \u00e7a veut dire\u00a0?<\/li>\n<li>Que pensez-vous de la r\u00e9plique du roi \u00e0 leur \u00e9gard ?<\/li>\n<li>En 70, le g\u00e9n\u00e9ral romain Titus va totalement d\u00e9truire J\u00e9rusalem. Pensez-vous que J\u00e9sus parle de cet \u00e9v\u00e9nement ici ?<\/li>\n<\/ul>\n<p>&nbsp;<\/p>\n<h4>Nouveaux convi\u00e9s\u00a0:<\/h4>\n<ul>\n<li>Quelle est la diff\u00e9rence entre les anciens et les nouveaux invit\u00e9s\u00a0?<\/li>\n<li>Qui vient dans la salle de noce\u00a0?<\/li>\n<li>Quelle est la diff\u00e9rence entre accepter d&rsquo;aller \u00e0 la noce et \u00eatre admis \u00e0 la noce ?<\/li>\n<li>Pourquoi l&rsquo;homme du v.12 est-il en habits de tous les jours ? (imaginez un joueur de foot se rendant au mariage du roi d&rsquo;Angleterre en short\/maillot\/chaussures \u00e0 crampons !)<\/li>\n<li>Pourquoi n&rsquo;a-t-il pas profit\u00e9 de cette superbe invitation surprise ?<\/li>\n<li>Comprenez-vous la r\u00e9action du roi ?<\/li>\n<\/ul>\n<p>&nbsp;<\/p>\n<h4>Beaucoup d\u2019appel\u00e9s mais peu d\u2019\u00e9lus\u00a0:<\/h4>\n<ul>\n<li>Combien de types d&rsquo;appel\u00e9s y a-t-il dans cette parabole ? (3 : ceux qui ne r\u00e9pondent pas \u00e0 l&rsquo;invitation, ceux qui r\u00e9pondent et qui s&rsquo;habillent en cons\u00e9quence et celui qui r\u00e9pond mais qui la prend \u00e0 la l\u00e9g\u00e8re)<\/li>\n<li>Que faut-il faire pour faire partie des \u00e9lus\u00a0? Est-ce facile, difficile ?<\/li>\n<\/ul>\n<p>&nbsp;<\/p>\n<p><b>APPLICATION<\/b><\/p>\n<ul>\n<li>Pourquoi nos contemporains ne r\u00e9pondent-ils pas \u00e0 l&rsquo;invitation de Dieu ?<\/li>\n<li>Les chr\u00e9tiens invitent-ils g\u00e9n\u00e9reusement leur entourage ? Pourquoi la pr\u00e9-s\u00e9lection qu&rsquo;ils font souvent peut-elle \u00eatre compl\u00e8tement erron\u00e9e ?<\/li>\n<li>Suffit-il de croire en Dieu et d&rsquo;aller \u00e0 l&rsquo;\u00c9glise pour \u00eatre sauv\u00e9 ?<\/li>\n<li>Comment r\u00e9pondre s\u00e9rieusement \u00e0 l&rsquo;appel de Dieu ?<\/li>\n<\/ul>\n<p>&nbsp;<\/p>\n<p>&nbsp;<\/p>\n<p>&nbsp;<\/p>\n","protected":false},"excerpt":{"rendered":"<p>Cette parabole est racont\u00e9e par J\u00e9sus quelques jours avant Sa crucifixion. Elle est un dernier appel \u00e0 Le suivre.<\/p>\n","protected":false},"author":3,"featured_media":0,"comment_status":"open","ping_status":"closed","sticky":false,"template":"","format":"standard","meta":{"_acf_changed":false,"_eb_attr":"","advgb_blocks_editor_width":"","advgb_blocks_columns_visual_guide":"","footnotes":""},"categories":[10,91],"tags":[819,651,660,416,408,23,311],"video":[],"audio":[],"ecrit":[],"mis-en-avant":[],"redacteur":[],"type-darticle":[],"class_list":["post-1112","post","type-post","status-publish","format-standard","hentry","category-discussions-autour-de-la-bible","category-la-fin-des-temps","tag-appel-de-dieu","tag-ecrit","tag-jesus-le-fils","tag-jugement","tag-matthieu","tag-nouveau-testament","tag-parabole"],"blocksy_meta":[],"acf":[],"featured_image_src":null,"author_info":{"display_name":"Yoh","author_link":"https:\/\/www.creusonslabible.fr\/?author=3"},"author_meta":{"display_name":"Yoh","author_link":"https:\/\/www.creusonslabible.fr\/?author=3"},"featured_img":null,"coauthors":[],"tax_additional":{"categories":{"linked":["<a href=\"https:\/\/www.creusonslabible.fr\/?cat=10\" class=\"advgb-post-tax-term\">Discussions autour de la Bible<\/a>","<a href=\"https:\/\/www.creusonslabible.fr\/?cat=91\" class=\"advgb-post-tax-term\">La fin des temps<\/a>"],"unlinked":["<span class=\"advgb-post-tax-term\">Discussions autour de la Bible<\/span>","<span class=\"advgb-post-tax-term\">La fin des temps<\/span>"]},"tags":{"linked":["<a href=\"https:\/\/www.creusonslabible.fr\/?cat=91\" class=\"advgb-post-tax-term\">Appel de Dieu<\/a>","<a href=\"https:\/\/www.creusonslabible.fr\/?cat=91\" class=\"advgb-post-tax-term\">\u00e9crit<\/a>","<a href=\"https:\/\/www.creusonslabible.fr\/?cat=91\" class=\"advgb-post-tax-term\">J\u00e9sus le Fils<\/a>","<a href=\"https:\/\/www.creusonslabible.fr\/?cat=91\" class=\"advgb-post-tax-term\">jugement<\/a>","<a href=\"https:\/\/www.creusonslabible.fr\/?cat=91\" class=\"advgb-post-tax-term\">Matthieu<\/a>","<a href=\"https:\/\/www.creusonslabible.fr\/?cat=91\" class=\"advgb-post-tax-term\">Nouveau-Testament<\/a>","<a href=\"https:\/\/www.creusonslabible.fr\/?cat=91\" class=\"advgb-post-tax-term\">Parabole<\/a>"],"unlinked":["<span class=\"advgb-post-tax-term\">Appel de Dieu<\/span>","<span class=\"advgb-post-tax-term\">\u00e9crit<\/span>","<span class=\"advgb-post-tax-term\">J\u00e9sus le Fils<\/span>","<span class=\"advgb-post-tax-term\">jugement<\/span>","<span class=\"advgb-post-tax-term\">Matthieu<\/span>","<span class=\"advgb-post-tax-term\">Nouveau-Testament<\/span>","<span class=\"advgb-post-tax-term\">Parabole<\/span>"]}},"comment_count":"0","relative_dates":{"created":"Publi\u00e9 13 ans il y a","modified":"Mis \u00e0 jour 1 an il y a"},"absolute_dates":{"created":"Publi\u00e9 le 14 d\u00e9cembre 2012","modified":"Mise \u00e0 jour le 24 janvier 2025"},"absolute_dates_time":{"created":"Publi\u00e9 le 14 d\u00e9cembre 2012 11h10","modified":"Mise \u00e0 jour le 24 janvier 2025 11h28"},"featured_img_caption":"","series_order":"","meta_box":[],"_links":{"self":[{"href":"https:\/\/www.creusonslabible.fr\/index.php?rest_route=\/wp\/v2\/posts\/1112","targetHints":{"allow":["GET"]}}],"collection":[{"href":"https:\/\/www.creusonslabible.fr\/index.php?rest_route=\/wp\/v2\/posts"}],"about":[{"href":"https:\/\/www.creusonslabible.fr\/index.php?rest_route=\/wp\/v2\/types\/post"}],"author":[{"embeddable":true,"href":"https:\/\/www.creusonslabible.fr\/index.php?rest_route=\/wp\/v2\/users\/3"}],"replies":[{"embeddable":true,"href":"https:\/\/www.creusonslabible.fr\/index.php?rest_route=%2Fwp%2Fv2%2Fcomments&post=1112"}],"version-history":[{"count":1,"href":"https:\/\/www.creusonslabible.fr\/index.php?rest_route=\/wp\/v2\/posts\/1112\/revisions"}],"predecessor-version":[{"id":10917,"href":"https:\/\/www.creusonslabible.fr\/index.php?rest_route=\/wp\/v2\/posts\/1112\/revisions\/10917"}],"wp:attachment":[{"href":"https:\/\/www.creusonslabible.fr\/index.php?rest_route=%2Fwp%2Fv2%2Fmedia&parent=1112"}],"wp:term":[{"taxonomy":"category","embeddable":true,"href":"https:\/\/www.creusonslabible.fr\/index.php?rest_route=%2Fwp%2Fv2%2Fcategories&post=1112"},{"taxonomy":"post_tag","embeddable":true,"href":"https:\/\/www.creusonslabible.fr\/index.php?rest_route=%2Fwp%2Fv2%2Ftags&post=1112"},{"taxonomy":"video","embeddable":true,"href":"https:\/\/www.creusonslabible.fr\/index.php?rest_route=%2Fwp%2Fv2%2Fvideo&post=1112"},{"taxonomy":"audio","embeddable":true,"href":"https:\/\/www.creusonslabible.fr\/index.php?rest_route=%2Fwp%2Fv2%2Faudio&post=1112"},{"taxonomy":"ecrit","embeddable":true,"href":"https:\/\/www.creusonslabible.fr\/index.php?rest_route=%2Fwp%2Fv2%2Fecrit&post=1112"},{"taxonomy":"mis-en-avant","embeddable":true,"href":"https:\/\/www.creusonslabible.fr\/index.php?rest_route=%2Fwp%2Fv2%2Fmis-en-avant&post=1112"},{"taxonomy":"redacteur","embeddable":true,"href":"https:\/\/www.creusonslabible.fr\/index.php?rest_route=%2Fwp%2Fv2%2Fredacteur&post=1112"},{"taxonomy":"type-darticle","embeddable":true,"href":"https:\/\/www.creusonslabible.fr\/index.php?rest_route=%2Fwp%2Fv2%2Ftype-darticle&post=1112"}],"curies":[{"name":"wp","href":"https:\/\/api.w.org\/{rel}","templated":true}]}}