{"id":11308,"date":"2025-03-13T11:45:54","date_gmt":"2025-03-13T09:45:54","guid":{"rendered":"https:\/\/www.creusonslabible.fr\/?p=11308"},"modified":"2025-03-13T11:45:56","modified_gmt":"2025-03-13T09:45:56","slug":"on-va-tous-mourir-psaume-39","status":"publish","type":"post","link":"https:\/\/www.creusonslabible.fr\/?p=11308","title":{"rendered":"On va tous mourir\u00a0! Psaume 39"},"content":{"rendered":"\n<p><\/p>\n\n\n\n<h2 class=\"wp-block-heading\"><em>Contexte&nbsp;<\/em><\/h2>\n\n\n\n<p>Ce psaume est associ\u00e9 avec David et &nbsp;avec Jeduthun, un musicien du tabernacle nomm\u00e9 par David (1 Chroniques 16.41-42). Il s\u2019agit d\u2019un psaume de complainte, un cri pour la d\u00e9livrance des souffrances. Le psalmiste lutte avec l\u2019id\u00e9e que cette vie \u00e9ph\u00e9m\u00e8re peut \u00eatre remplie de souffrance et de honte. En effet, sa souffrance lui rend conscient de l\u2019imminence de la mort, et sa pri\u00e8re cherche de l\u2019esp\u00e9rance en la personne de l\u2019&nbsp;\u00c9ternel.<\/p>\n\n\n\n<h2 class=\"wp-block-heading\"><em>Observation&nbsp;<\/em><\/h2>\n\n\n\n<p>On peut d\u00e9couper le psaume gr\u00e2ce aux \u00ab&nbsp;pauses&nbsp;\u00bb&nbsp;: v. 2-6, v. 7-12, et v. 13-14.&nbsp;<\/p>\n\n\n\n<p>&#8211; Quels versets parle de la condition humaine&nbsp;?&nbsp;<\/p>\n\n\n\n<p>&#8211; Quels versets sont des supplications&nbsp;?&nbsp;<\/p>\n\n\n\n<p>&#8211; Quelle id\u00e9e revient \u00e0 la fin de chaque partie&nbsp;?<\/p>\n\n\n\n<h2 class=\"wp-block-heading\"><em>Compr\u00e9hension et applications<\/em><\/h2>\n\n\n\n<p><strong>Nous voyons que l\u2019imminence de la mort fait trois choses&nbsp;:&nbsp;<\/strong><\/p>\n\n\n\n<h4 class=\"wp-block-heading\"><em><strong>Elle pousse le psalmiste \u00e0 prier&nbsp;<\/strong><\/em><em>(2-6)<\/em><\/h4>\n\n\n\n<ul class=\"wp-block-list\">\n<li>Pourquoi le psalmiste avait-il essay\u00e9 de garder le silence\u00a0? Pourquoi n\u2019\u00e9tait-il pas capable\u00a0? (2-4)<\/li>\n\n\n\n<li>Que veut-il dire par la phrase \u00ab\u00a0fais-moi conna\u00eetre quand finira ma vie\u2026\u00bb\u00a0? (5)\u00a0<\/li>\n<\/ul>\n\n\n\n<h4 class=\"wp-block-heading\"><em><strong>Elle l\u2019oriente vers l\u2019esp\u00e9rance en Dieu&nbsp;<\/strong><\/em><em>(<\/em>7-12<em>)<\/em><\/h4>\n\n\n\n<ul class=\"wp-block-list\">\n<li>Le psalmiste demande la d\u00e9livrance de 1) ses transgressions et 2) les insultes des fous\u00a0(9) ; Que cela nous montre -t-il des besoins spirituel des humains\u00a0?\u00a0<\/li>\n\n\n\n<li>Quelle diff\u00e9rence entre le \u00ab\u00a0je reste muet\u00a0\u00bb de verset 10 et le \u00ab\u00a0je suis rest\u00e9 muet\u00a0\u00bb de verset 3\u00a0?\u00a0<\/li>\n\n\n\n<li>En versets 11-12, quelle est la cause des souffrances du psalmiste\u00a0? Qui en est la source\u00a0?\u00a0<\/li>\n\n\n\n<li>Pourquoi le psalmiste cherche-t-il du r\u00e9pit, alors qu\u2019il accepte sa culpabilit\u00e9\u00a0?<\/li>\n<\/ul>\n\n\n\n<h4 class=\"wp-block-heading\"><em><strong>Elle le rend d\u00e9pendant de Dieu&nbsp;<\/strong><\/em><em>(13-14)<\/em><\/h4>\n\n\n\n<ul class=\"wp-block-list\">\n<li>Quelle m\u00e9taphore souligne la nature transitoire de la vie du fid\u00e8le, et pourquoi convient-elle ?\u00a0<\/li>\n\n\n\n<li>Les \u00ab\u00a0anc\u00eatres\u00a0\u00bb qui \u00e9taient \u00ab\u00a0r\u00e9sident(s) temporaire(s)\u00a0\u00bb pourrait faire r\u00e9f\u00e9rence \u00e0 quels personnages bibliques ?<\/li>\n\n\n\n<li>Comment r\u00e9sumer en une phrase l\u2019argument de la pri\u00e8re du psaume\u00a0?\u00a0<\/li>\n\n\n\n<li>Si le psalmiste se concentre sur la vie sur la terre, que pouvons-nous dire de plus en vue de de la vie \u00e9ternelle promise en J\u00e9sus\u00a0?<\/li>\n<\/ul>\n","protected":false},"excerpt":{"rendered":"<p>Contexte&nbsp; Ce psaume est associ\u00e9 avec David et &nbsp;avec Jeduthun, un musicien du tabernacle nomm\u00e9 par David (1 Chroniques 16.41-42). Il s\u2019agit d\u2019un psaume de complainte, un cri pour la d\u00e9livrance des souffrances. Le psalmiste lutte avec l\u2019id\u00e9e que cette vie \u00e9ph\u00e9m\u00e8re peut \u00eatre remplie de souffrance et de honte. En effet, sa souffrance lui [&hellip;]<\/p>\n","protected":false},"author":3,"featured_media":11309,"comment_status":"open","ping_status":"open","sticky":false,"template":"","format":"standard","meta":{"_acf_changed":false,"_eb_attr":"","advgb_blocks_editor_width":"","advgb_blocks_columns_visual_guide":"","footnotes":""},"categories":[18],"tags":[651,396,327],"video":[],"audio":[],"ecrit":[],"mis-en-avant":[],"redacteur":[],"type-darticle":[],"class_list":["post-11308","post","type-post","status-publish","format-standard","has-post-thumbnail","hentry","category-dab-pour-etudiants","tag-ecrit","tag-mort","tag-psaume"],"blocksy_meta":[],"acf":[],"featured_image_src":"https:\/\/www.creusonslabible.fr\/wp-content\/uploads\/2025\/02\/8mspeieavoi.jpg","author_info":{"display_name":"Yoh","author_link":"https:\/\/www.creusonslabible.fr\/?author=3"},"author_meta":{"display_name":"Yoh","author_link":"https:\/\/www.creusonslabible.fr\/?author=3"},"featured_img":"https:\/\/www.creusonslabible.fr\/wp-content\/uploads\/2025\/02\/8mspeieavoi-215x300.jpg","coauthors":[],"tax_additional":{"categories":{"linked":["<a href=\"https:\/\/www.creusonslabible.fr\/?cat=18\" class=\"advgb-post-tax-term\">DAB pour \u00e9tudiants<\/a>"],"unlinked":["<span class=\"advgb-post-tax-term\">DAB pour \u00e9tudiants<\/span>"]},"tags":{"linked":["<a href=\"https:\/\/www.creusonslabible.fr\/?cat=18\" class=\"advgb-post-tax-term\">\u00e9crit<\/a>","<a href=\"https:\/\/www.creusonslabible.fr\/?cat=18\" class=\"advgb-post-tax-term\">mort<\/a>","<a href=\"https:\/\/www.creusonslabible.fr\/?cat=18\" class=\"advgb-post-tax-term\">Psaume<\/a>"],"unlinked":["<span class=\"advgb-post-tax-term\">\u00e9crit<\/span>","<span class=\"advgb-post-tax-term\">mort<\/span>","<span class=\"advgb-post-tax-term\">Psaume<\/span>"]}},"comment_count":"0","relative_dates":{"created":"Publi\u00e9 1 an il y a","modified":"Mis \u00e0 jour 1 an il y a"},"absolute_dates":{"created":"Publi\u00e9 le 13 mars 2025","modified":"Mise \u00e0 jour le 13 mars 2025"},"absolute_dates_time":{"created":"Publi\u00e9 le 13 mars 2025 11h45","modified":"Mise \u00e0 jour le 13 mars 2025 11h45"},"featured_img_caption":"","series_order":"","meta_box":[],"_links":{"self":[{"href":"https:\/\/www.creusonslabible.fr\/index.php?rest_route=\/wp\/v2\/posts\/11308","targetHints":{"allow":["GET"]}}],"collection":[{"href":"https:\/\/www.creusonslabible.fr\/index.php?rest_route=\/wp\/v2\/posts"}],"about":[{"href":"https:\/\/www.creusonslabible.fr\/index.php?rest_route=\/wp\/v2\/types\/post"}],"author":[{"embeddable":true,"href":"https:\/\/www.creusonslabible.fr\/index.php?rest_route=\/wp\/v2\/users\/3"}],"replies":[{"embeddable":true,"href":"https:\/\/www.creusonslabible.fr\/index.php?rest_route=%2Fwp%2Fv2%2Fcomments&post=11308"}],"version-history":[{"count":1,"href":"https:\/\/www.creusonslabible.fr\/index.php?rest_route=\/wp\/v2\/posts\/11308\/revisions"}],"predecessor-version":[{"id":11310,"href":"https:\/\/www.creusonslabible.fr\/index.php?rest_route=\/wp\/v2\/posts\/11308\/revisions\/11310"}],"wp:featuredmedia":[{"embeddable":true,"href":"https:\/\/www.creusonslabible.fr\/index.php?rest_route=\/wp\/v2\/media\/11309"}],"wp:attachment":[{"href":"https:\/\/www.creusonslabible.fr\/index.php?rest_route=%2Fwp%2Fv2%2Fmedia&parent=11308"}],"wp:term":[{"taxonomy":"category","embeddable":true,"href":"https:\/\/www.creusonslabible.fr\/index.php?rest_route=%2Fwp%2Fv2%2Fcategories&post=11308"},{"taxonomy":"post_tag","embeddable":true,"href":"https:\/\/www.creusonslabible.fr\/index.php?rest_route=%2Fwp%2Fv2%2Ftags&post=11308"},{"taxonomy":"video","embeddable":true,"href":"https:\/\/www.creusonslabible.fr\/index.php?rest_route=%2Fwp%2Fv2%2Fvideo&post=11308"},{"taxonomy":"audio","embeddable":true,"href":"https:\/\/www.creusonslabible.fr\/index.php?rest_route=%2Fwp%2Fv2%2Faudio&post=11308"},{"taxonomy":"ecrit","embeddable":true,"href":"https:\/\/www.creusonslabible.fr\/index.php?rest_route=%2Fwp%2Fv2%2Fecrit&post=11308"},{"taxonomy":"mis-en-avant","embeddable":true,"href":"https:\/\/www.creusonslabible.fr\/index.php?rest_route=%2Fwp%2Fv2%2Fmis-en-avant&post=11308"},{"taxonomy":"redacteur","embeddable":true,"href":"https:\/\/www.creusonslabible.fr\/index.php?rest_route=%2Fwp%2Fv2%2Fredacteur&post=11308"},{"taxonomy":"type-darticle","embeddable":true,"href":"https:\/\/www.creusonslabible.fr\/index.php?rest_route=%2Fwp%2Fv2%2Ftype-darticle&post=11308"}],"curies":[{"name":"wp","href":"https:\/\/api.w.org\/{rel}","templated":true}]}}