{"id":11388,"date":"2025-04-04T10:48:41","date_gmt":"2025-04-04T08:48:41","guid":{"rendered":"https:\/\/www.creusonslabible.fr\/?p=11388"},"modified":"2025-04-03T10:20:39","modified_gmt":"2025-04-03T08:20:39","slug":"leternel-est-mon-berger-psaume-23","status":"publish","type":"post","link":"https:\/\/www.creusonslabible.fr\/?p=11388","title":{"rendered":"L&rsquo;\u00c9ternel est mon berger : Psaume 23"},"content":{"rendered":"\n<p><\/p>\n\n\n\n<blockquote class=\"wp-block-quote is-layout-flow wp-block-quote-is-layout-flow\">\n<p>Psaume&nbsp;23&nbsp;<em>Psaume. De David.<\/em><\/p>\n\n\n\n<p>Le SEIGNEUR est mon berger&nbsp;:&nbsp;je ne manquerai de rien.<\/p>\n\n\n\n<p>2&nbsp;Il me fait&nbsp;coucher dans de verts p\u00e2turages,<br>il me&nbsp;dirige vers des eaux paisibles.<\/p>\n\n\n\n<p>3&nbsp;Il&nbsp;restaure ma vie,<br>il me&nbsp;conduit sur les sentiers de la justice,<br>\u00e0 cause de son nom.<\/p>\n\n\n\n<p>4&nbsp;M\u00eame si je marche dans la vall\u00e9e de l&rsquo;ombre de mort,<br>je ne crains aucun mal,&nbsp;car tu es avec moi&nbsp;:<br>ta houlette et ton b\u00e2ton, voil\u00e0 mon r\u00e9confort.<\/p>\n\n\n\n<p>5&nbsp;Tu dresses devant moi une table,<br>en face&nbsp;de mes adversaires&nbsp;;<br>tu enduis ma t\u00eate d&rsquo;huile,<br>ma coupe d\u00e9borde.<\/p>\n\n\n\n<p>6&nbsp;Oui, le bonheur et la fid\u00e9lit\u00e9 m&rsquo;accompagneront<br>tous les jours de ma vie,<br>et je reviendrai \u00e0&nbsp;la maison du SEIGNEUR<br>pour la longueur des jours.<\/p>\n<\/blockquote>\n\n\n\n<h2 class=\"wp-block-heading\"><strong>Contexte<\/strong><\/h2>\n\n\n\n<p>Nous allons \u00e9tudier un Psaume qui est un po\u00e8me chant\u00e9 pour glorifier le Dieu d\u2019Isra\u00ebl. David en est l\u2019auteur et sa trajectoire personnelle est particuli\u00e8re puisqu\u2019il a commenc\u00e9 comme berger pour finalement devenir le roi d\u2019Isra\u00ebl.<\/p>\n\n\n\n<h2 class=\"wp-block-heading\"><strong>Observation<\/strong><\/h2>\n\n\n\n<ul class=\"wp-block-list\">\n<li>\u00c0 qui David se compare-t-il\u00a0? \u00c0 qui compare-t-il Dieu\u00a0?<\/li>\n\n\n\n<li>Quels sont les b\u00e9n\u00e9fices d\u2019\u00eatre le mouton de ce berger-l\u00e0\u00a0?<\/li>\n\n\n\n<li>Quelle est la diff\u00e9rence entre les vv.2-3 et vv.4-5\u00a0?\u00a0<em>(2-3 parle de prendre soin, 4-5 de protection face au danger)<\/em><\/li>\n\n\n\n<li>Quel sentiment est sens\u00e9 procurer ce Psaume\u00a0? Pourquoi\u00a0?<\/li>\n<\/ul>\n\n\n\n<h2 class=\"wp-block-heading\"><strong>Compr\u00e9hension<\/strong><\/h2>\n\n\n\n<ul class=\"wp-block-list\">\n<li>Est-ce valorisant d\u2019\u00eatre consid\u00e9r\u00e9 comme un mouton\u00a0? Pourquoi\u00a0?<\/li>\n\n\n\n<li>David \u00e9tait berger de m\u00e9tier. D\u2019apr\u00e8s vous, pourquoi s\u2019est-il vu en mouton quand il a voulu \u00e9crire de chant d\u2019adoration \u00e0 Dieu\u00a0?<\/li>\n\n\n\n<li>Que dit ce Psaume de la libert\u00e9\u00a0?\u00a0<\/li>\n\n\n\n<li>Comparez ce Psaume avec la d\u00e9claration de J\u00e9sus en Jean 10.11-15\u00a0:<\/li>\n<\/ul>\n\n\n\n<blockquote class=\"wp-block-quote is-layout-flow wp-block-quote-is-layout-flow\">\n<p>11 Je suis le bon berger. Le bon berger donne sa vie pour ses brebis.12 Celui qui n&rsquo;est pas le berger, qui n&rsquo;est pas le propri\u00e9taire des brebis, mais que l&rsquo;on paye pour les garder, se sauve, lui, d\u00e8s qu&rsquo;il voit venir le loup, et il abandonne les brebis ; alors le loup se pr\u00e9cipite sur elles, il s&#8217;empare de quelques-unes et disperse le troupeau. 13 Cet homme agit ainsi parce qu&rsquo;il est pay\u00e9 pour faire ce travail et qu&rsquo;il n&rsquo;a aucun souci des brebis.<\/p>\n\n\n\n<p>14 Moi, je suis le bon berger ; je connais mes brebis et mes brebis me connaissent, 15 tout comme le P\u00e8re me conna\u00eet et que je connais le P\u00e8re. Je donne ma vie pour mes brebis.<\/p>\n<\/blockquote>\n\n\n\n<ul class=\"wp-block-list\">\n<li>Est-il possible d\u2019\u00eatre vraiment heureux sans le bon berger\u00a0?<\/li>\n\n\n\n<li>Le slogan \u00ab\u00a0ni dieu, ni ma\u00eetre\u00a0\u00bb est-il possible \u00e0 vivre\u00a0? Que pensez-vous de ce que dit David dans cet autre Psaume\u00a0:<\/li>\n<\/ul>\n\n\n\n<blockquote class=\"wp-block-quote is-layout-flow wp-block-quote-is-layout-flow\">\n<p>Psaume 14.1 Les insens\u00e9s pensent : | \u00ab Dieu n&rsquo;existe pas. \u00bb<\/p>\n\n\n\n<p>Ils sont corrompus, | leurs actions sont d\u00e9gradantes, | et aucun ne fait le bien.<\/p>\n\n\n\n<p>2 Du ciel, l&rsquo;\u00c9ternel observe | tout le genre humain :<\/p>\n\n\n\n<p>\u00ab Reste-t-il un homme sage<\/p>\n\n\n\n<p>qui s&rsquo;attend \u00e0 Dieu ?<\/p>\n\n\n\n<p>3 Ils se sont tous \u00e9gar\u00e9s, | tous sont corrompus,<\/p>\n\n\n\n<p>plus aucun ne fait le bien,<\/p>\n\n\n\n<p>m\u00eame pas un seul.<\/p>\n\n\n\n<p>4 Tous ces gens qui font le mal, | n&rsquo;ont-ils rien compris ?<\/p>\n\n\n\n<p>Car ils d\u00e9vorent mon peuple, | c&rsquo;est le pain qu&rsquo;ils mangent !<\/p>\n\n\n\n<p>Jamais ils n&rsquo;invoquent l&rsquo;\u00c9ternel ! \u00bb<\/p>\n<\/blockquote>\n\n\n\n<h2 class=\"wp-block-heading\"><strong>Application<\/strong><\/h2>\n\n\n\n<ul class=\"wp-block-list\">\n<li>Vers qui\/quoi se tournent nos contemporains pour avoir le bonheur et la s\u00e9curit\u00e9 \u00a0? Est-ce que \u00e7a fonctionne\u00a0?<\/li>\n\n\n\n<li>\u00cates-vous des moutons\u00a0? Pourquoi\u00a0?<\/li>\n<\/ul>\n","protected":false},"excerpt":{"rendered":"<p>Psaume&nbsp;23&nbsp;Psaume. De David. Le SEIGNEUR est mon berger&nbsp;:&nbsp;je ne manquerai de rien. 2&nbsp;Il me fait&nbsp;coucher dans de verts p\u00e2turages,il me&nbsp;dirige vers des eaux paisibles. 3&nbsp;Il&nbsp;restaure ma vie,il me&nbsp;conduit sur les sentiers de la justice,\u00e0 cause de son nom. 4&nbsp;M\u00eame si je marche dans la vall\u00e9e de l&rsquo;ombre de mort,je ne crains aucun mal,&nbsp;car tu es [&hellip;]<\/p>\n","protected":false},"author":3,"featured_media":11389,"comment_status":"open","ping_status":"open","sticky":false,"template":"","format":"standard","meta":{"_acf_changed":false,"_eb_attr":"","advgb_blocks_editor_width":"","advgb_blocks_columns_visual_guide":"","footnotes":""},"categories":[18],"tags":[170,916,651,327],"video":[],"audio":[],"ecrit":[],"mis-en-avant":[],"redacteur":[],"type-darticle":[],"class_list":["post-11388","post","type-post","status-publish","format-standard","has-post-thumbnail","hentry","category-dab-pour-etudiants","tag-ancien-testament","tag-berger","tag-ecrit","tag-psaume"],"blocksy_meta":[],"acf":[],"featured_image_src":"https:\/\/www.creusonslabible.fr\/wp-content\/uploads\/2025\/03\/vt2efwhbs-e.jpg","author_info":{"display_name":"Yoh","author_link":"https:\/\/www.creusonslabible.fr\/?author=3"},"author_meta":{"display_name":"Yoh","author_link":"https:\/\/www.creusonslabible.fr\/?author=3"},"featured_img":"https:\/\/www.creusonslabible.fr\/wp-content\/uploads\/2025\/03\/vt2efwhbs-e-300x175.jpg","coauthors":[],"tax_additional":{"categories":{"linked":["<a href=\"https:\/\/www.creusonslabible.fr\/?cat=18\" class=\"advgb-post-tax-term\">DAB pour \u00e9tudiants<\/a>"],"unlinked":["<span class=\"advgb-post-tax-term\">DAB pour \u00e9tudiants<\/span>"]},"tags":{"linked":["<a href=\"https:\/\/www.creusonslabible.fr\/?cat=18\" class=\"advgb-post-tax-term\">Ancien-Testament<\/a>","<a href=\"https:\/\/www.creusonslabible.fr\/?cat=18\" class=\"advgb-post-tax-term\">berger<\/a>","<a href=\"https:\/\/www.creusonslabible.fr\/?cat=18\" class=\"advgb-post-tax-term\">\u00e9crit<\/a>","<a href=\"https:\/\/www.creusonslabible.fr\/?cat=18\" class=\"advgb-post-tax-term\">Psaume<\/a>"],"unlinked":["<span class=\"advgb-post-tax-term\">Ancien-Testament<\/span>","<span class=\"advgb-post-tax-term\">berger<\/span>","<span class=\"advgb-post-tax-term\">\u00e9crit<\/span>","<span class=\"advgb-post-tax-term\">Psaume<\/span>"]}},"comment_count":"0","relative_dates":{"created":"Publi\u00e9 1 an il y a","modified":"Mis \u00e0 jour 1 an il y a"},"absolute_dates":{"created":"Publi\u00e9 le 4 avril 2025","modified":"Mise \u00e0 jour le 3 avril 2025"},"absolute_dates_time":{"created":"Publi\u00e9 le 4 avril 2025 10h48","modified":"Mise \u00e0 jour le 3 avril 2025 10h20"},"featured_img_caption":"","series_order":"","meta_box":[],"_links":{"self":[{"href":"https:\/\/www.creusonslabible.fr\/index.php?rest_route=\/wp\/v2\/posts\/11388","targetHints":{"allow":["GET"]}}],"collection":[{"href":"https:\/\/www.creusonslabible.fr\/index.php?rest_route=\/wp\/v2\/posts"}],"about":[{"href":"https:\/\/www.creusonslabible.fr\/index.php?rest_route=\/wp\/v2\/types\/post"}],"author":[{"embeddable":true,"href":"https:\/\/www.creusonslabible.fr\/index.php?rest_route=\/wp\/v2\/users\/3"}],"replies":[{"embeddable":true,"href":"https:\/\/www.creusonslabible.fr\/index.php?rest_route=%2Fwp%2Fv2%2Fcomments&post=11388"}],"version-history":[{"count":1,"href":"https:\/\/www.creusonslabible.fr\/index.php?rest_route=\/wp\/v2\/posts\/11388\/revisions"}],"predecessor-version":[{"id":11390,"href":"https:\/\/www.creusonslabible.fr\/index.php?rest_route=\/wp\/v2\/posts\/11388\/revisions\/11390"}],"wp:featuredmedia":[{"embeddable":true,"href":"https:\/\/www.creusonslabible.fr\/index.php?rest_route=\/wp\/v2\/media\/11389"}],"wp:attachment":[{"href":"https:\/\/www.creusonslabible.fr\/index.php?rest_route=%2Fwp%2Fv2%2Fmedia&parent=11388"}],"wp:term":[{"taxonomy":"category","embeddable":true,"href":"https:\/\/www.creusonslabible.fr\/index.php?rest_route=%2Fwp%2Fv2%2Fcategories&post=11388"},{"taxonomy":"post_tag","embeddable":true,"href":"https:\/\/www.creusonslabible.fr\/index.php?rest_route=%2Fwp%2Fv2%2Ftags&post=11388"},{"taxonomy":"video","embeddable":true,"href":"https:\/\/www.creusonslabible.fr\/index.php?rest_route=%2Fwp%2Fv2%2Fvideo&post=11388"},{"taxonomy":"audio","embeddable":true,"href":"https:\/\/www.creusonslabible.fr\/index.php?rest_route=%2Fwp%2Fv2%2Faudio&post=11388"},{"taxonomy":"ecrit","embeddable":true,"href":"https:\/\/www.creusonslabible.fr\/index.php?rest_route=%2Fwp%2Fv2%2Fecrit&post=11388"},{"taxonomy":"mis-en-avant","embeddable":true,"href":"https:\/\/www.creusonslabible.fr\/index.php?rest_route=%2Fwp%2Fv2%2Fmis-en-avant&post=11388"},{"taxonomy":"redacteur","embeddable":true,"href":"https:\/\/www.creusonslabible.fr\/index.php?rest_route=%2Fwp%2Fv2%2Fredacteur&post=11388"},{"taxonomy":"type-darticle","embeddable":true,"href":"https:\/\/www.creusonslabible.fr\/index.php?rest_route=%2Fwp%2Fv2%2Ftype-darticle&post=11388"}],"curies":[{"name":"wp","href":"https:\/\/api.w.org\/{rel}","templated":true}]}}