{"id":11411,"date":"2025-04-08T10:10:06","date_gmt":"2025-04-08T08:10:06","guid":{"rendered":"https:\/\/www.creusonslabible.fr\/?p=11411"},"modified":"2025-04-03T10:21:14","modified_gmt":"2025-04-03T08:21:14","slug":"mauvais-bergers-ezechiel-34","status":"publish","type":"post","link":"https:\/\/www.creusonslabible.fr\/?p=11411","title":{"rendered":"Mauvais bergers ! \u00c9z\u00e9chiel 34"},"content":{"rendered":"\n<h2 class=\"wp-block-heading\"><strong>QUESTION D\u2019INTRO<\/strong><\/h2>\n\n\n\n<p>Que pensez-vous des politiques qui nous gouvernent\/influencent ? Expliquez.<\/p>\n\n\n\n<h2 class=\"wp-block-heading\"><strong>CONTEXTE<\/strong><\/h2>\n\n\n\n<p>Nous sommes au 6\u00e8me si\u00e8cle avant notre \u00e8re, avec la communaut\u00e9 juive exil\u00e9e en Babylonie. Comme apr\u00e8s chaque grande catastrophe, il est indispensable de faire un bilan sans concession et de s\u2019interroger sur l\u2019avenir : c\u2019est le but du proph\u00e8te \u00c9z\u00e9chiel au milieu d\u2019un peuple qui se fait encore beaucoup d\u2019illusions.&nbsp;<\/p>\n\n\n\n<p>Pendant la lecture du passage, rep\u00e9rer qui sont les probl\u00e8mes et qui sont les solutions<\/p>\n\n\n\n<h2 class=\"wp-block-heading\"><strong>OBSERVATION<\/strong><\/h2>\n\n\n\n<ul class=\"wp-block-list\">\n<li>Comment qualifieriez-vous ce passage ? (Jugement)<\/li>\n\n\n\n<li>Qui parle ? Pourquoi ? (c\u2019est Dieu pour expliquer les raisons de l\u2019exil)<\/li>\n\n\n\n<li>Qui sont les 2 sortes d\u2019accus\u00e9s ?<\/li>\n\n\n\n<li>Qu\u2019est-ce qui leur est reproch\u00e9 ?<\/li>\n<\/ul>\n\n\n\n<figure class=\"wp-block-table is-style-stripes\"><table class=\"has-palette-color-8-background-color has-background has-fixed-layout\"><tbody><tr><td class=\"has-text-align-center\" data-align=\"center\"><strong><mark style=\"background-color:rgba(0, 0, 0, 0);color:#107f87\" class=\"has-inline-color\">Dirigeants politiques<\/mark><\/strong><\/td><td class=\"has-text-align-center\" data-align=\"center\"><strong><mark style=\"background-color:rgba(0, 0, 0, 0)\" class=\"has-inline-color has-palette-color-2-color\">Riches profitant du syst\u00e8me<\/mark><\/strong><\/td><\/tr><tr><td class=\"has-text-align-center\" data-align=\"center\">se servent eux m\u00eame (3-4)<\/td><td class=\"has-text-align-center\" data-align=\"center\">prennent un maximum de richesses (18)<\/td><\/tr><tr><td class=\"has-text-align-center\" data-align=\"center\">n&rsquo;aident pas les faibles (5)<\/td><td class=\"has-text-align-center\" data-align=\"center\">Mettent la t\u00eate des autres sous l&rsquo;eau (18)<\/td><\/tr><tr><td class=\"has-text-align-center\" data-align=\"center\">Tyrannisent (5)<\/td><td class=\"has-text-align-center\" data-align=\"center\">Excluent les pauvres de tout espoir de s&rsquo;en sortir (21) et&nbsp;<\/td><\/tr><tr><td class=\"has-text-align-center\" data-align=\"center\">Ne luttent pas contre l\u2019idol\u00e2trie (6) et donc<\/td><td class=\"has-text-align-center\" data-align=\"center\">entretiennent la fracture sociale (20)<\/td><\/tr><tr><td class=\"has-text-align-center\" data-align=\"center\">sont responsables de l&rsquo;exil (8)<\/td><td class=\"has-text-align-center\" data-align=\"center\"><br><\/td><\/tr><\/tbody><\/table><\/figure>\n\n\n\n<ul class=\"wp-block-list\">\n<li>Quel sera leur ch\u00e2timent ?<\/li>\n\n\n\n<li>Qui sont ceux qui vont les remplacer ? (Dieu lui-m\u00eame au v.11 et David aux vv.23-24)<\/li>\n\n\n\n<li>Quelles sont les promesses attach\u00e9es \u00e0 la venue de ce(s) nouveau(x) berger(s) ? (a) Retour d&rsquo;exil (12-13), b) promesse d&rsquo;abondance (14), c) \u00e9galit\u00e9 sociale (16), d) plus d&rsquo;ennemis (25), e) plus d&rsquo;avaries, plus d&rsquo;inqui\u00e9tudes pour l\u2019avenir).<\/li>\n\n\n\n<li>D\u2019apr\u00e8s les vv.30-31, quel est le but de cet oracle ?<\/li>\n<\/ul>\n\n\n\n<h2 class=\"wp-block-heading\"><strong>COMPR\u00c9HENSION<\/strong><\/h2>\n\n\n\n<ul class=\"wp-block-list\">\n<li>Quelle vision de Dieu a-t-on ici ?\u00a0<\/li>\n\n\n\n<li>Comment les brebis\/petits du peuple ont-elles d\u00fb r\u00e9agir en entendant cette proph\u00e9tie ?<\/li>\n\n\n\n<li>Pourquoi est-il difficile de ne pas chercher \u00e0 tirer profit du pouvoir politique et \u00e9conomique ? (\u00e0 cause du P\u00e9ch\u00e9)<\/li>\n\n\n\n<li>Pourquoi Dieu se m\u00eale-t-il des affaires politiques et socio-\u00e9conomiques du peuple ?<\/li>\n\n\n\n<li>Quel est l\u2019un des buts principaux de la loi de Mo\u00efse d\u2019apr\u00e8s cette proph\u00e9tie ?<\/li>\n\n\n\n<li>Comparez cette proph\u00e9tie aux d\u00e9clarations de J\u00e9sus en Jean 10.11-15 :<\/li>\n<\/ul>\n\n\n\n<blockquote class=\"wp-block-quote is-layout-flow wp-block-quote-is-layout-flow\">\n<p>11&nbsp;Je suis le bon berger. Le bon berger donne sa vie pour ses brebis.12&nbsp;Celui qui n&rsquo;est pas le berger, qui n&rsquo;est pas le propri\u00e9taire des brebis, mais que l&rsquo;on paye pour les garder, se sauve, lui, d\u00e8s qu&rsquo;il voit venir le loup, et il abandonne les brebis&nbsp;; alors le loup se pr\u00e9cipite sur elles, il s&#8217;empare de quelques-unes et disperse le troupeau. 13&nbsp;Cet homme agit ainsi parce qu&rsquo;il est pay\u00e9 pour faire ce travail et qu&rsquo;il n&rsquo;a aucun souci des brebis.14&nbsp;Moi, je suis le bon berger&nbsp;; je connais mes brebis et mes brebis me connaissent, 15&nbsp;tout comme le P\u00e8re me conna\u00eet et que je connais le P\u00e8re. Je donne ma vie pour mes brebis.<\/p>\n<\/blockquote>\n\n\n\n<ul class=\"wp-block-list\">\n<li>Comment J\u00e9sus accomplit-il \u00c9z\u00e9chiel 34 ?\u00a0<\/li>\n\n\n\n<li>Regardez maintenant Jean 13.13-16 :<\/li>\n<\/ul>\n\n\n\n<blockquote class=\"wp-block-quote is-layout-flow wp-block-quote-is-layout-flow\">\n<p>13\u00a0Vous m&rsquo;appelez Ma\u00eetre et Seigneur \u2013 et vous avez raison, car je le suis. 14\u00a0Si donc moi, le Seigneur et le Ma\u00eetre, je vous ai lav\u00e9 les pieds, vous devez, vous aussi, vous laver les pieds les uns aux autres. 15\u00a0Je viens de vous donner un exemple, pour qu&rsquo;\u00e0 votre tour vous agissiez comme j&rsquo;ai agi envers vous. 16\u00a0Vraiment, je vous l&rsquo;assure, un serviteur n&rsquo;est jamais sup\u00e9rieur \u00e0 son ma\u00eetre, ni un messager plus grand que celui qui l&rsquo;envoie.<\/p>\n<\/blockquote>\n\n\n\n<ul class=\"wp-block-list\">\n<li>Comment les ap\u00f4tres (et les autres disciples) doivent-ils aborder leur r\u00f4le de dirigeant d\u2019apr\u00e8s J\u00e9sus ? Pourquoi ?<\/li>\n<\/ul>\n\n\n\n<h2 class=\"wp-block-heading\"><strong>APPLICATION<\/strong><\/h2>\n\n\n\n<ul class=\"wp-block-list\">\n<li>L\u2019\u00e9tymologie de \u00ab\u00a0ministre\u00a0\u00bb c\u2019est \u00ab\u00a0serviteur\u00a0\u00bb : pensez-vous que nos dirigeants politiques soient de bons serviteurs-bergers ? Pourquoi ? Qu\u2019est-ce que cette proph\u00e9tie \u00c9z\u00e9chiel peut leur apporter ?<\/li>\n\n\n\n<li>Pourquoi les peuples attendent-ils tr\u00e8s souvent un homme politique providentiel ou un mod\u00e8le \u00e9conomique qui va provoquer un progr\u00e8s majeur ? Le r\u00e9sultat est-il convaincant ? Pourquoi ? Qu\u2019est-ce que cette proph\u00e9tie \u00c9z\u00e9chiel peut leur apporter ?<\/li>\n<\/ul>\n\n\n\n<p><\/p>\n","protected":false},"excerpt":{"rendered":"<p>QUESTION D\u2019INTRO Que pensez-vous des politiques qui nous gouvernent\/influencent ? Expliquez. CONTEXTE Nous sommes au 6\u00e8me si\u00e8cle avant notre \u00e8re, avec la communaut\u00e9 juive exil\u00e9e en Babylonie. Comme apr\u00e8s chaque grande catastrophe, il est indispensable de faire un bilan sans concession et de s\u2019interroger sur l\u2019avenir : c\u2019est le but du proph\u00e8te \u00c9z\u00e9chiel au milieu [&hellip;]<\/p>\n","protected":false},"author":3,"featured_media":11412,"comment_status":"open","ping_status":"open","sticky":false,"template":"","format":"standard","meta":{"_acf_changed":false,"_eb_attr":"","advgb_blocks_editor_width":"","advgb_blocks_columns_visual_guide":"","footnotes":""},"categories":[73,18],"tags":[170,831,651,1025,64,703],"video":[],"audio":[],"ecrit":[],"mis-en-avant":[],"redacteur":[],"type-darticle":[],"class_list":["post-11411","post","type-post","status-publish","format-standard","has-post-thumbnail","hentry","category-comment-dieu-sauve","category-dab-pour-etudiants","tag-ancien-testament","tag-bergers","tag-ecrit","tag-ezechiel-34","tag-jesus","tag-politique"],"blocksy_meta":[],"acf":[],"featured_image_src":"https:\/\/www.creusonslabible.fr\/wp-content\/uploads\/2025\/03\/znzfuvcgen4-e1743062993213.jpg","author_info":{"display_name":"Yoh","author_link":"https:\/\/www.creusonslabible.fr\/?author=3"},"author_meta":{"display_name":"Yoh","author_link":"https:\/\/www.creusonslabible.fr\/?author=3"},"featured_img":"https:\/\/www.creusonslabible.fr\/wp-content\/uploads\/2025\/03\/znzfuvcgen4-e1743062993213-300x203.jpg","coauthors":[],"tax_additional":{"categories":{"linked":["<a href=\"https:\/\/www.creusonslabible.fr\/?cat=73\" class=\"advgb-post-tax-term\">Comment Dieu sauve<\/a>","<a href=\"https:\/\/www.creusonslabible.fr\/?cat=18\" class=\"advgb-post-tax-term\">DAB pour \u00e9tudiants<\/a>"],"unlinked":["<span class=\"advgb-post-tax-term\">Comment Dieu sauve<\/span>","<span class=\"advgb-post-tax-term\">DAB pour \u00e9tudiants<\/span>"]},"tags":{"linked":["<a href=\"https:\/\/www.creusonslabible.fr\/?cat=18\" class=\"advgb-post-tax-term\">Ancien-Testament<\/a>","<a href=\"https:\/\/www.creusonslabible.fr\/?cat=18\" class=\"advgb-post-tax-term\">bergers<\/a>","<a href=\"https:\/\/www.creusonslabible.fr\/?cat=18\" class=\"advgb-post-tax-term\">\u00e9crit<\/a>","<a href=\"https:\/\/www.creusonslabible.fr\/?cat=18\" class=\"advgb-post-tax-term\">\u00c9z\u00e9chiel 34<\/a>","<a href=\"https:\/\/www.creusonslabible.fr\/?cat=18\" class=\"advgb-post-tax-term\">J\u00e9sus<\/a>","<a href=\"https:\/\/www.creusonslabible.fr\/?cat=18\" class=\"advgb-post-tax-term\">politique<\/a>"],"unlinked":["<span class=\"advgb-post-tax-term\">Ancien-Testament<\/span>","<span class=\"advgb-post-tax-term\">bergers<\/span>","<span class=\"advgb-post-tax-term\">\u00e9crit<\/span>","<span class=\"advgb-post-tax-term\">\u00c9z\u00e9chiel 34<\/span>","<span class=\"advgb-post-tax-term\">J\u00e9sus<\/span>","<span class=\"advgb-post-tax-term\">politique<\/span>"]}},"comment_count":"0","relative_dates":{"created":"Publi\u00e9 1 an il y a","modified":"Mis \u00e0 jour 1 an il y a"},"absolute_dates":{"created":"Publi\u00e9 le 8 avril 2025","modified":"Mise \u00e0 jour le 3 avril 2025"},"absolute_dates_time":{"created":"Publi\u00e9 le 8 avril 2025 10h10","modified":"Mise \u00e0 jour le 3 avril 2025 10h21"},"featured_img_caption":"","series_order":"","meta_box":[],"_links":{"self":[{"href":"https:\/\/www.creusonslabible.fr\/index.php?rest_route=\/wp\/v2\/posts\/11411","targetHints":{"allow":["GET"]}}],"collection":[{"href":"https:\/\/www.creusonslabible.fr\/index.php?rest_route=\/wp\/v2\/posts"}],"about":[{"href":"https:\/\/www.creusonslabible.fr\/index.php?rest_route=\/wp\/v2\/types\/post"}],"author":[{"embeddable":true,"href":"https:\/\/www.creusonslabible.fr\/index.php?rest_route=\/wp\/v2\/users\/3"}],"replies":[{"embeddable":true,"href":"https:\/\/www.creusonslabible.fr\/index.php?rest_route=%2Fwp%2Fv2%2Fcomments&post=11411"}],"version-history":[{"count":1,"href":"https:\/\/www.creusonslabible.fr\/index.php?rest_route=\/wp\/v2\/posts\/11411\/revisions"}],"predecessor-version":[{"id":11413,"href":"https:\/\/www.creusonslabible.fr\/index.php?rest_route=\/wp\/v2\/posts\/11411\/revisions\/11413"}],"wp:featuredmedia":[{"embeddable":true,"href":"https:\/\/www.creusonslabible.fr\/index.php?rest_route=\/wp\/v2\/media\/11412"}],"wp:attachment":[{"href":"https:\/\/www.creusonslabible.fr\/index.php?rest_route=%2Fwp%2Fv2%2Fmedia&parent=11411"}],"wp:term":[{"taxonomy":"category","embeddable":true,"href":"https:\/\/www.creusonslabible.fr\/index.php?rest_route=%2Fwp%2Fv2%2Fcategories&post=11411"},{"taxonomy":"post_tag","embeddable":true,"href":"https:\/\/www.creusonslabible.fr\/index.php?rest_route=%2Fwp%2Fv2%2Ftags&post=11411"},{"taxonomy":"video","embeddable":true,"href":"https:\/\/www.creusonslabible.fr\/index.php?rest_route=%2Fwp%2Fv2%2Fvideo&post=11411"},{"taxonomy":"audio","embeddable":true,"href":"https:\/\/www.creusonslabible.fr\/index.php?rest_route=%2Fwp%2Fv2%2Faudio&post=11411"},{"taxonomy":"ecrit","embeddable":true,"href":"https:\/\/www.creusonslabible.fr\/index.php?rest_route=%2Fwp%2Fv2%2Fecrit&post=11411"},{"taxonomy":"mis-en-avant","embeddable":true,"href":"https:\/\/www.creusonslabible.fr\/index.php?rest_route=%2Fwp%2Fv2%2Fmis-en-avant&post=11411"},{"taxonomy":"redacteur","embeddable":true,"href":"https:\/\/www.creusonslabible.fr\/index.php?rest_route=%2Fwp%2Fv2%2Fredacteur&post=11411"},{"taxonomy":"type-darticle","embeddable":true,"href":"https:\/\/www.creusonslabible.fr\/index.php?rest_route=%2Fwp%2Fv2%2Ftype-darticle&post=11411"}],"curies":[{"name":"wp","href":"https:\/\/api.w.org\/{rel}","templated":true}]}}