{"id":11506,"date":"2025-09-11T07:00:00","date_gmt":"2025-09-11T05:00:00","guid":{"rendered":"https:\/\/www.creusonslabible.fr\/?p=11506"},"modified":"2025-09-23T10:32:22","modified_gmt":"2025-09-23T08:32:22","slug":"la-lettre-aux-colossiens","status":"publish","type":"post","link":"https:\/\/www.creusonslabible.fr\/?p=11506","title":{"rendered":"La lettre aux Colossiens"},"content":{"rendered":"\n<h3 class=\"wp-block-heading\">6 expos\u00e9s bibliques donn\u00e9s lord du camp  \u00c0 Fond la Form&rsquo; en juin 2025 par C\u00e9cile, coordinatrice r\u00e9gionale de Paris.<\/h3>\n\n\n\n<p>Voulez-vous atteindre un niveau spirituel sup\u00e9rieur ? Cherchez-vous la pl\u00e9nitude spirituelle dans les pratiques d\u2019\u00e9glise, des disciplines ou diff\u00e9rentes th\u00e9ologies ? Les chr\u00e9tiens de Colosses \u00e9taient tent\u00e9s par diverses philosophies et pratiques pour atteindre un \u00ab stade spirituel sup\u00e9rieur \u00bb. Quel est alors LE meilleur christianisme qui permet LA vraie spiritualit\u00e9&nbsp;? Paul r\u00e9pond sans \u00e9quivoque dans sa lettre aux Colossiens : \u00ab&nbsp;vous avez tout pleinement en Christ&nbsp;\u00bb. Mais que signifie cela concr\u00e8tement ? Durant cette semaine, nous explorerons la primaut\u00e9 de Christ, ses implications sur toute la cr\u00e9ation et sur son \u00c9glise, ainsi que notre union avec lui, qui a des cons\u00e9quences profondes sur notre vie spirituelle.<\/p>\n\n\n\n<h2 class=\"wp-block-heading\">Jour 1 &#8211; Les progr\u00e8s de l\u2019\u00c9vangile (Col 1.1-14)<\/h2>\n\n\n\n<figure class=\"wp-block-audio\"><audio controls src=\"https:\/\/www.creusonslabible.fr\/audio\/AFLF25%20Colossiens\/1%20collossiens.mp3\"><\/audio><\/figure>\n\n\n\n<p><a href=\"https:\/\/www.creusonslabible.fr\/wp-content\/uploads\/2025\/09\/1_Col.pdf\">T\u00e9l\u00e9charger le diaporama de l\u2019intervention<\/a><\/p>\n\n\n\n<h2 class=\"wp-block-heading\">Jour 2 &#8211; Le paradoxe divin (Col 1.15-23)<\/h2>\n\n\n\n<figure class=\"wp-block-audio\"><audio controls src=\"https:\/\/www.creusonslabible.fr\/audio\/AFLF25%20Colossiens\/2%20collossiens.mp3\"><\/audio><\/figure>\n\n\n\n<p><a href=\"https:\/\/www.creusonslabible.fr\/wp-content\/uploads\/2025\/09\/2_Col.pdf\">T\u00e9l\u00e9charger le diaporama de l\u2019intervention<\/a><\/p>\n\n\n\n<h2 class=\"wp-block-heading\">Jour 3 &#8211; R\u00e9v\u00e9ler le myst\u00e8re (Col 1.24-2.5)<\/h2>\n\n\n\n<figure class=\"wp-block-audio\"><audio controls src=\"https:\/\/www.creusonslabible.fr\/audio\/AFLF25%20Colossiens\/3%20collossiens.mp3\"><\/audio><\/figure>\n\n\n\n<p><a href=\"https:\/\/www.creusonslabible.fr\/wp-content\/uploads\/2025\/09\/3_Col.pdf\">T\u00e9l\u00e9charger le diaporama de l\u2019intervention<\/a><\/p>\n\n\n\n<h2 class=\"wp-block-heading\">Jour 4 &#8211; Face \u00e0 la menace (Col 2.6-23)<\/h2>\n\n\n\n<figure class=\"wp-block-audio\"><audio controls src=\"https:\/\/www.creusonslabible.fr\/audio\/AFLF25%20Colossiens\/4%20collossiens.mp3\"><\/audio><\/figure>\n\n\n\n<p><a href=\"https:\/\/www.creusonslabible.fr\/wp-content\/uploads\/2025\/09\/4_Col.pdf\">T\u00e9l\u00e9charger le diaporama de l\u2019intervention<\/a><\/p>\n\n\n\n<h2 class=\"wp-block-heading\">Jour 5 &#8211; Un nouvel \u00eatre pour une nouvelle vie (Col 3.1-17)<\/h2>\n\n\n\n<figure class=\"wp-block-audio\"><audio controls src=\"https:\/\/www.creusonslabible.fr\/audio\/AFLF25%20Colossiens\/5%20collossiens.mp3\"><\/audio><\/figure>\n\n\n\n<p><a href=\"https:\/\/www.creusonslabible.fr\/wp-content\/uploads\/2025\/09\/5_Col.pdf\">T\u00e9l\u00e9charger le diaporama de l\u2019intervention<\/a><\/p>\n\n\n\n<h2 class=\"wp-block-heading\">Jour 6 &#8211; La r\u00e9volution est en marche (Col 3.18-4.18)<\/h2>\n\n\n\n<figure class=\"wp-block-audio\"><audio controls src=\"https:\/\/www.creusonslabible.fr\/audio\/AFLF25%20Colossiens\/6%20collossiens.mp3\"><\/audio><\/figure>\n\n\n\n<p><a href=\"https:\/\/www.creusonslabible.fr\/wp-content\/uploads\/2025\/09\/6_Col.pdf\">T\u00e9l\u00e9charger le diaporama de l\u2019intervention<\/a><\/p>\n\n\n\n<p><\/p>\n","protected":false},"excerpt":{"rendered":"<p>6 expos\u00e9s bibliques donn\u00e9s lord du camp \u00c0 Fond la Form&rsquo; en juin 2025 par C\u00e9cile, coordinatrice r\u00e9gionale de Paris. Voulez-vous atteindre un niveau spirituel sup\u00e9rieur ? Cherchez-vous la pl\u00e9nitude spirituelle dans les pratiques d\u2019\u00e9glise, des disciplines ou diff\u00e9rentes th\u00e9ologies ? Les chr\u00e9tiens de Colosses \u00e9taient tent\u00e9s par diverses philosophies et pratiques pour atteindre un [&hellip;]<\/p>\n","protected":false},"author":3,"featured_media":11588,"comment_status":"open","ping_status":"open","sticky":false,"template":"","format":"standard","meta":{"_acf_changed":false,"_eb_attr":"","advgb_blocks_editor_width":"","advgb_blocks_columns_visual_guide":"","footnotes":""},"categories":[24],"tags":[381,657],"video":[],"audio":[],"ecrit":[],"mis-en-avant":[],"redacteur":[],"type-darticle":[],"class_list":["post-11506","post","type-post","status-publish","format-standard","has-post-thumbnail","hentry","category-textes-bibliques-commentes","tag-aflf","tag-audio"],"blocksy_meta":[],"acf":[],"featured_image_src":"https:\/\/www.creusonslabible.fr\/wp-content\/uploads\/2025\/09\/cts_clpkgru.jpg","author_info":{"display_name":"Yoh","author_link":"https:\/\/www.creusonslabible.fr\/?author=3"},"author_meta":{"display_name":"Yoh","author_link":"https:\/\/www.creusonslabible.fr\/?author=3"},"featured_img":"https:\/\/www.creusonslabible.fr\/wp-content\/uploads\/2025\/09\/cts_clpkgru-169x300.jpg","coauthors":[],"tax_additional":{"categories":{"linked":["<a href=\"https:\/\/www.creusonslabible.fr\/?cat=24\" class=\"advgb-post-tax-term\">Textes Bibliques comment\u00e9s<\/a>"],"unlinked":["<span class=\"advgb-post-tax-term\">Textes Bibliques comment\u00e9s<\/span>"]},"tags":{"linked":["<a href=\"https:\/\/www.creusonslabible.fr\/?cat=24\" class=\"advgb-post-tax-term\">AFLF<\/a>","<a href=\"https:\/\/www.creusonslabible.fr\/?cat=24\" class=\"advgb-post-tax-term\">audio<\/a>"],"unlinked":["<span class=\"advgb-post-tax-term\">AFLF<\/span>","<span class=\"advgb-post-tax-term\">audio<\/span>"]}},"comment_count":"0","relative_dates":{"created":"Publi\u00e9 8 mois il y a","modified":"Mis \u00e0 jour 7 mois il y a"},"absolute_dates":{"created":"Publi\u00e9 le 11 septembre 2025","modified":"Mise \u00e0 jour le 23 septembre 2025"},"absolute_dates_time":{"created":"Publi\u00e9 le 11 septembre 2025 7h00","modified":"Mise \u00e0 jour le 23 septembre 2025 10h32"},"featured_img_caption":"","series_order":"","meta_box":[],"_links":{"self":[{"href":"https:\/\/www.creusonslabible.fr\/index.php?rest_route=\/wp\/v2\/posts\/11506","targetHints":{"allow":["GET"]}}],"collection":[{"href":"https:\/\/www.creusonslabible.fr\/index.php?rest_route=\/wp\/v2\/posts"}],"about":[{"href":"https:\/\/www.creusonslabible.fr\/index.php?rest_route=\/wp\/v2\/types\/post"}],"author":[{"embeddable":true,"href":"https:\/\/www.creusonslabible.fr\/index.php?rest_route=\/wp\/v2\/users\/3"}],"replies":[{"embeddable":true,"href":"https:\/\/www.creusonslabible.fr\/index.php?rest_route=%2Fwp%2Fv2%2Fcomments&post=11506"}],"version-history":[{"count":6,"href":"https:\/\/www.creusonslabible.fr\/index.php?rest_route=\/wp\/v2\/posts\/11506\/revisions"}],"predecessor-version":[{"id":11644,"href":"https:\/\/www.creusonslabible.fr\/index.php?rest_route=\/wp\/v2\/posts\/11506\/revisions\/11644"}],"wp:featuredmedia":[{"embeddable":true,"href":"https:\/\/www.creusonslabible.fr\/index.php?rest_route=\/wp\/v2\/media\/11588"}],"wp:attachment":[{"href":"https:\/\/www.creusonslabible.fr\/index.php?rest_route=%2Fwp%2Fv2%2Fmedia&parent=11506"}],"wp:term":[{"taxonomy":"category","embeddable":true,"href":"https:\/\/www.creusonslabible.fr\/index.php?rest_route=%2Fwp%2Fv2%2Fcategories&post=11506"},{"taxonomy":"post_tag","embeddable":true,"href":"https:\/\/www.creusonslabible.fr\/index.php?rest_route=%2Fwp%2Fv2%2Ftags&post=11506"},{"taxonomy":"video","embeddable":true,"href":"https:\/\/www.creusonslabible.fr\/index.php?rest_route=%2Fwp%2Fv2%2Fvideo&post=11506"},{"taxonomy":"audio","embeddable":true,"href":"https:\/\/www.creusonslabible.fr\/index.php?rest_route=%2Fwp%2Fv2%2Faudio&post=11506"},{"taxonomy":"ecrit","embeddable":true,"href":"https:\/\/www.creusonslabible.fr\/index.php?rest_route=%2Fwp%2Fv2%2Fecrit&post=11506"},{"taxonomy":"mis-en-avant","embeddable":true,"href":"https:\/\/www.creusonslabible.fr\/index.php?rest_route=%2Fwp%2Fv2%2Fmis-en-avant&post=11506"},{"taxonomy":"redacteur","embeddable":true,"href":"https:\/\/www.creusonslabible.fr\/index.php?rest_route=%2Fwp%2Fv2%2Fredacteur&post=11506"},{"taxonomy":"type-darticle","embeddable":true,"href":"https:\/\/www.creusonslabible.fr\/index.php?rest_route=%2Fwp%2Fv2%2Ftype-darticle&post=11506"}],"curies":[{"name":"wp","href":"https:\/\/api.w.org\/{rel}","templated":true}]}}