{"id":11513,"date":"2025-07-29T15:53:47","date_gmt":"2025-07-29T13:53:47","guid":{"rendered":"https:\/\/www.creusonslabible.fr\/?p=11513"},"modified":"2025-07-30T21:37:13","modified_gmt":"2025-07-30T19:37:13","slug":"genese-1-2-3-un-lieu-privilegie-pour-un-homme-privilegie","status":"publish","type":"post","link":"https:\/\/www.creusonslabible.fr\/?p=11513","title":{"rendered":"Gen\u00e8se 1 &#8211; 2.3\u00a0: Un lieu privil\u00e9gi\u00e9 pour un Homme privil\u00e9gi\u00e9"},"content":{"rendered":"\n<h2 class=\"wp-block-heading\">Accroche<\/h2>\n\n\n\n<p><br>D\u00e9crivez un moment de votre vie o\u00f9 vous vous \u00eates vraiment senti privil\u00e9gi\u00e9.<\/p>\n\n\n\n<h2 class=\"wp-block-heading\">Observation<\/h2>\n\n\n\n<p>Lisez le texte puis demandez aux membres du groupe de r\u00e9fl\u00e9chir \u00e0 une musique qui serait particuli\u00e8rement adapt\u00e9e pour accompagner ce passage. <\/p>\n\n\n\n<p>Si vous avez un petit groupe, vous pouvez demander \u00e0 chacun de chercher sa propre musique sur youtube (en version instrumentale). Si c\u2019est un plus grand groupe, vous pouvez faire la m\u00eame chose par \u00e9quipe. <\/p>\n\n\n\n<p>Ensuite, demandez aux participants de mettre la bande son et de choisir un repr\u00e9sentant pour<br>clamer un r\u00e9sum\u00e9 du texte au rythme de la musique.<br><\/p>\n\n\n\n<h1 class=\"wp-block-heading\">Coeur du passage<\/h1>\n\n\n\n<h4 class=\"wp-block-heading\">A. <strong>v.1 \u00e0 10&nbsp;: Dieu cr\u00e9e et ordonne un lieu parfait<\/strong><\/h4>\n\n\n\n<ul class=\"wp-block-list\">\n<li><strong>Qu\u2019est-ce que \u00e7a apporte de savoir que Dieu juge et s\u00e9pare&nbsp;?<\/strong><\/li>\n\n\n\n<li><strong>Essayez de comprendre la structure de la cr\u00e9ation en notant ce qui est cr\u00e9\u00e9 chaque jour et en observant comment les jours se r\u00e9pondent entre eux. Vous pouvez vous aider de ce tableau:<\/strong><\/li>\n<\/ul>\n\n\n\n<table class=\"wp-block-advgb-table advgb-table-frontend\"><tbody><tr><td><\/td><td><strong>Ce que Dieu fait<\/strong><\/td><td><\/td><td><strong>Ce que Dieu fait<\/strong><\/td><td><\/td><td><strong>Ce que Dieu fait<\/strong><\/td><\/tr><tr><td><strong>J 1<\/strong><br><strong>v.3-5<\/strong><\/td><td><em>Le jour et la nuit<\/em><\/td><td><strong>J 4<\/strong><br><strong>v.14-19<\/strong><\/td><td><em>Luminaires (soleil, lune et \u00e9toiles)<\/em><\/td><td><strong>J 7<\/strong><br><strong>chap 2.1-3<\/strong><\/td><td><em>Dieu se repose<\/em><\/td><\/tr><tr><td><strong>J 2<\/strong><br><strong>v.6-8<\/strong><\/td><td><em>Le ciel<\/em><\/td><td><strong>J 5<\/strong><br><strong>v.20-23<\/strong><\/td><td><em>Oiseaux du ciel\/ poissons de la mer<\/em><\/td><td><\/td><td><\/td><\/tr><tr><td><strong>J3<\/strong><br><strong>v.9-13<\/strong><\/td><td><em>La terre s\u00e9che et la v\u00e9g\u00e9tation<\/em><\/td><td><strong>J 6<\/strong><br><strong>v.24-25<\/strong><\/td><td><em>Animaux de la terre et humains <\/em><\/td><td><\/td><td><\/td><\/tr><\/tbody><\/table>\n\n\n\n<ul class=\"wp-block-list\">\n<li><strong>Que fait Dieu les trois premiers jours ? Que fait-il les trois jours suivants?<\/strong> <strong>Et le 7\u00e8me jour?<\/strong><br><em>Dabord Dieu cr\u00e9e les structures: il s\u00e9pare et ordonne<br>Dans un second temps il les rempli<br>Enfin, il se repose<\/em><\/li>\n\n\n\n<li><strong>Quel est l\u2019objectif de l\u2019auteur du verset 1 \u00e0 10, que veut-il montrer&nbsp;\u00e0 ses contemporains?<\/strong><br><em>Dieu cr\u00e9e un monde ordonn\u00e9<\/em><\/li>\n<\/ul>\n\n\n\n<h4 class=\"wp-block-heading\">B. v.11 \u00e0 25&nbsp;: Un lieu o\u00f9 il fait bon vivre<\/h4>\n\n\n\n<ul class=\"wp-block-list\">\n<li><strong>Quel est l\u2019int\u00e9r\u00eat des luminaires&nbsp;? <\/strong><br><em>Ils servent \u00e0 marquer le jour, la nuit et les saisons. Dieu a cr\u00e9\u00e9 des indicateurs pour \u00e9clairer les \u00eatres vivants et leur permettre de se rep\u00e9rer dans l\u2019espace et le temps.<\/em><\/li>\n\n\n\n<li><strong>Quel est l\u2019objectif de l\u2019auteur du verset 11 \u00e0 25? Que veut-il montrer&nbsp;\u00e0 ses contemporains ?<\/strong><br><em>Que Dieu a cr\u00e9\u00e9 le monde pour le remplir de vie.<\/em><\/li>\n\n\n\n<li><strong>Quelles sont les caract\u00e9ristiques de cette cr\u00e9ation&nbsp;?<\/strong> <br><em>Ce lieu est un lieu o\u00f9 il fait bon vivre<\/em><\/li>\n<\/ul>\n\n\n\n<h4 class=\"wp-block-heading\">C. 1.26 \u00e0 2.3&nbsp;: Tout cela pour l\u2019homme, pour qu\u2019il soit repr\u00e9sentant de Dieu<\/h4>\n\n\n\n<ul class=\"wp-block-list\">\n<li><strong>L\u2019auteur utilise un sch\u00e9ma pour raconter chaque \u00e9tape de la cr\u00e9ation, lequel ?<\/strong><br><em>Dieu dit quelque chose, puis il donne un ordre, quelque chose se cr\u00e9e, il trouve que c\u2019est bon, et un jour s\u2019ach\u00e8ve.<\/em><\/li>\n\n\n\n<li><strong>Rep\u00e9rez dans le texte deux fois o\u00f9 ce sch\u00e9ma est cass\u00e9. Quelle id\u00e9e veut faire passer l\u2019auteur en cassant ainsi le rythme de son r\u00e9cit&nbsp;? <\/strong><br><em>Ce qui casse le sch\u00e9ma c\u2019est la cr\u00e9ation de l\u2019homme et le repos de Dieu. L\u2019auteur souhaite s\u00fbrement mettre en \u00e9vidence ces \u00e9l\u00e9ments.<\/em><\/li>\n\n\n\n<li><strong>Pourquoi l\u2019auteur veut-il faire ressortir en particulier la cr\u00e9ation de l\u2019homme et le repos de Dieu ? <\/strong><em>C\u2019est certainement pour dire que ce monde parfait a \u00e9t\u00e9 fait pour l\u2019homme, l\u2019homme semble avoir une place particuli\u00e8re.<\/em><br><em><em>Le repos de Dieu montre que tout cela \u00e9tait bon et pleinement voulu par Lui.<\/em><\/em><\/li>\n\n\n\n<li><strong>Qu\u2019est-ce qu\u2019on apprend sur l\u2019homme suite \u00e0 sa cr\u00e9ation&nbsp;?<\/strong> <strong>Qu\u2019est-ce que c\u2019est \u00eatre \u201cimage de Dieu\u201d&nbsp;?<\/strong><\/li>\n\n\n\n<li><strong>Pourquoi dire que Dieu se repose&nbsp;? De quoi se repose-t-il&nbsp;?<\/strong><\/li>\n\n\n\n<li><strong>Quelles sont les caract\u00e9ristiques de Dieu ici&nbsp;? Et de l\u2019Homme&nbsp;?&nbsp;<\/strong><br><em>Dieu est tout puissant, unique, il ordonne, il est bon, il est \u00e0 l\u2019origine de la cr\u00e9ation.<\/em><br><em>Le monde est cr\u00e9\u00e9 bon et ordonn\u00e9 pour l\u2019homme<\/em><br><em>L\u2019homme a une position unique et privil\u00e9gi\u00e9e, il est le repr\u00e9sentant de Dieu.<\/em><\/li>\n<\/ul>\n\n\n\n<h2 class=\"wp-block-heading\">Appropriation<\/h2>\n\n\n\n<ul class=\"wp-block-list\">\n<li><strong>Quelles diff\u00e9rences voyez-vous entre la vision du monde telle qu\u2019elle est d\u00e9peinte dans ce passage et la vision du monde plus commune que l\u2019on a aujourd&rsquo;hui ?<\/strong><br>Ici l\u2019homme est dans un monde parfait, il est privil\u00e9gi\u00e9, tout en restant sous l\u2019autorit\u00e9 de Dieu. Il est le repr\u00e9sentant de Dieu.<br>La vision que l\u2019on a plut\u00f4t aujourd\u2019hui c\u2019est que le monde n\u2019est plus si parfait, l\u2019homme n\u2019a plus cette place privil\u00e9gi\u00e9e&nbsp;: on dit qu\u2019il est pareil \u00e0 l\u2019animal, on tend \u00e0 d\u00e9sacraliser la vie humaine.<br>Dieu n\u2019est plus repr\u00e9sent\u00e9 et refl\u00e9t\u00e9 par l\u2019homme. Il y a un probl\u00e8me: c&rsquo;est un monde compl\u00e8tement diff\u00e9rent.<\/li>\n<\/ul>\n\n\n\n<ul class=\"wp-block-list\">\n<li><strong>Quelles sont les raisons d\u2019\u00eatre\/le r\u00f4le de l\u2019homme sur Terre selon la soci\u00e9t\u00e9? Vous sentez-vous en d\u00e9calage avec cette vision&nbsp;? Quelle diriez-vous \u00eatre votre raison d\u2019\u00eatre dans la vie&nbsp;? <\/strong>On donne des petits r\u00f4les \u00e0 l\u2019homme et cela d\u00e9pend de chacun, c\u2019est subjectif et non universel, \u00e0 chacun de l\u2019\u00e9valuer. Est-ce suffisant&nbsp;? Parfois on ne pense pas qu\u2019on est privil\u00e9gi\u00e9 ou voulu. Parfois au contraire on croit qu\u2019on est unique, tout seul: ni Dieu ni ma\u00eetre. Ces deux positions cr\u00e9ent des probl\u00e8mes&nbsp;: mauvaise estime de soi, cons\u00e9quences sur nos relations avec les autres, destruction de la plan\u00e8te\u2026<\/li>\n\n\n\n<li><strong>Pourquoi Dieu a-t-il voulu commencer par ce passage dans la Bible&nbsp;?<\/strong><\/li>\n<\/ul>\n\n\n\n<p><\/p>\n","protected":false},"excerpt":{"rendered":"<p>Quelle est la place de l&rsquo;Homme dans la cr\u00e9ation ?<\/p>\n","protected":false},"author":7,"featured_media":11539,"comment_status":"open","ping_status":"open","sticky":false,"template":"","format":"standard","meta":{"_acf_changed":false,"_eb_attr":"","advgb_blocks_editor_width":"","advgb_blocks_columns_visual_guide":"","footnotes":""},"categories":[105],"tags":[1157,284,519],"video":[],"audio":[],"ecrit":[],"mis-en-avant":[],"redacteur":[],"type-darticle":[],"class_list":["post-11513","post","type-post","status-publish","format-standard","has-post-thumbnail","hentry","category-speciales-groupes-bibliques-lyceens","tag-creation-2","tag-genese","tag-valeur"],"blocksy_meta":[],"acf":[],"featured_image_src":"https:\/\/www.creusonslabible.fr\/wp-content\/uploads\/2025\/07\/Genese-1.png","author_info":{"display_name":"Val","author_link":"https:\/\/www.creusonslabible.fr\/?author=7"},"author_meta":{"display_name":"Val","author_link":"https:\/\/www.creusonslabible.fr\/?author=7"},"featured_img":"https:\/\/www.creusonslabible.fr\/wp-content\/uploads\/2025\/07\/Genese-1-300x111.png","coauthors":[],"tax_additional":{"categories":{"linked":["<a href=\"https:\/\/www.creusonslabible.fr\/?cat=105\" class=\"advgb-post-tax-term\">Sp\u00e9ciales Groupes Bibliques Lyc\u00e9ens<\/a>"],"unlinked":["<span class=\"advgb-post-tax-term\">Sp\u00e9ciales Groupes Bibliques Lyc\u00e9ens<\/span>"]},"tags":{"linked":["<a href=\"https:\/\/www.creusonslabible.fr\/?cat=105\" class=\"advgb-post-tax-term\">creation<\/a>","<a href=\"https:\/\/www.creusonslabible.fr\/?cat=105\" class=\"advgb-post-tax-term\">gen\u00e8se<\/a>","<a href=\"https:\/\/www.creusonslabible.fr\/?cat=105\" class=\"advgb-post-tax-term\">valeur<\/a>"],"unlinked":["<span class=\"advgb-post-tax-term\">creation<\/span>","<span class=\"advgb-post-tax-term\">gen\u00e8se<\/span>","<span class=\"advgb-post-tax-term\">valeur<\/span>"]}},"comment_count":"0","relative_dates":{"created":"Publi\u00e9 9 mois il y a","modified":"Mis \u00e0 jour 9 mois il y a"},"absolute_dates":{"created":"Publi\u00e9 le 29 juillet 2025","modified":"Mise \u00e0 jour le 30 juillet 2025"},"absolute_dates_time":{"created":"Publi\u00e9 le 29 juillet 2025 15h53","modified":"Mise \u00e0 jour le 30 juillet 2025 21h37"},"featured_img_caption":"","series_order":"","meta_box":[],"_links":{"self":[{"href":"https:\/\/www.creusonslabible.fr\/index.php?rest_route=\/wp\/v2\/posts\/11513","targetHints":{"allow":["GET"]}}],"collection":[{"href":"https:\/\/www.creusonslabible.fr\/index.php?rest_route=\/wp\/v2\/posts"}],"about":[{"href":"https:\/\/www.creusonslabible.fr\/index.php?rest_route=\/wp\/v2\/types\/post"}],"author":[{"embeddable":true,"href":"https:\/\/www.creusonslabible.fr\/index.php?rest_route=\/wp\/v2\/users\/7"}],"replies":[{"embeddable":true,"href":"https:\/\/www.creusonslabible.fr\/index.php?rest_route=%2Fwp%2Fv2%2Fcomments&post=11513"}],"version-history":[{"count":12,"href":"https:\/\/www.creusonslabible.fr\/index.php?rest_route=\/wp\/v2\/posts\/11513\/revisions"}],"predecessor-version":[{"id":11556,"href":"https:\/\/www.creusonslabible.fr\/index.php?rest_route=\/wp\/v2\/posts\/11513\/revisions\/11556"}],"wp:featuredmedia":[{"embeddable":true,"href":"https:\/\/www.creusonslabible.fr\/index.php?rest_route=\/wp\/v2\/media\/11539"}],"wp:attachment":[{"href":"https:\/\/www.creusonslabible.fr\/index.php?rest_route=%2Fwp%2Fv2%2Fmedia&parent=11513"}],"wp:term":[{"taxonomy":"category","embeddable":true,"href":"https:\/\/www.creusonslabible.fr\/index.php?rest_route=%2Fwp%2Fv2%2Fcategories&post=11513"},{"taxonomy":"post_tag","embeddable":true,"href":"https:\/\/www.creusonslabible.fr\/index.php?rest_route=%2Fwp%2Fv2%2Ftags&post=11513"},{"taxonomy":"video","embeddable":true,"href":"https:\/\/www.creusonslabible.fr\/index.php?rest_route=%2Fwp%2Fv2%2Fvideo&post=11513"},{"taxonomy":"audio","embeddable":true,"href":"https:\/\/www.creusonslabible.fr\/index.php?rest_route=%2Fwp%2Fv2%2Faudio&post=11513"},{"taxonomy":"ecrit","embeddable":true,"href":"https:\/\/www.creusonslabible.fr\/index.php?rest_route=%2Fwp%2Fv2%2Fecrit&post=11513"},{"taxonomy":"mis-en-avant","embeddable":true,"href":"https:\/\/www.creusonslabible.fr\/index.php?rest_route=%2Fwp%2Fv2%2Fmis-en-avant&post=11513"},{"taxonomy":"redacteur","embeddable":true,"href":"https:\/\/www.creusonslabible.fr\/index.php?rest_route=%2Fwp%2Fv2%2Fredacteur&post=11513"},{"taxonomy":"type-darticle","embeddable":true,"href":"https:\/\/www.creusonslabible.fr\/index.php?rest_route=%2Fwp%2Fv2%2Ftype-darticle&post=11513"}],"curies":[{"name":"wp","href":"https:\/\/api.w.org\/{rel}","templated":true}]}}