{"id":11550,"date":"2025-07-30T22:00:02","date_gmt":"2025-07-30T20:00:02","guid":{"rendered":"https:\/\/www.creusonslabible.fr\/?p=11550"},"modified":"2025-07-30T22:12:00","modified_gmt":"2025-07-30T20:12:00","slug":"lhomme-a-ete-cree-pour-un-monde-beau-et-bon","status":"publish","type":"post","link":"https:\/\/www.creusonslabible.fr\/?p=11550","title":{"rendered":"Gen\u00e8se 2.4-17: L\u2019Homme a \u00e9t\u00e9 cr\u00e9\u00e9 pour un monde beau et bon"},"content":{"rendered":"\n<h2 class=\"wp-block-heading\">Accroche<\/h2>\n\n\n\n<p>Qu\u2019est-ce qui fait votre bonheur en g\u00e9n\u00e9ral&nbsp;? Quels sont les ingr\u00e9dients d\u2019une vie \u00e9panouie selon vous&nbsp;?<\/p>\n\n\n\n<h2 class=\"wp-block-heading\">Observation<\/h2>\n\n\n\n<p>Regardez les images ci-dessous et choisissez-en une qui repr\u00e9sente le plus votre ressenti&nbsp; \u00e0 la lecture de ce texte. Expliquez<\/p>\n\n\n\n<figure class=\"wp-block-image size-full\"><img loading=\"lazy\" decoding=\"async\" width=\"693\" height=\"960\" src=\"https:\/\/www.creusonslabible.fr\/wp-content\/uploads\/2025\/07\/images-Dixit-Ge-2.jpg\" alt=\"\" class=\"wp-image-11553\" srcset=\"https:\/\/www.creusonslabible.fr\/wp-content\/uploads\/2025\/07\/images-Dixit-Ge-2.jpg 693w, https:\/\/www.creusonslabible.fr\/wp-content\/uploads\/2025\/07\/images-Dixit-Ge-2-217x300.jpg 217w\" sizes=\"auto, (max-width: 693px) 100vw, 693px\" \/><\/figure>\n\n\n\n<figure class=\"wp-block-image size-full is-resized\"><img loading=\"lazy\" decoding=\"async\" width=\"614\" height=\"628\" src=\"https:\/\/www.creusonslabible.fr\/wp-content\/uploads\/2025\/07\/images-Dixit-Ge-2-p.2-1.jpg\" alt=\"\" class=\"wp-image-11555\" style=\"width:679px;height:auto\" srcset=\"https:\/\/www.creusonslabible.fr\/wp-content\/uploads\/2025\/07\/images-Dixit-Ge-2-p.2-1.jpg 614w, https:\/\/www.creusonslabible.fr\/wp-content\/uploads\/2025\/07\/images-Dixit-Ge-2-p.2-1-293x300.jpg 293w\" sizes=\"auto, (max-width: 614px) 100vw, 614px\" \/><\/figure>\n\n\n\n<h2 class=\"wp-block-heading\">Coeur du passage:<\/h2>\n\n\n\n<h4 class=\"wp-block-heading\"><strong>V4 \u00e0 9 Heureusement que l\u2019homme est arriv\u00e9\u2026.<\/strong><\/h4>\n\n\n\n<ul class=\"wp-block-list\">\n<li><em><strong>Que veut montrer l\u2019auteur par la mise en \u00e9vidence du manque dans les v 4-5&nbsp;? <\/strong>C\u2019est un effet litt\u00e9raire que l\u2019auteur utilise pour susciter du suspens et montrer qu\u2019il manque quelque chose. Ici, la chose qui manque c\u2019est principalement l\u2019Homme. Les autres sont l\u2019eau et l\u2019herbe, mais celles-ci servent \u00e0 \u00eatre cultiv\u00e9es par l\u2019Homme.<\/em><\/li>\n<\/ul>\n\n\n\n<ul class=\"wp-block-list\">\n<li><strong>Qu\u2019est-ce qui change \u00e0 partir du v 6&nbsp;? <\/strong><em>Description de l&rsquo;apparition de ce qui \u00e9tait inexistant<\/em><strong>&nbsp;<\/strong><\/li>\n\n\n\n<li><strong>A quoi va servir l\u2019homme&nbsp;? <\/strong><em>Le but de la vie de l\u2019homme sera de profiter de tout ce qui est bon sur terre, d\u2019en prendre soin et d\u2019\u00eatre \u00e0 l\u2019image de Dieu<\/em><\/li>\n\n\n\n<li><strong>En quoi est-ce un r\u00f4le beau et non d\u00e9valorisant selon le texte&nbsp;? <\/strong>&nbsp;<em>L\u2019homme a le privil\u00e8ge de cultiver et de rendre les choses belles&nbsp;: v5 et v15.<\/em><\/li>\n\n\n\n<li><strong>En quoi l\u2019id\u00e9e selon laquelle les \u00eatre humains auraient \u00e9t\u00e9 voulus et privil\u00e9gi\u00e9s par un cr\u00e9ateur, contraste-t-elle avec d\u2019autres visions de l\u2019humanit\u00e9 que vous percevez autour de vous ?&nbsp;<\/strong><br><\/li>\n<\/ul>\n\n\n\n<h4 class=\"wp-block-heading\"><strong>V8 \u00e0 15 Dieu fait le bonheur de l\u2019homme<\/strong><\/h4>\n\n\n\n<ul class=\"wp-block-list\">\n<li><strong>A quoi servent toutes ces descriptions sur la botanique (le cycle de l\u2019eau) et la g\u00e9ographie (les fleuves et pierres pr\u00e9cieuses)&nbsp;? Dans quel but l\u2019auteur met autant de d\u00e9tails et pourquoi est-ce important de savoir cela autour de la cr\u00e9ation de l\u2019homme&nbsp;? <\/strong><em>L<\/em><em>\u2019auteur veut montrer que cet endroit \u00e9tait le paradis pour l\u2019Homme, que c\u2019\u00e9tait bon et parfait pour lui et que tout \u00e9tait pr\u00e9vu pour faire son bonheur.<\/em><\/li>\n<\/ul>\n\n\n\n<ul class=\"wp-block-list\">\n<li><strong>Qu\u2019est-ce qui nous montre que l\u2019\u00eatre humain a une place privil\u00e9gi\u00e9e dans la cr\u00e9ation ?<\/strong> L\u2019homme est fait de poussi\u00e8re et du souffle de Dieu, il est donc unique par rapport au reste de la cr\u00e9ation. L\u2019ensemble du lieu est bon et agr\u00e9able pour les hommes, il y a tout ce dont ils ont besoin pour vivre. Enfin, ils ont la g\u00e9rance de toute cette merveilleuse cr\u00e9ation.<\/li>\n\n\n\n<li><strong>En quoi cela contraste avec la situation de l\u2019\u00e9poque de Mo\u00efse, l\u2019auteur de ce texte ?<\/strong><\/li>\n<\/ul>\n\n\n\n<h4 class=\"wp-block-heading\"><strong>V16 \u00e0 17 La bonne limite que Dieu pose<\/strong><\/h4>\n\n\n\n<ul class=\"wp-block-list\">\n<li><strong>Quelle est la place de l\u2019Homme par rapport \u00e0 la cr\u00e9ation et par rapport \u00e0 Dieu?\u00a0<\/strong><\/li>\n\n\n\n<li><strong>Rappelons-nous ce que nous avions vu la derni\u00e8re fois: qu\u2019est-ce qu\u2019\u00eatre l\u2019image de Dieu&nbsp;? <\/strong><em>\u00c7a veut dire que les \u00eatre humains partagent des attributs communs avec Dieu et qu\u2019ils ont \u00e9t\u00e9 cr\u00e9\u00e9s pour \u00eatre des reflets, des t\u00e9moins de qui est Dieu, par leur fa\u00e7on d\u2019agir et de penser.&nbsp;<br>L\u2019homme est dou\u00e9 de raison et de volont\u00e9, ce qui refl\u00e8te l\u2019intelligence et la libert\u00e9 de Dieu.&nbsp;<br>Sur le plan moral, l\u2019homme a \u00e9t\u00e9 cr\u00e9\u00e9 parfaitement juste et innocent, ce qui refl\u00e8te la saintet\u00e9 de Dieu.<br>Sur le plan social, l\u2019homme a \u00e9t\u00e9 cr\u00e9\u00e9 pour entretenir des relations, ce qui refl\u00e8te la nature trinitaire&nbsp; et l\u2019amour de Dieu.&nbsp;<br>Le fait d\u2019avoir \u00e9t\u00e9 cr\u00e9\u00e9 \u00e0 l\u2019image de Dieu implique aussi qu\u2019Adam avait le libre arbitre\u2026<\/em><\/li>\n\n\n\n<li><strong>Que signifie la limite donn\u00e9e par Dieu&nbsp;aux \u00eatre humains ? Pourquoi est-ce la seule condition pour profiter du bonheur&nbsp;?<\/strong> <em>Parce que d\u00e9cider de ce qui est bien et mal c\u2019est le r\u00f4le de Dieu&nbsp; et pas de l\u2019homme, faire cela ce serait se mettre \u00e0 la place de Dieu.&nbsp;<\/em><\/li>\n\n\n\n<li><strong>En quoi c\u2019est une bonne limite&nbsp;?<\/strong><em> l\u2019\u00eatre humain est incapable de discerner parfaitement ce qui est bon ou mal. Il n\u2019a pas \u00e9t\u00e9 cr\u00e9\u00e9 pour cela.&nbsp;<\/em><\/li>\n<\/ul>\n\n\n\n<h4 class=\"wp-block-heading\">Appropriation<\/h4>\n\n\n\n<ul class=\"wp-block-list\">\n<li><strong>R\u00e9fl\u00e9chissez \u00e0 la question d\u2019accroche du bonheur et \u00e0 votre r\u00e9ponse. Pourquoi cela ne marche pas selon ce texte, ou pourquoi pourrait-on dire que c\u2019est insuffisant ou relatif&nbsp;?<\/strong> <em>C\u2019est relatif, ou \u00e7a ne nous donne pas le bonheur, parce qu\u2019en g\u00e9n\u00e9ral nous cherchons \u00e0 jouir de ces choses-l\u00e0 mais sans Dieu. On n\u2019est donc pas pleinement qui on pourrait \u00eatre et on n\u2019appr\u00e9cie pas les choses telles qu\u2019elle sont r\u00e9ellement car nous ne voyons plus les choses comme Dieu les voit.<\/em><\/li>\n\n\n\n<li><strong>Quels exemples de nos vies montrent que parfois on essaie de franchir la limite : se mettre \u00e0 la place de Dieu&nbsp;?<\/strong><\/li>\n\n\n\n<li><strong>Comment pourrions-nous nous aider \u00e0 prendre plus conscience du fait que nous \u00e9tions vraiment voulus &nbsp;?<\/strong><\/li>\n\n\n\n<li><strong>Est-ce que cette relation que Dieu voulait avec nous au d\u00e9part nous fait envie? Est-ce que ce paradis perdu nous fait envie? Si non ou pas trop, pourquoi ?&nbsp;<\/strong><\/li>\n\n\n\n<li><strong>Qu\u2019est-ce qui nous rapproche du paradis perdu aujourd\u2019hui&nbsp;? <\/strong><em>J\u00e9sus Christ et son action sur la croix qui cr\u00e9\u00e9e une nouvelle cr\u00e9ation<\/em><\/li>\n<\/ul>\n","protected":false},"excerpt":{"rendered":"<p>Un monde id\u00e9al, une seule limite : l&rsquo;interdiction de manger du fruit de l&rsquo;arbre de la connaissance du bien et du mal. Mais pourquoi ?<\/p>\n","protected":false},"author":7,"featured_media":11539,"comment_status":"open","ping_status":"open","sticky":false,"template":"","format":"standard","meta":{"_acf_changed":false,"_eb_attr":"","advgb_blocks_editor_width":"","advgb_blocks_columns_visual_guide":"","footnotes":""},"categories":[10,105],"tags":[621,284],"video":[],"audio":[],"ecrit":[],"mis-en-avant":[],"redacteur":[],"type-darticle":[],"class_list":["post-11550","post","type-post","status-publish","format-standard","has-post-thumbnail","hentry","category-discussions-autour-de-la-bible","category-speciales-groupes-bibliques-lyceens","tag-creation","tag-genese"],"blocksy_meta":[],"acf":[],"featured_image_src":"https:\/\/www.creusonslabible.fr\/wp-content\/uploads\/2025\/07\/Genese-1.png","author_info":{"display_name":"Val","author_link":"https:\/\/www.creusonslabible.fr\/?author=7"},"author_meta":{"display_name":"Val","author_link":"https:\/\/www.creusonslabible.fr\/?author=7"},"featured_img":"https:\/\/www.creusonslabible.fr\/wp-content\/uploads\/2025\/07\/Genese-1-300x111.png","coauthors":[],"tax_additional":{"categories":{"linked":["<a href=\"https:\/\/www.creusonslabible.fr\/?cat=10\" class=\"advgb-post-tax-term\">Discussions autour de la Bible<\/a>","<a href=\"https:\/\/www.creusonslabible.fr\/?cat=105\" class=\"advgb-post-tax-term\">Sp\u00e9ciales Groupes Bibliques Lyc\u00e9ens<\/a>"],"unlinked":["<span class=\"advgb-post-tax-term\">Discussions autour de la Bible<\/span>","<span class=\"advgb-post-tax-term\">Sp\u00e9ciales Groupes Bibliques Lyc\u00e9ens<\/span>"]},"tags":{"linked":["<a href=\"https:\/\/www.creusonslabible.fr\/?cat=105\" class=\"advgb-post-tax-term\">cr\u00e9ation<\/a>","<a href=\"https:\/\/www.creusonslabible.fr\/?cat=105\" class=\"advgb-post-tax-term\">gen\u00e8se<\/a>"],"unlinked":["<span class=\"advgb-post-tax-term\">cr\u00e9ation<\/span>","<span class=\"advgb-post-tax-term\">gen\u00e8se<\/span>"]}},"comment_count":"0","relative_dates":{"created":"Publi\u00e9 9 mois il y a","modified":"Mis \u00e0 jour 9 mois il y a"},"absolute_dates":{"created":"Publi\u00e9 le 30 juillet 2025","modified":"Mise \u00e0 jour le 30 juillet 2025"},"absolute_dates_time":{"created":"Publi\u00e9 le 30 juillet 2025 22h00","modified":"Mise \u00e0 jour le 30 juillet 2025 22h12"},"featured_img_caption":"","series_order":"","meta_box":[],"_links":{"self":[{"href":"https:\/\/www.creusonslabible.fr\/index.php?rest_route=\/wp\/v2\/posts\/11550","targetHints":{"allow":["GET"]}}],"collection":[{"href":"https:\/\/www.creusonslabible.fr\/index.php?rest_route=\/wp\/v2\/posts"}],"about":[{"href":"https:\/\/www.creusonslabible.fr\/index.php?rest_route=\/wp\/v2\/types\/post"}],"author":[{"embeddable":true,"href":"https:\/\/www.creusonslabible.fr\/index.php?rest_route=\/wp\/v2\/users\/7"}],"replies":[{"embeddable":true,"href":"https:\/\/www.creusonslabible.fr\/index.php?rest_route=%2Fwp%2Fv2%2Fcomments&post=11550"}],"version-history":[{"count":5,"href":"https:\/\/www.creusonslabible.fr\/index.php?rest_route=\/wp\/v2\/posts\/11550\/revisions"}],"predecessor-version":[{"id":11562,"href":"https:\/\/www.creusonslabible.fr\/index.php?rest_route=\/wp\/v2\/posts\/11550\/revisions\/11562"}],"wp:featuredmedia":[{"embeddable":true,"href":"https:\/\/www.creusonslabible.fr\/index.php?rest_route=\/wp\/v2\/media\/11539"}],"wp:attachment":[{"href":"https:\/\/www.creusonslabible.fr\/index.php?rest_route=%2Fwp%2Fv2%2Fmedia&parent=11550"}],"wp:term":[{"taxonomy":"category","embeddable":true,"href":"https:\/\/www.creusonslabible.fr\/index.php?rest_route=%2Fwp%2Fv2%2Fcategories&post=11550"},{"taxonomy":"post_tag","embeddable":true,"href":"https:\/\/www.creusonslabible.fr\/index.php?rest_route=%2Fwp%2Fv2%2Ftags&post=11550"},{"taxonomy":"video","embeddable":true,"href":"https:\/\/www.creusonslabible.fr\/index.php?rest_route=%2Fwp%2Fv2%2Fvideo&post=11550"},{"taxonomy":"audio","embeddable":true,"href":"https:\/\/www.creusonslabible.fr\/index.php?rest_route=%2Fwp%2Fv2%2Faudio&post=11550"},{"taxonomy":"ecrit","embeddable":true,"href":"https:\/\/www.creusonslabible.fr\/index.php?rest_route=%2Fwp%2Fv2%2Fecrit&post=11550"},{"taxonomy":"mis-en-avant","embeddable":true,"href":"https:\/\/www.creusonslabible.fr\/index.php?rest_route=%2Fwp%2Fv2%2Fmis-en-avant&post=11550"},{"taxonomy":"redacteur","embeddable":true,"href":"https:\/\/www.creusonslabible.fr\/index.php?rest_route=%2Fwp%2Fv2%2Fredacteur&post=11550"},{"taxonomy":"type-darticle","embeddable":true,"href":"https:\/\/www.creusonslabible.fr\/index.php?rest_route=%2Fwp%2Fv2%2Ftype-darticle&post=11550"}],"curies":[{"name":"wp","href":"https:\/\/api.w.org\/{rel}","templated":true}]}}