{"id":11640,"date":"2025-11-06T09:42:43","date_gmt":"2025-11-06T07:42:43","guid":{"rendered":"https:\/\/www.creusonslabible.fr\/?p=11640"},"modified":"2025-11-06T09:42:44","modified_gmt":"2025-11-06T07:42:44","slug":"un-schema-pour-comprendre-la-bible-et-decrypter-son-travail","status":"publish","type":"post","link":"https:\/\/www.creusonslabible.fr\/?p=11640","title":{"rendered":"Un sch\u00e9ma pour comprendre la Bible et d\u00e9crypter son travail"},"content":{"rendered":"\n<h3 class=\"wp-block-heading\">\u00cates-vous chr\u00e9tiens au travail ou bien laissez-vous chaque jour votre foi \u00e0 la maison ? Le sch\u00e9ma classique pr\u00e9sent\u00e9 dans ce pr\u00e9c\u00e9dent article va cette fois-ci nous aider \u00e0 d\u00e9cloisonner nos vie et penser une th\u00e9ologie du travail qui glorifiera le Seigneur.<\/h3>\n\n\n\n<p><\/p>\n\n\n\n<p>Pour rappel voici le sch\u00e9ma permettant de raconter le message complet du r\u00e9cit biblique :<\/p>\n\n\n\n<figure class=\"wp-block-image size-large\"><img loading=\"lazy\" decoding=\"async\" width=\"1024\" height=\"576\" src=\"https:\/\/www.creusonslabible.fr\/wp-content\/uploads\/2025\/02\/Schema-creation-chute-redemption-1024x576.jpeg\" alt=\"\" class=\"wp-image-11321\" srcset=\"https:\/\/www.creusonslabible.fr\/wp-content\/uploads\/2025\/02\/Schema-creation-chute-redemption-1024x576.jpeg 1024w, https:\/\/www.creusonslabible.fr\/wp-content\/uploads\/2025\/02\/Schema-creation-chute-redemption-300x169.jpeg 300w, https:\/\/www.creusonslabible.fr\/wp-content\/uploads\/2025\/02\/Schema-creation-chute-redemption-768x432.jpeg 768w, https:\/\/www.creusonslabible.fr\/wp-content\/uploads\/2025\/02\/Schema-creation-chute-redemption-1536x864.jpeg 1536w, https:\/\/www.creusonslabible.fr\/wp-content\/uploads\/2025\/02\/Schema-creation-chute-redemption.jpeg 1920w\" sizes=\"auto, (max-width: 1024px) 100vw, 1024px\" \/><\/figure>\n\n\n\n<p><\/p>\n\n\n\n<p>En d&rsquo;autres termes : <\/p>\n\n\n\n<p><\/p>\n\n\n\n<figure class=\"wp-block-table\"><table class=\"has-fixed-layout\"><tbody><tr><td><strong>Cr\u00e9ation<\/strong><\/td><td><strong>Chute<\/strong><\/td><td><strong>R\u00e9demption<\/strong><\/td><td><strong>Restauration<\/strong><\/td><\/tr><tr><td>Ce qui \u00e9tait beau, bon, vrai \u00e0 l&rsquo;origine<\/td><td>Ce qui a \u00e9t\u00e9 bris\u00e9, d\u00e9form\u00e9, corrompu<\/td><td>Ce qui est rachet\u00e9, gu\u00e9ri, restaur\u00e9<\/td><td>Ce qui sera accompli, perfectionn\u00e9<\/td><\/tr><\/tbody><\/table><\/figure>\n\n\n\n<h2 class=\"wp-block-heading\"><strong>I. CR\u00c9ATION &#8211; \u00ab\u00a0Qu&rsquo;est-ce qui \u00e9tait bon \u00e0 l&rsquo;origine ?\u00a0\u00bb<\/strong><\/h2>\n\n\n\n<p><\/p>\n\n\n\n<h6 class=\"wp-block-heading\">Questions d&rsquo;approfondissement personnel :<\/h6>\n\n\n\n<p><\/p>\n\n\n\n<h4 class=\"wp-block-heading\"><strong>Contribution au dessein cr\u00e9ateur<\/strong><\/h4>\n\n\n\n<ul class=\"wp-block-list\">\n<li>En quoi mon travail apporte-t-il beaut\u00e9, ordre, bont\u00e9, cr\u00e9ativit\u00e9\/innovation ?&nbsp;<\/li>\n\n\n\n<li>En quoi cette contribution te semble-t-elle inscrite dans le dessein de Dieu ?&nbsp;<\/li>\n<\/ul>\n\n\n\n<h4 class=\"wp-block-heading\"><strong>Reflet des attributs divins<\/strong><\/h4>\n\n\n\n<p>Quels aspects de Dieu mon travail refl\u00e8te-t-il ?<\/p>\n\n\n\n<ul class=\"wp-block-list\">\n<li><strong>Cr\u00e9ateur<\/strong> : Innovation, cr\u00e9ativit\u00e9, donner existence \u00e0 du nouveau&nbsp;<\/li>\n\n\n\n<li><strong>Souverain<\/strong> : Organisation, gouvernance, planification&nbsp;<\/li>\n\n\n\n<li><strong>Juste<\/strong> : \u00c9quit\u00e9, protection des vuln\u00e9rables, droiture&nbsp;<\/li>\n\n\n\n<li><strong>Amour<\/strong> : Soin, compassion, service d&rsquo;autrui&nbsp;<\/li>\n\n\n\n<li><strong>G\u00e9n\u00e9reux<\/strong> : Partage, don, lib\u00e9ralit\u00e9&nbsp;<\/li>\n\n\n\n<li><strong>Vie<\/strong> : Favoriser l&rsquo;\u00e9panouissement, la croissance, la sant\u00e9&nbsp;<\/li>\n\n\n\n<li><strong>Sage<\/strong> : Discernement, conseil, transmission de connaissance&nbsp;<\/li>\n\n\n\n<li><strong>Berger<\/strong> : Protection, guidance, accompagnement&nbsp;<\/li>\n<\/ul>\n\n\n\n<h4 class=\"wp-block-heading\"><strong>Mandat culturel<\/strong><\/h4>\n\n\n\n<p>Comment mon travail permet-il de \u00ab\u00a0cultiver\u00a0\u00bb, \u00ab\u00a0organiser\u00a0\u00bb, \u00ab\u00a0faire grandir\u00a0\u00bb, \u00ab\u00a0mettre en valeur\u00a0\u00bb la cr\u00e9ation ?&nbsp;<\/p>\n\n\n\n<p>O\u00f9 est-ce que mon activit\u00e9 favorise-t-elle l&rsquo;essor de la vie, l&rsquo;harmonie ou la durabilit\u00e9 ?&nbsp;<\/p>\n\n\n\n<h4 class=\"wp-block-heading\"><strong>Dimension relationnelle<\/strong><\/h4>\n\n\n\n<p>Comment ma collaboration avec d&rsquo;autres refl\u00e8te-t-elle la nature relationnelle de Dieu ?&nbsp;<\/p>\n\n\n\n<h4 class=\"wp-block-heading\"><strong>Reconnaissance des limites<\/strong><\/h4>\n\n\n\n<p>Quelles sont les limites (\u00e9thiques, temporelles, physiques&#8230;) de mon travail et en quoi nous rappellent-elles notre statut de cr\u00e9atures d\u00e9pendantes de Dieu ?&nbsp;<\/p>\n\n\n\n<h3 class=\"wp-block-heading\">Questions d&rsquo;analyse en dialogue avec d\u2019autres cadres :<\/h3>\n\n\n\n<ul class=\"wp-block-list\">\n<li><strong>Aspirations l\u00e9gitimes<\/strong> : Quels d\u00e9sirs, besoins ou aspirations de cette vision du monde refl\u00e8tent l&rsquo;image de Dieu en l&rsquo;homme ?&nbsp;<\/li>\n\n\n\n<li><strong>V\u00e9rit\u00e9s partielles<\/strong> : Quelles v\u00e9rit\u00e9s sur la r\u00e9alit\u00e9 cette perspective capture-t-elle correctement ?&nbsp;<\/li>\n\n\n\n<li><strong>Dons de la gr\u00e2ce commune<\/strong> : En quoi cette discipline ou pens\u00e9e manifeste-t-elle la gr\u00e2ce de Dieu dans le monde ?&nbsp;<\/li>\n\n\n\n<li><strong>Empreinte du Cr\u00e9ateur<\/strong> : O\u00f9 voit-on des traces de l&rsquo;ordre, de la beaut\u00e9, de la rationalit\u00e9 divins ?&nbsp;<\/li>\n<\/ul>\n\n\n\n<h3 class=\"wp-block-heading\">Exemples d&rsquo;application :<\/h3>\n\n\n\n<ul class=\"wp-block-list\">\n<li><strong>Science<\/strong> : D\u00e9sir de comprendre l&rsquo;ordre rationnel de l&rsquo;univers<\/li>\n\n\n\n<li><strong>Art<\/strong> : Aspiration \u00e0 cr\u00e9er et contempler la beaut\u00e9<\/li>\n\n\n\n<li><strong>Justice<\/strong> : Recherche d&rsquo;\u00e9quit\u00e9 et de protection des vuln\u00e9rables<\/li>\n\n\n\n<li><strong>M\u00e9decine<\/strong> : Compassion pour la souffrance et d\u00e9sir de gu\u00e9rison<\/li>\n<\/ul>\n\n\n\n<p><\/p>\n\n\n\n<h2 class=\"wp-block-heading\"><strong>II. CHUTE &#8211; \u00ab\u00a0Qu&rsquo;est-ce qui a \u00e9t\u00e9 d\u00e9form\u00e9 ?\u00a0\u00bb<\/strong><\/h2>\n\n\n\n<h3 class=\"wp-block-heading\">Questions d&rsquo;approfondissement personnel :<\/h3>\n\n\n\n<h4 class=\"wp-block-heading\"><strong>Le travail devenu p\u00e9nible<\/strong><\/h4>\n\n\n\n<p>Quels aspects de ton travail te semblent les plus lourds ou \u00e9puisants ?<\/p>\n\n\n\n<ul class=\"wp-block-list\">\n<li>Surcharge, pression, injustice&nbsp;<\/li>\n\n\n\n<li>Perte de sens, inefficacit\u00e9&nbsp;<\/li>\n\n\n\n<li>Abus d&rsquo;autorit\u00e9, harc\u00e8lement&nbsp;<\/li>\n\n\n\n<li>Accidents, processus lourds et inadapt\u00e9s&nbsp;<\/li>\n\n\n\n<li>Absence de processus, mauvaise communication&nbsp;<\/li>\n\n\n\n<li>Ali\u00e9nation&nbsp;<\/li>\n<\/ul>\n\n\n\n<p>As-tu d\u00e9j\u00e0 eu l&rsquo;impression de \u00ab\u00a0labourer un sol qui ne produit pas\u00a0\u00bb ?<\/p>\n\n\n\n<h4 class=\"wp-block-heading\"><strong>Le travail marqu\u00e9 par la corruption<\/strong><\/h4>\n\n\n\n<p>O\u00f9 vois-tu appara\u00eetre la vanit\u00e9 dans ton m\u00e9tier ?&nbsp;<\/p>\n\n\n\n<p>Quelles t\u00e2ches ou projets semblent tourner en rond, sans fruit durable ?&nbsp;<\/p>\n\n\n\n<p>Ton activit\u00e9 professionnelle contribue-t-elle parfois malgr\u00e9 toi \u00e0 l&rsquo;injustice, \u00e0 la pollution, \u00e0 l&rsquo;exploitation ?&nbsp;<\/p>\n\n\n\n<p>Dans quelle mesure ton secteur est-il soumis \u00e0 des logiques de pouvoir, de profit ou de gaspillage qui ab\u00eement la cr\u00e9ation ?&nbsp;<\/p>\n\n\n\n<h4 class=\"wp-block-heading\"><strong>Le travail en relation \u00e0 soi-m\u00eame &#8211; Idol\u00e2tries personnelles<\/strong><\/h4>\n\n\n\n<p>O\u00f9 per\u00e7ois-tu tes propres idoles ?<\/p>\n\n\n\n<ul class=\"wp-block-list\">\n<li><strong>Reconnaissance<\/strong> : Besoin d&rsquo;admiration, de validation&nbsp;<\/li>\n\n\n\n<li><strong>S\u00e9curit\u00e9\/Argent<\/strong> : Recherche obsessionnelle de stabilit\u00e9 financi\u00e8re&nbsp;<\/li>\n\n\n\n<li><strong>Performance<\/strong> : Perfectionnisme, besoin de r\u00e9ussir \u00e0 tout prix&nbsp;<\/li>\n\n\n\n<li><strong>Comp\u00e9titivit\u00e9\/Orgueil<\/strong> : Besoin de dominer, d&rsquo;\u00eatre le meilleur&nbsp;<\/li>\n\n\n\n<li><strong>Savoir\/Comp\u00e9tences<\/strong> : Orgueil intellectuel, expertise comme identit\u00e9&nbsp;<\/li>\n\n\n\n<li><strong>Pouvoir\/Autorit\u00e9<\/strong> : Besoin de contr\u00f4ler, de dominer&nbsp;<\/li>\n\n\n\n<li><strong>Contr\u00f4le<\/strong> : Incapacit\u00e9 \u00e0 d\u00e9l\u00e9guer ou faire confiance&nbsp;<\/li>\n<\/ul>\n\n\n\n<p>Questions de diagnostic :<\/p>\n\n\n\n<p>Y a-t-il des moments o\u00f9 tu utilises le travail comme \u00e9chappatoire (pour \u00e9viter certaines \u00e9motions ou responsabilit\u00e9s personnelles) ?&nbsp;<\/p>\n\n\n\n<p>As-tu d\u00e9j\u00e0 mis ton identit\u00e9 ou ta valeur personnelle dans ton titre de poste ou tes r\u00e9sultats ?&nbsp;<\/p>\n\n\n\n<h4 class=\"wp-block-heading\"><strong>Relations bris\u00e9es<\/strong><\/h4>\n\n\n\n<p>Comment les relations professionnelles sont-elles ab\u00eem\u00e9es ?<\/p>\n\n\n\n<ul class=\"wp-block-list\">\n<li>Concurrence destructrice&nbsp;<\/li>\n\n\n\n<li>Jalousie, rivalit\u00e9, trahison&nbsp;<\/li>\n\n\n\n<li>M\u00e9pris, d\u00e9dain&nbsp;<\/li>\n\n\n\n<li>Oppression, abus de pouvoir&nbsp;<\/li>\n<\/ul>\n\n\n\n<h3 class=\"wp-block-heading\">Questions d&rsquo;analyse en dialogue avec d\u2019autres cadres :<\/h3>\n\n\n\n<ul class=\"wp-block-list\">\n<li><strong>Idol\u00e2tries<\/strong> : Qu&rsquo;est-ce qui est \u00e9rig\u00e9 en absolu \u00e0 la place de Dieu ?&nbsp;<\/li>\n\n\n\n<li><strong>R\u00e9ductionnismes<\/strong> : Comment la vision de l&rsquo;humain ou de la r\u00e9alit\u00e9 est-elle appauvrie ?&nbsp;<\/li>\n\n\n\n<li><strong>Promesses mensong\u00e8res<\/strong> : Quels \u00ab\u00a0saluts\u00a0\u00bb alternatifs sont propos\u00e9s ?&nbsp;<\/li>\n\n\n\n<li><strong>Cons\u00e9quences destructrices<\/strong> : Quelles souffrances d\u00e9coulent de ces d\u00e9formations ?&nbsp;<\/li>\n<\/ul>\n\n\n\n<h3 class=\"wp-block-heading\">Grille des d\u00e9formations classiques :<\/h3>\n\n\n\n<figure class=\"wp-block-table\"><table class=\"has-fixed-layout\"><tbody><tr><td><strong>Domaine<\/strong><\/td><td><strong>Aspiration l\u00e9gitime<\/strong><\/td><td><strong>D\u00e9formation idol\u00e2tre<\/strong><\/td><\/tr><tr><td><strong>Connaissance<\/strong><\/td><td>Comprendre la v\u00e9rit\u00e9<\/td><td>Orgueil intellectuel, scientisme<\/td><\/tr><tr><td><strong>Beaut\u00e9<\/strong><\/td><td>Cr\u00e9er et contempler<\/td><td>Esth\u00e9tisme, art pour l&rsquo;art<\/td><\/tr><tr><td><strong>Justice<\/strong><\/td><td>Prot\u00e9ger les faibles<\/td><td>Id\u00e9ologie, activisme absolu<\/td><\/tr><tr><td><strong>Prosp\u00e9rit\u00e9<\/strong><\/td><td>Pourvoir aux besoins<\/td><td>Mat\u00e9rialisme, consum\u00e9risme<\/td><\/tr><tr><td><strong>Reconnaissance<\/strong><\/td><td>\u00catre valoris\u00e9<\/td><td>Narcissisme, culte de la c\u00e9l\u00e9brit\u00e9<\/td><\/tr><tr><td><strong>S\u00e9curit\u00e9<\/strong><\/td><td>\u00catre prot\u00e9g\u00e9<\/td><td>Contr\u00f4le obsessionnel, peur<\/td><\/tr><tr><td><strong>Libert\u00e9<\/strong><\/td><td>S&rsquo;\u00e9panouir<\/td><td>Individualisme, relativisme<\/td><\/tr><tr><td><strong>Communaut\u00e9<\/strong><\/td><td>Appartenir<\/td><td>Tribalisme, conformisme<\/td><\/tr><\/tbody><\/table><\/figure>\n\n\n\n<ol start=\"6\" class=\"wp-block-list\">\n<li><\/li>\n\n\n\n<li><strong>III. R\u00c9DEMPTION &#8211; \u00ab\u00a0Comment l&rsquo;\u00c9vangile r\u00e9pond-il ?\u00a0\u00bb<\/strong><\/li>\n\n\n\n<li><\/li>\n<\/ol>\n\n\n\n<h3 class=\"wp-block-heading\">Questions d&rsquo;approfondissement personnel :<\/h3>\n\n\n\n<h4 class=\"wp-block-heading\"><strong>Restauration de notre vocation originelle<\/strong><\/h4>\n\n\n\n<p>\u2192 <strong>Principe fondamental<\/strong> : Travailler pour aimer Dieu et notre prochain, tout le reste se trouve en J\u00e9sus (Salut, identit\u00e9, estime de soi, paix, repos&#8230;). L&rsquo;\u00c9vangile lib\u00e8re le travail de la charge de nous sauver. \u2192 J\u00e9sus lib\u00e8re notre travail de la vanit\u00e9 en nous r\u00e9conciliant avec Dieu<\/p>\n\n\n\n<h4 class=\"wp-block-heading\"><strong>Nouvelle identit\u00e9 professionnelle<\/strong><\/h4>\n\n\n\n<p>Comment J\u00e9sus red\u00e9finit-il ton identit\u00e9 professionnelle ?&nbsp;<\/p>\n\n\n\n<p>Si ton travail n&rsquo;est plus un moyen de prouver ta valeur, mais une r\u00e9ponse \u00e0 la gr\u00e2ce re\u00e7ue, qu&rsquo;est-ce que cela changerait ?&nbsp;<\/p>\n\n\n\n<h4 class=\"wp-block-heading\"><strong>Sens et finalit\u00e9 renouvel\u00e9s<\/strong><\/h4>\n\n\n\n<p>Comment ton m\u00e9tier peut-il devenir une participation \u00e0 l&rsquo;\u0153uvre de Dieu plut\u00f4t qu&rsquo;une simple survie ou carri\u00e8re ?&nbsp;<\/p>\n\n\n\n<p>De quelles mani\u00e8res ton m\u00e9tier peut-il devenir un canal de b\u00e9n\u00e9diction pour autrui (client, soci\u00e9t\u00e9, cr\u00e9ation) ?&nbsp;<\/p>\n\n\n\n<p>Quelles idoles de ton domaine l&rsquo;\u00c9vangile donne-t-il la force de d\u00e9masquer et r\u00e9sister ?&nbsp;<\/p>\n\n\n\n<h4 class=\"wp-block-heading\"><strong>Relations r\u00e9concili\u00e9es<\/strong><\/h4>\n\n\n\n<p>Quels conflits ou tensions actuels au travail pourraient \u00eatre abord\u00e9s autrement \u00e0 la lumi\u00e8re de la r\u00e9conciliation en Christ ?&nbsp;<\/p>\n\n\n\n<p>Quelles valeurs, principes de travail la bonne nouvelle de J\u00e9sus nous invite-t-elle \u00e0 r\u00e9former ?&nbsp;<\/p>\n\n\n\n<h4 class=\"wp-block-heading\"><strong>L&rsquo;\u00c9glise comme laboratoire<\/strong><\/h4>\n\n\n\n<p><strong>Lieu d&rsquo;exp\u00e9rimentation privil\u00e9gi\u00e9<\/strong> de la nouvelle cr\u00e9ation : Ce que nous exp\u00e9rimentons en fraternit\u00e9 devient mod\u00e8le \u00e0 incarner dans nos m\u00e9tiers.&nbsp;<\/p>\n\n\n\n<h3 class=\"wp-block-heading\">Questions d&rsquo;analyse en dialogue avec d\u2019autres cadres :<\/h3>\n\n\n\n<ul class=\"wp-block-list\">\n<li><strong>Accomplissement<\/strong> : Comment le Christ accomplit-il les aspirations l\u00e9gitimes ?&nbsp;<\/li>\n\n\n\n<li><strong>Gu\u00e9rison<\/strong> : Comment l&rsquo;\u00c9vangile traite-t-il les d\u00e9formations identifi\u00e9es ?&nbsp;<\/li>\n\n\n\n<li><strong>Nouvelle identit\u00e9<\/strong> : Quelle motivation alternative l&rsquo;\u00c9vangile offre-t-il ?&nbsp;<\/li>\n\n\n\n<li><strong>Paradoxes \u00e9vang\u00e9liques<\/strong> : En quoi la solution divine surprend-elle ou d\u00e9range-t-elle ?&nbsp;<\/li>\n<\/ul>\n\n\n\n<h3 class=\"wp-block-heading\">Dynamiques de r\u00e9demption :<\/h3>\n\n\n\n<ul class=\"wp-block-list\">\n<li><strong>Lib\u00e9ration<\/strong> : D\u00e9livrance de l&rsquo;idol\u00e2trie et de ses cons\u00e9quences&nbsp;<\/li>\n\n\n\n<li><strong>Recentrage<\/strong> : Les bonnes choses remises \u00e0 leur juste place&nbsp;<\/li>\n\n\n\n<li><strong>Motivation purifi\u00e9e<\/strong> : Service de Dieu et du prochain plut\u00f4t que de soi&nbsp;<\/li>\n\n\n\n<li><strong>Esp\u00e9rance solide<\/strong> : Promesses fiables plut\u00f4t que vaines&nbsp;<\/li>\n\n\n\n<li><\/li>\n<\/ul>\n\n\n\n<ol start=\"9\" class=\"wp-block-list\">\n<li><\/li>\n\n\n\n<li><strong>IV. RESTAURATION &#8211; \u00ab\u00a0Vers quoi tend le Royaume ?\u00a0\u00bb<\/strong><\/li>\n<\/ol>\n\n\n\n<h3 class=\"wp-block-heading\">Questions d&rsquo;approfondissement personnel :<\/h3>\n\n\n\n<h4 class=\"wp-block-heading\"><strong>Valeur \u00e9ternelle du travail<\/strong><\/h4>\n\n\n\n<p>Comment le fait que ton travail ait une valeur \u00e9ternelle change-t-il ta mani\u00e8re de travailler aujourd&rsquo;hui ?&nbsp;<\/p>\n\n\n\n<h4 class=\"wp-block-heading\"><strong>Anticipation du repos \u00e9ternel<\/strong><\/h4>\n\n\n\n<p>Que signifie, pour toi, de vivre d\u00e8s maintenant en anticipation du repos \u00e9ternel, dans ta mani\u00e8re de g\u00e9rer ton rythme de travail ?&nbsp;<\/p>\n\n\n\n<h4 class=\"wp-block-heading\"><strong>Contribution \u00e0 la gloire des nations<\/strong><\/h4>\n\n\n\n<p>Quelles contributions de ton domaine professionnel pourraient refl\u00e9ter quelque chose de la gloire des nations (Apocalypse 21.24) ?&nbsp;<\/p>\n\n\n\n<h4 class=\"wp-block-heading\"><strong>Nouvelle cr\u00e9ation d\u00e9j\u00e0 inaugur\u00e9e<\/strong><\/h4>\n\n\n\n<p>Comment puis-je d\u00e8s maintenant incarner des valeurs du Royaume dans mon environnement professionnel ?&nbsp;<\/p>\n\n\n\n<p>Quels aspects de la culture de travail puis-je transformer par l&rsquo;exemple ?&nbsp;<\/p>\n\n\n\n<h3 class=\"wp-block-heading\">Questions d&rsquo;analyse en dialogue avec d\u2019autres cadres :<\/h3>\n\n\n\n<ul class=\"wp-block-list\">\n<li><strong>Vision eschatologique<\/strong> : Comment cette discipline sera-t-elle transfigur\u00e9e dans le Royaume ?&nbsp;<\/li>\n\n\n\n<li><strong>Anticipations pr\u00e9sentes<\/strong> : Comment puis-je d\u00e9j\u00e0 vivre cette transformation ?&nbsp;<\/li>\n\n\n\n<li><strong>Mission cr\u00e9ative<\/strong> : Comment participer \u00e0 l&rsquo;\u0153uvre restauratrice de Dieu ?&nbsp;<\/li>\n<\/ul>\n\n\n\n<p><strong>Esp\u00e9rance concr\u00e8te<\/strong> : Quelle vision motivante puis-je partager ?<\/p>\n","protected":false},"excerpt":{"rendered":"<p>\u00cates-vous chr\u00e9tiens au travail ou bien laissez-vous chaque jour votre foi \u00e0 la maison ? Le sch\u00e9ma classique pr\u00e9sent\u00e9 dans ce pr\u00e9c\u00e9dent article va cette fois-ci nous aider \u00e0 d\u00e9cloisonner nos vie et penser une th\u00e9ologie du travail qui glorifiera le Seigneur. Pour rappel voici le sch\u00e9ma permettant de raconter le message complet du r\u00e9cit [&hellip;]<\/p>\n","protected":false},"author":3,"featured_media":11321,"comment_status":"open","ping_status":"open","sticky":false,"template":"","format":"standard","meta":{"_acf_changed":false,"_eb_attr":"","advgb_blocks_editor_width":"","advgb_blocks_columns_visual_guide":"","footnotes":""},"categories":[73,91,206,39,30],"tags":[1161,621,183,792],"video":[],"audio":[],"ecrit":[],"mis-en-avant":[],"redacteur":[],"type-darticle":[],"class_list":["post-11640","post","type-post","status-publish","format-standard","has-post-thumbnail","hentry","category-comment-dieu-sauve","category-la-fin-des-temps","category-la-souffrance","category-la-vie-chretienne","category-le-peche-le-mal","tag-chute","tag-creation","tag-nouvelle-humanite","tag-redemption"],"blocksy_meta":[],"acf":[],"featured_image_src":"https:\/\/www.creusonslabible.fr\/wp-content\/uploads\/2025\/02\/Schema-creation-chute-redemption.jpeg","author_info":{"display_name":"Yoh","author_link":"https:\/\/www.creusonslabible.fr\/?author=3"},"author_meta":{"display_name":"Yoh","author_link":"https:\/\/www.creusonslabible.fr\/?author=3"},"featured_img":"https:\/\/www.creusonslabible.fr\/wp-content\/uploads\/2025\/02\/Schema-creation-chute-redemption-300x169.jpeg","coauthors":[],"tax_additional":{"categories":{"linked":["<a href=\"https:\/\/www.creusonslabible.fr\/?cat=73\" class=\"advgb-post-tax-term\">Comment Dieu sauve<\/a>","<a href=\"https:\/\/www.creusonslabible.fr\/?cat=91\" class=\"advgb-post-tax-term\">La fin des temps<\/a>","<a href=\"https:\/\/www.creusonslabible.fr\/?cat=206\" class=\"advgb-post-tax-term\">La souffrance<\/a>","<a href=\"https:\/\/www.creusonslabible.fr\/?cat=39\" class=\"advgb-post-tax-term\">La vie chr\u00e9tienne<\/a>","<a href=\"https:\/\/www.creusonslabible.fr\/?cat=30\" class=\"advgb-post-tax-term\">Le P\u00e9ch\u00e9 \/ Le mal<\/a>"],"unlinked":["<span class=\"advgb-post-tax-term\">Comment Dieu sauve<\/span>","<span class=\"advgb-post-tax-term\">La fin des temps<\/span>","<span class=\"advgb-post-tax-term\">La souffrance<\/span>","<span class=\"advgb-post-tax-term\">La vie chr\u00e9tienne<\/span>","<span class=\"advgb-post-tax-term\">Le P\u00e9ch\u00e9 \/ Le mal<\/span>"]},"tags":{"linked":["<a href=\"https:\/\/www.creusonslabible.fr\/?cat=30\" class=\"advgb-post-tax-term\">chute<\/a>","<a href=\"https:\/\/www.creusonslabible.fr\/?cat=30\" class=\"advgb-post-tax-term\">cr\u00e9ation<\/a>","<a href=\"https:\/\/www.creusonslabible.fr\/?cat=30\" class=\"advgb-post-tax-term\">nouvelle humanit\u00e9<\/a>","<a href=\"https:\/\/www.creusonslabible.fr\/?cat=30\" class=\"advgb-post-tax-term\">r\u00e9demption<\/a>"],"unlinked":["<span class=\"advgb-post-tax-term\">chute<\/span>","<span class=\"advgb-post-tax-term\">cr\u00e9ation<\/span>","<span class=\"advgb-post-tax-term\">nouvelle humanit\u00e9<\/span>","<span class=\"advgb-post-tax-term\">r\u00e9demption<\/span>"]}},"comment_count":"0","relative_dates":{"created":"Publi\u00e9 6 mois il y a","modified":"Mis \u00e0 jour 6 mois il y a"},"absolute_dates":{"created":"Publi\u00e9 le 6 novembre 2025","modified":"Mise \u00e0 jour le 6 novembre 2025"},"absolute_dates_time":{"created":"Publi\u00e9 le 6 novembre 2025 9h42","modified":"Mise \u00e0 jour le 6 novembre 2025 9h42"},"featured_img_caption":"","series_order":"","meta_box":[],"_links":{"self":[{"href":"https:\/\/www.creusonslabible.fr\/index.php?rest_route=\/wp\/v2\/posts\/11640","targetHints":{"allow":["GET"]}}],"collection":[{"href":"https:\/\/www.creusonslabible.fr\/index.php?rest_route=\/wp\/v2\/posts"}],"about":[{"href":"https:\/\/www.creusonslabible.fr\/index.php?rest_route=\/wp\/v2\/types\/post"}],"author":[{"embeddable":true,"href":"https:\/\/www.creusonslabible.fr\/index.php?rest_route=\/wp\/v2\/users\/3"}],"replies":[{"embeddable":true,"href":"https:\/\/www.creusonslabible.fr\/index.php?rest_route=%2Fwp%2Fv2%2Fcomments&post=11640"}],"version-history":[{"count":2,"href":"https:\/\/www.creusonslabible.fr\/index.php?rest_route=\/wp\/v2\/posts\/11640\/revisions"}],"predecessor-version":[{"id":11649,"href":"https:\/\/www.creusonslabible.fr\/index.php?rest_route=\/wp\/v2\/posts\/11640\/revisions\/11649"}],"wp:featuredmedia":[{"embeddable":true,"href":"https:\/\/www.creusonslabible.fr\/index.php?rest_route=\/wp\/v2\/media\/11321"}],"wp:attachment":[{"href":"https:\/\/www.creusonslabible.fr\/index.php?rest_route=%2Fwp%2Fv2%2Fmedia&parent=11640"}],"wp:term":[{"taxonomy":"category","embeddable":true,"href":"https:\/\/www.creusonslabible.fr\/index.php?rest_route=%2Fwp%2Fv2%2Fcategories&post=11640"},{"taxonomy":"post_tag","embeddable":true,"href":"https:\/\/www.creusonslabible.fr\/index.php?rest_route=%2Fwp%2Fv2%2Ftags&post=11640"},{"taxonomy":"video","embeddable":true,"href":"https:\/\/www.creusonslabible.fr\/index.php?rest_route=%2Fwp%2Fv2%2Fvideo&post=11640"},{"taxonomy":"audio","embeddable":true,"href":"https:\/\/www.creusonslabible.fr\/index.php?rest_route=%2Fwp%2Fv2%2Faudio&post=11640"},{"taxonomy":"ecrit","embeddable":true,"href":"https:\/\/www.creusonslabible.fr\/index.php?rest_route=%2Fwp%2Fv2%2Fecrit&post=11640"},{"taxonomy":"mis-en-avant","embeddable":true,"href":"https:\/\/www.creusonslabible.fr\/index.php?rest_route=%2Fwp%2Fv2%2Fmis-en-avant&post=11640"},{"taxonomy":"redacteur","embeddable":true,"href":"https:\/\/www.creusonslabible.fr\/index.php?rest_route=%2Fwp%2Fv2%2Fredacteur&post=11640"},{"taxonomy":"type-darticle","embeddable":true,"href":"https:\/\/www.creusonslabible.fr\/index.php?rest_route=%2Fwp%2Fv2%2Ftype-darticle&post=11640"}],"curies":[{"name":"wp","href":"https:\/\/api.w.org\/{rel}","templated":true}]}}