{"id":11643,"date":"2025-09-29T11:02:35","date_gmt":"2025-09-29T09:02:35","guid":{"rendered":"https:\/\/www.creusonslabible.fr\/?p=11643"},"modified":"2025-09-29T15:56:00","modified_gmt":"2025-09-29T13:56:00","slug":"zacharie-un-nouveau-depart-avec-dieu","status":"publish","type":"post","link":"https:\/\/www.creusonslabible.fr\/?p=11643","title":{"rendered":"Zacharie : un nouveau d\u00e9part avec Dieu"},"content":{"rendered":"\n<h4 class=\"wp-block-heading\">6 expos\u00e9s bibliques donn\u00e9s lors du camp \u00c0 Fond la Form&rsquo; en ao\u00fbt 2025 par Caillou, coordinateur r\u00e9gional en \u00cele de France.<\/h4>\n\n\n\n<p>Au 5\u00e8me si\u00e8cle avant notre \u00e8re, le peuple de Dieu a tout rat\u00e9 \u00e0 cause de son p\u00e9ch\u00e9. Il a \u00e9t\u00e9 exil\u00e9 au loin, est revenu d\u2019exil et ce n\u2019est toujours pas la joie en Jud\u00e9e devenue une petite province pauvre au sein de l\u2019empire Perse. Pourtant le proph\u00e8te Zacharie annonce la possibilit\u00e9 d\u2019un Nouveau D\u00e9part avec Dieu. Si tu as aussi connu des \u00e9checs, des chutes ou des d\u00e9sillusions dans ta marche avec Dieu, peut-\u00eatre que Zacharie a des choses \u00e0 te dire.<\/p>\n\n\n\n<h2 class=\"wp-block-heading\">Ch.\u202f3 : Le pr\u00eatre\u2026<\/h2>\n\n\n\n<figure class=\"wp-block-audio\"><audio controls src=\"https:\/\/www.creusonslabible.fr\/audio\/AFLF25zacharie\/jour1.mp3\"><\/audio><\/figure>\n\n\n\n<p><a href=\"https:\/\/www.creusonslabible.fr\/audio\/AFLF25zacharie\/Zacharie1.pdf\">t\u00e9l\u00e9charger le diaporama de l\u2019intervention<\/a><\/p>\n\n\n\n<h2 class=\"wp-block-heading\">Ch.\u202f4 le roi et le proph\u00e8te<\/h2>\n\n\n\n<figure class=\"wp-block-audio\"><audio controls src=\"https:\/\/www.creusonslabible.fr\/audio\/AFLF25zacharie\/jour2.mp3\"><\/audio><\/figure>\n\n\n\n<p><a href=\"https:\/\/www.creusonslabible.fr\/audio\/AFLF25zacharie\/Zacharie2.pdf\">t\u00e9l\u00e9charger le diaporama de l\u2019intervention<\/a><\/p>\n\n\n\n<h2 class=\"wp-block-heading\">Ch. 8 :\u202fLa communaut\u00e9 de l\u2019Alliance<\/h2>\n\n\n\n<figure class=\"wp-block-audio\"><audio controls src=\"https:\/\/www.creusonslabible.fr\/audio\/AFLF25zacharie\/jour3.mp3\"><\/audio><\/figure>\n\n\n\n<p><a href=\"https:\/\/www.creusonslabible.fr\/audio\/AFLF25zacharie\/Zacharie3.pdf\">t\u00e9l\u00e9charger le diaporama de l\u2019intervention<\/a><\/p>\n\n\n\n<h2 class=\"wp-block-heading\">Ch.\u202f9.9-10 (+survol ch.\u202f10-11) Le roi de Paix<\/h2>\n\n\n\n<figure class=\"wp-block-audio\"><audio controls src=\"https:\/\/www.creusonslabible.fr\/audio\/AFLF25zacharie\/jour4.mp3\"><\/audio><\/figure>\n\n\n\n<p><a href=\"https:\/\/www.creusonslabible.fr\/audio\/AFLF25zacharie\/Zacharie4.pdf\">t\u00e9l\u00e9charger le diaporama de l\u2019intervention<\/a><\/p>\n\n\n\n<h2 class=\"wp-block-heading\">Ch.\u202f12.1-13.6 : Le roi transperc\u00e9<\/h2>\n\n\n\n<figure class=\"wp-block-audio\"><audio controls src=\"https:\/\/www.creusonslabible.fr\/audio\/AFLF25zacharie\/jour5.mp3\"><\/audio><\/figure>\n\n\n\n<p><a href=\"https:\/\/www.creusonslabible.fr\/audio\/AFLF25zacharie\/Zacharie5.pdf\">t\u00e9l\u00e9charger le diaporama de l\u2019intervention<\/a><\/p>\n\n\n\n<h2 class=\"wp-block-heading\">Ch.\u202f14 :\u202fLe roi, c\u2019est YHWH<\/h2>\n\n\n\n<figure class=\"wp-block-audio\"><audio controls src=\"https:\/\/www.creusonslabible.fr\/audio\/AFLF25zacharie\/jour6.mp3\"><\/audio><\/figure>\n\n\n\n<p><a href=\"https:\/\/www.creusonslabible.fr\/audio\/AFLF25zacharie\/Zacharie1.pdf\">t\u00e9l\u00e9charger le diaporama de l\u2019intervention<\/a><\/p>\n\n\n\n<p><\/p>\n","protected":false},"excerpt":{"rendered":"<p>6 expos\u00e9s bibliques donn\u00e9s lors du camp \u00c0 Fond la Form&rsquo; en ao\u00fbt 2025 par Caillou, coordinateur r\u00e9gional en \u00cele de France. Au 5\u00e8me si\u00e8cle avant notre \u00e8re, le peuple de Dieu a tout rat\u00e9 \u00e0 cause de son p\u00e9ch\u00e9. Il a \u00e9t\u00e9 exil\u00e9 au loin, est revenu d\u2019exil et ce n\u2019est toujours pas la [&hellip;]<\/p>\n","protected":false},"author":1,"featured_media":11648,"comment_status":"open","ping_status":"open","sticky":false,"template":"","format":"standard","meta":{"_acf_changed":false,"_eb_attr":"","advgb_blocks_editor_width":"","advgb_blocks_columns_visual_guide":"","footnotes":""},"categories":[24],"tags":[170,657,768],"video":[],"audio":[],"ecrit":[],"mis-en-avant":[],"redacteur":[],"type-darticle":[],"class_list":["post-11643","post","type-post","status-publish","format-standard","has-post-thumbnail","hentry","category-textes-bibliques-commentes","tag-ancien-testament","tag-audio","tag-zacharie"],"blocksy_meta":[],"acf":[],"featured_image_src":"https:\/\/www.creusonslabible.fr\/wp-content\/uploads\/2025\/09\/ctxcper_bcq.jpg","author_info":{"display_name":"admin","author_link":"https:\/\/www.creusonslabible.fr\/?author=1"},"author_meta":{"display_name":"admin","author_link":"https:\/\/www.creusonslabible.fr\/?author=1"},"featured_img":"https:\/\/www.creusonslabible.fr\/wp-content\/uploads\/2025\/09\/ctxcper_bcq-240x300.jpg","coauthors":[],"tax_additional":{"categories":{"linked":["<a href=\"https:\/\/www.creusonslabible.fr\/?cat=24\" class=\"advgb-post-tax-term\">Textes Bibliques comment\u00e9s<\/a>"],"unlinked":["<span class=\"advgb-post-tax-term\">Textes Bibliques comment\u00e9s<\/span>"]},"tags":{"linked":["<a href=\"https:\/\/www.creusonslabible.fr\/?cat=24\" class=\"advgb-post-tax-term\">Ancien-Testament<\/a>","<a href=\"https:\/\/www.creusonslabible.fr\/?cat=24\" class=\"advgb-post-tax-term\">audio<\/a>","<a href=\"https:\/\/www.creusonslabible.fr\/?cat=24\" class=\"advgb-post-tax-term\">Zacharie<\/a>"],"unlinked":["<span class=\"advgb-post-tax-term\">Ancien-Testament<\/span>","<span class=\"advgb-post-tax-term\">audio<\/span>","<span class=\"advgb-post-tax-term\">Zacharie<\/span>"]}},"comment_count":"0","relative_dates":{"created":"Publi\u00e9 7 mois il y a","modified":"Mis \u00e0 jour 7 mois il y a"},"absolute_dates":{"created":"Publi\u00e9 le 29 septembre 2025","modified":"Mise \u00e0 jour le 29 septembre 2025"},"absolute_dates_time":{"created":"Publi\u00e9 le 29 septembre 2025 11h02","modified":"Mise \u00e0 jour le 29 septembre 2025 15h56"},"featured_img_caption":"","series_order":"","meta_box":[],"_links":{"self":[{"href":"https:\/\/www.creusonslabible.fr\/index.php?rest_route=\/wp\/v2\/posts\/11643","targetHints":{"allow":["GET"]}}],"collection":[{"href":"https:\/\/www.creusonslabible.fr\/index.php?rest_route=\/wp\/v2\/posts"}],"about":[{"href":"https:\/\/www.creusonslabible.fr\/index.php?rest_route=\/wp\/v2\/types\/post"}],"author":[{"embeddable":true,"href":"https:\/\/www.creusonslabible.fr\/index.php?rest_route=\/wp\/v2\/users\/1"}],"replies":[{"embeddable":true,"href":"https:\/\/www.creusonslabible.fr\/index.php?rest_route=%2Fwp%2Fv2%2Fcomments&post=11643"}],"version-history":[{"count":2,"href":"https:\/\/www.creusonslabible.fr\/index.php?rest_route=\/wp\/v2\/posts\/11643\/revisions"}],"predecessor-version":[{"id":11659,"href":"https:\/\/www.creusonslabible.fr\/index.php?rest_route=\/wp\/v2\/posts\/11643\/revisions\/11659"}],"wp:featuredmedia":[{"embeddable":true,"href":"https:\/\/www.creusonslabible.fr\/index.php?rest_route=\/wp\/v2\/media\/11648"}],"wp:attachment":[{"href":"https:\/\/www.creusonslabible.fr\/index.php?rest_route=%2Fwp%2Fv2%2Fmedia&parent=11643"}],"wp:term":[{"taxonomy":"category","embeddable":true,"href":"https:\/\/www.creusonslabible.fr\/index.php?rest_route=%2Fwp%2Fv2%2Fcategories&post=11643"},{"taxonomy":"post_tag","embeddable":true,"href":"https:\/\/www.creusonslabible.fr\/index.php?rest_route=%2Fwp%2Fv2%2Ftags&post=11643"},{"taxonomy":"video","embeddable":true,"href":"https:\/\/www.creusonslabible.fr\/index.php?rest_route=%2Fwp%2Fv2%2Fvideo&post=11643"},{"taxonomy":"audio","embeddable":true,"href":"https:\/\/www.creusonslabible.fr\/index.php?rest_route=%2Fwp%2Fv2%2Faudio&post=11643"},{"taxonomy":"ecrit","embeddable":true,"href":"https:\/\/www.creusonslabible.fr\/index.php?rest_route=%2Fwp%2Fv2%2Fecrit&post=11643"},{"taxonomy":"mis-en-avant","embeddable":true,"href":"https:\/\/www.creusonslabible.fr\/index.php?rest_route=%2Fwp%2Fv2%2Fmis-en-avant&post=11643"},{"taxonomy":"redacteur","embeddable":true,"href":"https:\/\/www.creusonslabible.fr\/index.php?rest_route=%2Fwp%2Fv2%2Fredacteur&post=11643"},{"taxonomy":"type-darticle","embeddable":true,"href":"https:\/\/www.creusonslabible.fr\/index.php?rest_route=%2Fwp%2Fv2%2Ftype-darticle&post=11643"}],"curies":[{"name":"wp","href":"https:\/\/api.w.org\/{rel}","templated":true}]}}