{"id":11653,"date":"2025-12-18T07:28:00","date_gmt":"2025-12-18T05:28:00","guid":{"rendered":"https:\/\/www.creusonslabible.fr\/?p=11653"},"modified":"2025-12-18T15:05:58","modified_gmt":"2025-12-18T13:05:58","slug":"vous-etes-une-communaute-prophetique-vous-etes-le-sel-de-la-terre-et-la-lumiere-du-monde","status":"publish","type":"post","link":"https:\/\/www.creusonslabible.fr\/?p=11653","title":{"rendered":"Vous\u00a0\u00eates une communaut\u00e9 proph\u00e9tique, vous \u00eates le sel de la terre et la lumi\u00e8re du monde."},"content":{"rendered":"\n<p>Par Luc Oleknovitch, pasteur et \u00e9thicien<\/p>\n\n\n\n<p>Au sein de l\u2019Universit\u00e9, les GBU, par et dans leur vie de groupes autour de la Bible sont des \u00ab\u00a0communaut\u00e9s proph\u00e9tiques\u00a0\u00bb, \u00e0 condition qu\u2019elles restent enracin\u00e9es en Christ, pour porter sa voix, et non une version \u00e9dulcor\u00e9e qui r\u00e9p\u00e8te le discours de ce monde en l\u2019enrobant d\u2019un langage chr\u00e9tien. \u00c0 condition de ne pas se replier dans une pi\u00e9t\u00e9 indiff\u00e9rente aux cris de ce monde. Faites la diff\u00e9rence\u00a0! Croyez que l\u2019Esprit peut vous inspirer des paroles et des actes pertinents pour aujourd\u2019hui. Certes vos groupes sont pr\u00e9caires, mais dans cette pauvret\u00e9 m\u00eame vous \u00eates t\u00e9moins\u00a0du Christ\u202f! Regardez-vous dans les yeux de J\u00e9sus qui vous voit comme des t\u00e9moins pr\u00e9cieux, \u00ab\u00a0sel de la terre et lumi\u00e8re du monde\u00a0\u00bb, \u00ab\u00a0proph\u00e9tiques\u00a0\u00bb en ce que vous vivez d\u00e9j\u00e0 le royaume de justice et de paix que J\u00e9sus a inaugur\u00e9.<\/p>\n\n\n\n<p>J\u00e9sus a rassembl\u00e9 des personnes que tout opposait&nbsp;: Simon le z\u00e9lote, issu d\u2019un groupe ind\u00e9pendantiste&nbsp;juif qui employait la violence, Matthieu&nbsp;le collecteur d&rsquo;imp\u00f4ts collaborant avec les Romains qui faisaient violence au peuple juif. C&rsquo;est parce que J\u00e9sus les a appel\u00e9s et qu\u2019ils se sont mis \u00e0 son \u00e9coute qu\u2019ils ont pu d\u00e9passer leurs tensions et former une communaut\u00e9 proph\u00e9tique du Royaume de justice et de paix. Suivant leur exemple il est proph\u00e9tique pour les \u00e9tudiants chr\u00e9tiens de commencer par vivre leur diversit\u00e9 dans cette unit\u00e9 en Christ et ensuite de r\u00e9sister au nom du Prince de la Paix, \u00e0 la violence des \u00e9changes, des classifications, des injonctions des z\u00e9lotes d\u2019aujourd\u2019hui \u00e0 choisir son camp dans les batailles id\u00e9ologiques qui traversent l\u2019Universit\u00e9<sup><a href=\"#sdfootnote1sym\" id=\"sdfootnote1anc\"><sup>1<\/sup><\/a><\/sup>.<\/p>\n\n\n\n<p>Le th\u00e9ologien John Stott recommandait de pratiquer la double \u00e9coute, celle de la Parole de Dieu et celle des cris de ce monde.<\/p>\n\n\n\n<p>\u00c9couter la Parole de Dieu nous am\u00e8ne \u00e0 \u00eatre des t\u00e9moins radicalement non conformes \u00e0 ce monde<sup><a href=\"#sdfootnote2sym\" id=\"sdfootnote2anc\"><sup>2<\/sup><\/a><\/sup>\u00a0.<\/p>\n\n\n\n<ol class=\"wp-block-list\">\n<li><strong>En t\u00e9moignant que Christ est la v\u00e9rit\u00e9 face au relativisme&nbsp;qui dit&nbsp;: \u00ab&nbsp;\u00e0 chacun sa v\u00e9rit\u00e9&nbsp;\u00bb&nbsp;<\/strong><\/li>\n<\/ol>\n\n\n\n<p>On reproche souvent au chr\u00e9tien leur absolutisme de la v\u00e9rit\u00e9 mais poser qu\u2019il n\u2019y a que des v\u00e9rit\u00e9s subjectives c\u2019est aussi un absolu. De plus cet absolutisme de l\u2019opinion personnelle pose probl\u00e8me comment faire soci\u00e9t\u00e9, comment fixer des r\u00e8gles pour vivre ensemble&nbsp;? Cela aboutit \u00e0 un&nbsp;relativisme \u00e9thique, le bien et le mal deviennent subjectifs. Nous&nbsp;d\u00e9fendons&nbsp;des&nbsp;absolus&nbsp;moraux comme le respect de la vie humaine, l\u2019exigence de la justice pour tous les humains qu\u2019ils soient \u00e9trangers, pauvres, handicap\u00e9s&#8230;Christ nous appelle \u00e0 accueillir les personnes dans leur diversit\u00e9 culturelle avec amour (Rm 14.1) et non \u00e0 les y enfermer. En Christ la v\u00e9rit\u00e9 objective et subjective se rejoignent&nbsp;: ce monde est r\u00e9el, car il l\u2019a cr\u00e9\u00e9, et, dans la relation personnelle au Christ, nous trouvons la vie v\u00e9ritable et une direction pour notre vie.<\/p>\n\n\n\n<ol start=\"2\" class=\"wp-block-list\">\n<li><strong>En t\u00e9moignant que, pour nous, l\u2019amour prime sur&nbsp;<\/strong><strong>l\u2019argent<\/strong><\/li>\n<\/ol>\n\n\n\n<p>Pour nous ce qui est premier c\u2019est l\u2019amour, c\u2019est la relation \u00e0 Dieu et au prochain alors que dans ce monde on nous dit&nbsp;: c\u2019est l\u2019argent qui commande, accumulez les biens mat\u00e9riels et vous aurez s\u00e9curit\u00e9 et bonheur.<\/p>\n\n\n\n<ol start=\"3\" class=\"wp-block-list\">\n<li><strong>En&nbsp;renon\u00e7ant \u00e0 nous-m\u00eames pour vivre pour Christ<\/strong><\/li>\n<\/ol>\n\n\n\n<p>En tant&nbsp;que&nbsp;chr\u00e9tiens,&nbsp;nous&nbsp;apprenons&nbsp;\u00e0&nbsp;renoncer \u00e0&nbsp;nous-m\u00eames, \u00e0&nbsp;vivre&nbsp;pour Christ dans une soci\u00e9t\u00e9 o\u00f9 pr\u00e9vaut le narcissisme, c\u2019est-\u00e0 dire le culte idol\u00e2tre de sa propre image au lieu de l\u2019adoration de Dieu et de l\u2019amour du prochain.&nbsp;<\/p>\n\n\n\n<p>Mais pour \u00eatre lumi\u00e8re dans ce monde il faut savoir quelles t\u00e9n\u00e8bres affronter et en particulier les craintes qui obscurcissent les c\u0153urs des jeunes que vous c\u00f4toyez. Un sondage r\u00e9cent pointe les principales pr\u00e9occupations des jeunes en France :<\/p>\n\n\n\n<ul class=\"wp-block-list\">\n<li>En premier, le pouvoir d\u2019achat&nbsp;(38%) : 6 jeunes sur 10 d\u00e9clarent subvenir difficilement \u00e0 leurs d\u00e9penses courantes.<\/li>\n\n\n\n<li>En second les in\u00e9galit\u00e9s sociales (27%) avec une diff\u00e9rence importante&nbsp;: les femmes sond\u00e9es y sont plus sensibles (34%)&nbsp;!<\/li>\n\n\n\n<li>En troisi\u00e8me la protection de l\u2019environnement (27%).<\/li>\n<\/ul>\n\n\n\n<p>Ces jeunes se disent optimistes sur leur avenir mais ont en m\u00eame temps une vision n\u00e9gative du monde du travail, qu\u2019ils craignent, et ils ont l\u2019impression de ne pas \u00eatre \u00e9cout\u00e9s<sup><a href=\"#sdfootnote3sym\" id=\"sdfootnote3anc\"><sup>3<\/sup><\/a><\/sup>.<\/p>\n\n\n\n<h4 class=\"wp-block-heading\"><strong>Vous \u00eates la lumi\u00e8re du monde en t\u00e9moignant de votre confiance en Dieu&nbsp;<\/strong><\/h4>\n\n\n\n<p>Ces difficult\u00e9s, les jeunes chr\u00e9tiens peuvent les entendre car ils les vivent aussi, quand ils n&rsquo;ont pas l&rsquo;appui affectif et financier d&rsquo;une famille qui a les moyens de les soutenir. Mais ils savent et croient qu\u2019ils ont un Dieu P\u00e8re qui sait ce dont ils ont besoin, ils peuvent partager leurs soucis avec des fr\u00e8res et s\u0153urs en la foi. Ils peuvent t\u00e9moigner aussi collectivement, en actes de solidarit\u00e9.<\/p>\n\n\n\n<h4 class=\"wp-block-heading\"><strong>Vous \u00eates la lumi\u00e8re du monde en t\u00e9moignant de votre soif de justice pour tous<\/strong><\/h4>\n\n\n\n<p>On pense souvent que les jeunes sont plus sensibles \u00e0 la justice&nbsp;; ce sondage montre que ce n\u2019est pas toujours le cas, m\u00eame si les femmes, qui ont plus difficilement acc\u00e8s \u00e0 certaines professions, et touchent souvent un salaire moindre, y sont plus sensibles&nbsp;! Les in\u00e9galit\u00e9s sociales ont bien un \u00ab&nbsp;genre&nbsp;\u00bb mais la diff\u00e9rence entre les sexes n\u2019est pas une injustice sociale&nbsp;! Dans les groupes vivons-nous cette diff\u00e9rence avec le m\u00eame respect que J\u00e9sus a eu envers les femmes&nbsp;? Nous ne serons pas proph\u00e9tiques si nous sommes sensibles seulement aux injustices qui nous concernent sans l\u2019\u00eatre \u00e0 tout ce qui humilie l\u2019humain cr\u00e9\u00e9 et d\u00e9truit la cr\u00e9ation. Refuser la course \u00e0 la consommation c\u2019est avoir le souci de la justice pour les plus pauvres qui souffrent de conditions sociales injustes et d\u2019une d\u00e9gradation de leur sant\u00e9 et de leur environnement. Ayons soif de justice pour tous les humains et nous serons proph\u00e9tiques, si nous agissons, comme Martin Luther King, sur le mode \u00ab&nbsp;ouvriers de paix&nbsp;\u00bb.<\/p>\n\n\n\n<p>Enfin, par rapport aux craintes des jeunes de ne pas \u00eatre \u00e9cout\u00e9es, le c\u00f4t\u00e9 interg\u00e9n\u00e9rationnel des r\u00e9seaux GBU, avec des adultes a\u00een\u00e9s qui se mettent au service pour accompagner des \u00e9tudiants, est aussi un t\u00e9moignage chr\u00e9tien.&nbsp;<\/p>\n\n\n\n<p><strong>Vous \u00eates le sel de la terre et la lumi\u00e8re du monde, t\u00e9moins qu\u2019en Christ il y a un avenir, vous \u00eates l\u2019avenir de ce monde ce ne sont pas les durs et les puissants mais les doux qui h\u00e9riteront de la terre et si l\u2019on vous m\u00e9prise et vous insulte \u00e0 cause du Christ \u00ab&nbsp;heureux ceux qui sont pers\u00e9cut\u00e9s pour la justice car le royaume des cieux leur appartient.&nbsp;\u00bb&nbsp;<\/strong><\/p>\n\n\n\n<p><\/p>\n\n\n\n<p><a href=\"#sdfootnote1anc\" id=\"sdfootnote1sym\">1<\/a>\u00a0Lire\u00a0: David\u00a0BROWN\u00a0(dir.)\u00a0<em>\u00catre chr\u00e9tien dans un monde d\u2019id\u00e9ologies<\/em>, Charols, Excelsis, 2024.<\/p>\n\n\n\n<p><a href=\"#sdfootnote2anc\" id=\"sdfootnote2sym\">2<\/a>&nbsp;Je m\u2019inspire des crit\u00e8res de John&nbsp;STOTT,&nbsp;<em>Le disciple une vie radicale<\/em>, Valence LLB 2012 en rempla\u00e7ant son opposition pluralisme\/v\u00e9rit\u00e9 unique par une opposition v\u00e9rit\u00e9\/relativisme. Car il y a une pluralit\u00e9 des opinions \u00e0 accueillir avec amour (Rm 14.1) et un pluralisme social (famille, communaut\u00e9s, syndicats\u2026) sain pour la soci\u00e9t\u00e9. Lire CEPE (dir),&nbsp;&nbsp;<em>Pour une \u00e9thique sociale \u00e9vang\u00e9lique,&nbsp;<\/em>Charols 2024. La Commission d\u2019\u00e9thique protestante \u00e9vang\u00e9lique fait du respect du pluralisme social, avec d\u2019autres crit\u00e8res&nbsp;: le respect absolu de la personne humaine, l\u2019exigence de la justice, le souci \u00e9cologique\u2026l\u2019un des principes d\u2019une \u00e9thique sociale \u00e9vang\u00e9lique.<\/p>\n\n\n\n<p><a href=\"#sdfootnote3anc\" id=\"sdfootnote3sym\">3<\/a>&nbsp;https:\/\/www.ipsos.com\/fr-fr\/avoir-20-ans-letat-desprit-des-jeunes-francais-en-2025<\/p>\n","protected":false},"excerpt":{"rendered":"<p>Par Luc Oleknovitch, pasteur et \u00e9thicien Au sein de l\u2019Universit\u00e9, les GBU, par et dans leur vie de groupes autour de la Bible sont des \u00ab\u00a0communaut\u00e9s proph\u00e9tiques\u00a0\u00bb, \u00e0 condition qu\u2019elles restent enracin\u00e9es en Christ, pour porter sa voix, et non une version \u00e9dulcor\u00e9e qui r\u00e9p\u00e8te le discours de ce monde en l\u2019enrobant d\u2019un langage chr\u00e9tien. [&hellip;]<\/p>\n","protected":false},"author":3,"featured_media":11983,"comment_status":"open","ping_status":"open","sticky":false,"template":"","format":"standard","meta":{"_acf_changed":false,"_eb_attr":"","advgb_blocks_editor_width":"","advgb_blocks_columns_visual_guide":"","footnotes":""},"categories":[39,29],"tags":[607,608],"video":[],"audio":[],"ecrit":[],"mis-en-avant":[],"redacteur":[],"type-darticle":[],"class_list":["post-11653","post","type-post","status-publish","format-standard","has-post-thumbnail","hentry","category-la-vie-chretienne","category-le-chretien-dans-la-societe","tag-lumiere-du-monde","tag-sel-de-la-terre"],"blocksy_meta":[],"acf":[],"featured_image_src":"https:\/\/www.creusonslabible.fr\/wp-content\/uploads\/2025\/12\/1252893.jpeg","author_info":{"display_name":"Yoh","author_link":"https:\/\/www.creusonslabible.fr\/?author=3"},"author_meta":{"display_name":"Yoh","author_link":"https:\/\/www.creusonslabible.fr\/?author=3"},"featured_img":"https:\/\/www.creusonslabible.fr\/wp-content\/uploads\/2025\/12\/1252893-199x300.jpeg","coauthors":[],"tax_additional":{"categories":{"linked":["<a href=\"https:\/\/www.creusonslabible.fr\/?cat=39\" class=\"advgb-post-tax-term\">La vie chr\u00e9tienne<\/a>","<a href=\"https:\/\/www.creusonslabible.fr\/?cat=29\" class=\"advgb-post-tax-term\">Le chr\u00e9tien dans la soci\u00e9t\u00e9<\/a>"],"unlinked":["<span class=\"advgb-post-tax-term\">La vie chr\u00e9tienne<\/span>","<span class=\"advgb-post-tax-term\">Le chr\u00e9tien dans la soci\u00e9t\u00e9<\/span>"]},"tags":{"linked":["<a href=\"https:\/\/www.creusonslabible.fr\/?cat=29\" class=\"advgb-post-tax-term\">lumi\u00e8re du monde<\/a>","<a href=\"https:\/\/www.creusonslabible.fr\/?cat=29\" class=\"advgb-post-tax-term\">Sel de la terre<\/a>"],"unlinked":["<span class=\"advgb-post-tax-term\">lumi\u00e8re du monde<\/span>","<span class=\"advgb-post-tax-term\">Sel de la terre<\/span>"]}},"comment_count":"0","relative_dates":{"created":"Publi\u00e9 4 mois il y a","modified":"Mis \u00e0 jour 4 mois il y a"},"absolute_dates":{"created":"Publi\u00e9 le 18 d\u00e9cembre 2025","modified":"Mise \u00e0 jour le 18 d\u00e9cembre 2025"},"absolute_dates_time":{"created":"Publi\u00e9 le 18 d\u00e9cembre 2025 7h28","modified":"Mise \u00e0 jour le 18 d\u00e9cembre 2025 15h05"},"featured_img_caption":"","series_order":"","meta_box":[],"_links":{"self":[{"href":"https:\/\/www.creusonslabible.fr\/index.php?rest_route=\/wp\/v2\/posts\/11653","targetHints":{"allow":["GET"]}}],"collection":[{"href":"https:\/\/www.creusonslabible.fr\/index.php?rest_route=\/wp\/v2\/posts"}],"about":[{"href":"https:\/\/www.creusonslabible.fr\/index.php?rest_route=\/wp\/v2\/types\/post"}],"author":[{"embeddable":true,"href":"https:\/\/www.creusonslabible.fr\/index.php?rest_route=\/wp\/v2\/users\/3"}],"replies":[{"embeddable":true,"href":"https:\/\/www.creusonslabible.fr\/index.php?rest_route=%2Fwp%2Fv2%2Fcomments&post=11653"}],"version-history":[{"count":5,"href":"https:\/\/www.creusonslabible.fr\/index.php?rest_route=\/wp\/v2\/posts\/11653\/revisions"}],"predecessor-version":[{"id":11984,"href":"https:\/\/www.creusonslabible.fr\/index.php?rest_route=\/wp\/v2\/posts\/11653\/revisions\/11984"}],"wp:featuredmedia":[{"embeddable":true,"href":"https:\/\/www.creusonslabible.fr\/index.php?rest_route=\/wp\/v2\/media\/11983"}],"wp:attachment":[{"href":"https:\/\/www.creusonslabible.fr\/index.php?rest_route=%2Fwp%2Fv2%2Fmedia&parent=11653"}],"wp:term":[{"taxonomy":"category","embeddable":true,"href":"https:\/\/www.creusonslabible.fr\/index.php?rest_route=%2Fwp%2Fv2%2Fcategories&post=11653"},{"taxonomy":"post_tag","embeddable":true,"href":"https:\/\/www.creusonslabible.fr\/index.php?rest_route=%2Fwp%2Fv2%2Ftags&post=11653"},{"taxonomy":"video","embeddable":true,"href":"https:\/\/www.creusonslabible.fr\/index.php?rest_route=%2Fwp%2Fv2%2Fvideo&post=11653"},{"taxonomy":"audio","embeddable":true,"href":"https:\/\/www.creusonslabible.fr\/index.php?rest_route=%2Fwp%2Fv2%2Faudio&post=11653"},{"taxonomy":"ecrit","embeddable":true,"href":"https:\/\/www.creusonslabible.fr\/index.php?rest_route=%2Fwp%2Fv2%2Fecrit&post=11653"},{"taxonomy":"mis-en-avant","embeddable":true,"href":"https:\/\/www.creusonslabible.fr\/index.php?rest_route=%2Fwp%2Fv2%2Fmis-en-avant&post=11653"},{"taxonomy":"redacteur","embeddable":true,"href":"https:\/\/www.creusonslabible.fr\/index.php?rest_route=%2Fwp%2Fv2%2Fredacteur&post=11653"},{"taxonomy":"type-darticle","embeddable":true,"href":"https:\/\/www.creusonslabible.fr\/index.php?rest_route=%2Fwp%2Fv2%2Ftype-darticle&post=11653"}],"curies":[{"name":"wp","href":"https:\/\/api.w.org\/{rel}","templated":true}]}}