{"id":11655,"date":"2025-11-19T07:00:00","date_gmt":"2025-11-19T05:00:00","guid":{"rendered":"https:\/\/www.creusonslabible.fr\/?p=11655"},"modified":"2025-11-20T12:16:59","modified_gmt":"2025-11-20T10:16:59","slug":"peut-on-esperer-changer-le-climat-du-monde-comment-rester-actifs-alors-que-les-espoirs-damelioration-sont-si-minces","status":"publish","type":"post","link":"https:\/\/www.creusonslabible.fr\/?p=11655","title":{"rendered":"Peut-on esp\u00e9rer changer le (climat du) monde ? Comment rester actifs alors que les espoirs d&rsquo;am\u00e9lioration sont si minces ?\u00a0"},"content":{"rendered":"\n<p>Par Rachel Calvert, pr\u00e9sidente de A Rocha France<\/p>\n\n\n\n<p><\/p>\n\n\n\n<p><em>\u00ab&nbsp;Vouloir agir contre le changement climatique est illusoire, voire arrogant. Les enjeux nous d\u00e9passent, et ce que nous pouvons esp\u00e9rer accomplir n\u2019est qu\u2019une goutte dans l\u2019oc\u00e9an.&nbsp;N\u2019est-il pas mieux de mettre nos efforts dans des projets qui peuvent faire une r\u00e9elle diff\u00e9rence ? L\u2019\u00e9vang\u00e9lisation, par exemple, et le discipulat&nbsp;?&nbsp;\u00bb<\/em><\/p>\n\n\n\n<h3 class=\"wp-block-heading\"><strong>Une question de coh\u00e9rence<\/strong><\/h3>\n\n\n\n<p>L\u2019\u00c9vangile de J\u00e9sus Christ change des vies. Si nous proclamons haut et fort que \u00ab&nbsp;J\u00e9sus est Seigneur&nbsp;\u00bb et \u00ab&nbsp;J\u00e9sus sauve&nbsp;\u00bb mais cela ne change rien \u00e0 notre mani\u00e8re de vivre dans le monde, il y a clairement un probl\u00e8me&nbsp;! Nous disons croire dans un Dieu cr\u00e9ateur, un Dieu qui a d\u00e9clar\u00e9 sa cr\u00e9ation \u00ab&nbsp;tr\u00e8s bon&nbsp;\u00bb (Gn. 1.31) et qui en prend soin (Ps. 104). Cette terre lui appartient et il nous a confi\u00e9 la responsabilit\u00e9 de la cultiver et la garder (Gn. 2.15). Nous croyons \u00e0 la responsabilit\u00e9 humaine devant Dieu&nbsp;; nous croyons aussi \u00e0 la r\u00e9alit\u00e9 du p\u00e9ch\u00e9, \u00e0 la possibilit\u00e9 de la repentance et de la r\u00e9demption. En Christ, ce qui a \u00e9t\u00e9 bris\u00e9 et abim\u00e9 par le p\u00e9ch\u00e9 sera restaur\u00e9 et renouvel\u00e9.<\/p>\n\n\n\n<p>Si nous pr\u00e9tendons croire tout cela, tout en vivant comme si cette terre \u00e9tait simplement une ressource \u00e0 exploiter, comme si nous n\u2019avions aucune responsabilit\u00e9 pour les cons\u00e9quences de nos actions pour les autres habitants de la plan\u00e8te, il y aura un manque de coh\u00e9rence criant. Aimer Dieu et aimer notre prochain, c\u2019est aussi nous pr\u00e9occuper de l\u2019impact de nos choix.&nbsp;<\/p>\n\n\n\n<p>La Bible ne nous dictera pas les meilleures solutions techniques pour effectuer la transition \u00e9nerg\u00e9tique, ou le mod\u00e8le de soci\u00e9t\u00e9 qui nous permettra de combiner sobri\u00e9t\u00e9 et \u00e9quit\u00e9. Tout comme les autres citoyens, les chr\u00e9tiens sont appel\u00e9s \u00e0 utiliser les capacit\u00e9s de r\u00e9flexion et de collaboration que Dieu nous a confi\u00e9es. Les choix individuels auront leur place&nbsp;; les choix collectifs \u00e9galement. Sciences et techniques, sciences sociales et politiques, arts et litt\u00e9rature, philosophie : dans tous ces domaines nous avons besoin de chr\u00e9tiens qui sont pr\u00eats \u00e0 mettre leur talents au service de leur prochain face au d\u00e9fi climatique et \u00e0 l\u2019effondrement de la biodiversit\u00e9.<\/p>\n\n\n\n<p>Parmi les chr\u00e9tiens qui nous ont pr\u00e9c\u00e9d\u00e9s, certains ont su \u00ab&nbsp;discerner les temps&nbsp;\u00bb et r\u00e9pondre \u00e0 l\u2019appel de Dieu pour agir en coh\u00e9rence avec l\u2019Evangile, face aux probl\u00e8mes syst\u00e9miques de leur \u00e9poque (la sant\u00e9, l\u2019\u00e9ducation, l\u2019abolition de l\u2019esclavage, les conditions dans les prisons<a href=\"#sdfootnote1sym\" id=\"sdfootnote1anc\"><sup>1<\/sup><\/a>\u2026). La crise \u00e9cologique dans sa globalit\u00e9, et le d\u00e9r\u00e8glement climatique en particulier, sont d\u2019une importance capitale pour notre g\u00e9n\u00e9ration et les g\u00e9n\u00e9rations qui nous suivront. S\u2019il n\u2019est effectivement plus possible d\u2019arr\u00eater les d\u00e9r\u00e8glements en cours, les d\u00e9cisions prises aujourd\u2019hui et demain peuvent n\u00e9anmoins soit limiter, soit aggraver l\u2019\u00e9tendue des d\u00e9g\u00e2ts<a href=\"#sdfootnote2sym\" id=\"sdfootnote2anc\"><sup>2<\/sup><\/a>.&nbsp;Nous savons aussi qu\u2019en mati\u00e8re de consommation d\u2019\u00e9nergies fossiles, le sc\u00e9nario \u00ab&nbsp;<em>business as usual<\/em>&nbsp;\u00bb va au contraire aggraver les in\u00e9galit\u00e9s et l\u2019instabilit\u00e9 \u00e0 tous les niveaux. En tant que disciples de J\u00e9sus, la souffrance qui en d\u00e9coule ne peut pas nous laisser indiff\u00e9rents.<\/p>\n\n\n\n<h3 class=\"wp-block-heading\"><strong>Engagement \u00e9cologique et vie de disciple<\/strong><\/h3>\n\n\n\n<p>Le niveau de consommation qui para\u00eet \u00ab&nbsp;normal&nbsp;\u00bb pour beaucoup de chr\u00e9tiens occidentaux&nbsp;aujourd\u2019hui&nbsp;est insoutenable dans la dur\u00e9e. En tant que soci\u00e9t\u00e9, nous ne pouvons pas continuer \u00e0&nbsp;ab\u00eemer&nbsp;les sols, \u00e0 piller les oc\u00e9ans, \u00e0 \u00e9puiser les ressources min\u00e9rales comme nous le faisons aujourd\u2019hui&nbsp;: nous sommes simplement face aux limites d\u2019une cr\u00e9ation finie. Dieu&nbsp;seul&nbsp;est infini&nbsp;;&nbsp;nous sommes des cr\u00e9atures qui vivent dans un monde cr\u00e9\u00e9 avec des limites. Une des multiples fa\u00e7ons de concevoir du p\u00e9ch\u00e9 tout au long de la Bible est le non-respect des limites que Dieu, dans son amour, a pos\u00e9es&nbsp;pour l\u2019\u00eatre humain.<\/p>\n\n\n\n<p><a><\/a>Une certaine sobri\u00e9t\u00e9 fait partie de la vie normale du disciple. Selon l\u2019ap\u00f4tre Paul, la gr\u00e2ce de Dieu nous enseigne \u00e0 \u00ab\u00e0 renoncer \u00e0 l&rsquo;impi\u00e9t\u00e9 et aux convoitises mondaines, et \u00e0 vivre dans le si\u00e8cle pr\u00e9sent selon la sagesse, la justice et la pi\u00e9t\u00e9, en attendant la bienheureuse esp\u00e9rance, et la manifestation de la gloire du grand Dieu et de notre Sauveur J\u00e9sus Christ.&nbsp;\u00bb (Tite 2.12) A chacun de nous de r\u00e9fl\u00e9chir devant le Seigneur, sur comment cela devrait se concr\u00e9tiser en temps de crise climatique.<\/p>\n\n\n\n<h3 class=\"wp-block-heading\"><strong>En quoi esp\u00e9rons-nous&nbsp;?<\/strong><\/h3>\n\n\n\n<p>Dans la tradition catholique, certains prient Sainte Rita ou Saint Jude, patrons des causes perdues.&nbsp;Face aux actualit\u00e9s climatiques, je vous&nbsp;encourage&nbsp;plut\u00f4t&nbsp;\u00e0&nbsp;prier J\u00e9sus, celui en qui, par qui et pour qui toutes choses en \u00e9t\u00e9 cr\u00e9\u00e9s&nbsp;!&nbsp;Notre esp\u00e9rance ultime ne se situe ni dans l\u2019innovation technique&nbsp;ni&nbsp;dans la r\u00e9silience du \u00ab&nbsp;syst\u00e8me&nbsp;Terre&nbsp;\u00bb. Nous mettons notre&nbsp;espoir&nbsp;en Dieu,&nbsp;cr\u00e9ateur des cieux et de la terre, et en son fils J\u00e9sus,&nbsp;qui reviendra juger les vivants et les morts.&nbsp;Le climat n\u2019est pas une cause perdue&nbsp;:&nbsp;J\u00e9sus fera toutes choses nouvelles. Mais nous ne savons pas quand, et entre temps il nous a appel\u00e9s&nbsp;\u00e0&nbsp;d\u00e9pendre de lui et \u00e0&nbsp;\u00eatre de bons intendants.&nbsp;<\/p>\n\n\n\n<p>En conclusion : comme nous disons souvent \u00e0 A Rocha, nous agissons&nbsp;:<\/p>\n\n\n\n<ul class=\"wp-block-list\">\n<li><strong>Par amour&nbsp;<\/strong>: car nous aimons Dieu, \u00e0 qui cette cr\u00e9ation et ses syst\u00e8mes complexes appartiennent. Et nous aimons notre prochain, qui en d\u00e9pend pour sa survie et son \u00e9panouissement.<\/li>\n\n\n\n<li><strong>Par ob\u00e9issance<\/strong>&nbsp;: car Dieu a confi\u00e9 \u00e0 l\u2019\u00eatre humain la t\u00e2che de \u00ab&nbsp;cultiver et garder&nbsp;\u00bb cette belle cr\u00e9ation. La confiance en Dieu ne se traduit pas par la passivit\u00e9, mais par la soumission joyeuse \u00e0 ses commandements.<\/li>\n\n\n\n<li><strong>Par souci de justice<\/strong>&nbsp;: car ce sont souvent les plus pauvres qui sont les plus impact\u00e9s par le changement climatique.<\/li>\n\n\n\n<li><strong>Par responsabilit\u00e9&nbsp;:&nbsp;<\/strong>car l\u2019\u00eatre humain, cr\u00e9\u00e9 \u00e0 l\u2019image de Dieu, est responsable devant lui. Dans sa souverainet\u00e9, Dieu a cr\u00e9\u00e9 cet univers de fa\u00e7on \u00e0 ce que nos actes aient r\u00e9ellement des cons\u00e9quences.<\/li>\n<\/ul>\n\n\n\n<p><a href=\"#sdfootnote1anc\" id=\"sdfootnote1sym\">1<\/a>On pourrait citer Jean-Fr\u00e9deric Oberlin, Elisabeth Fry, William Wilberforce ou John Bost, parmi beaucoup d\u2019autres.<\/p>\n\n\n\n<p><a href=\"#sdfootnote2anc\" id=\"sdfootnote2sym\">2<\/a><a href=\"https:\/\/www.ecologie.gouv.fr\/sites\/default\/files\/documents\/20250_4pages-GIEC-2.pdf\">https:\/\/www.ecologie.gouv.fr\/sites\/default\/files\/documents\/20250_4pages-GIEC-2.pdf<\/a>&nbsp;, consult\u00e9 le 05\/02\/2025<\/p>\n\n\n\n<p><\/p>\n","protected":false},"excerpt":{"rendered":"<p>Par Rachel Calvert, pr\u00e9sidente de A Rocha France \u00ab&nbsp;Vouloir agir contre le changement climatique est illusoire, voire arrogant. Les enjeux nous d\u00e9passent, et ce que nous pouvons esp\u00e9rer accomplir n\u2019est qu\u2019une goutte dans l\u2019oc\u00e9an.&nbsp;N\u2019est-il pas mieux de mettre nos efforts dans des projets qui peuvent faire une r\u00e9elle diff\u00e9rence ? L\u2019\u00e9vang\u00e9lisation, par exemple, et le [&hellip;]<\/p>\n","protected":false},"author":3,"featured_media":11764,"comment_status":"open","ping_status":"open","sticky":false,"template":"","format":"standard","meta":{"_acf_changed":false,"_eb_attr":"","advgb_blocks_editor_width":"","advgb_blocks_columns_visual_guide":"","footnotes":""},"categories":[39,29],"tags":[869,1165,111],"video":[],"audio":[],"ecrit":[],"mis-en-avant":[],"redacteur":[],"type-darticle":[],"class_list":["post-11655","post","type-post","status-publish","format-standard","has-post-thumbnail","hentry","category-la-vie-chretienne","category-le-chretien-dans-la-societe","tag-changement","tag-ecologie","tag-sanctification"],"blocksy_meta":[],"acf":[],"featured_image_src":"https:\/\/www.creusonslabible.fr\/wp-content\/uploads\/2025\/11\/axe5o1xh7_q.jpg","author_info":{"display_name":"Yoh","author_link":"https:\/\/www.creusonslabible.fr\/?author=3"},"author_meta":{"display_name":"Yoh","author_link":"https:\/\/www.creusonslabible.fr\/?author=3"},"featured_img":"https:\/\/www.creusonslabible.fr\/wp-content\/uploads\/2025\/11\/axe5o1xh7_q-300x200.jpg","coauthors":[],"tax_additional":{"categories":{"linked":["<a href=\"https:\/\/www.creusonslabible.fr\/?cat=39\" class=\"advgb-post-tax-term\">La vie chr\u00e9tienne<\/a>","<a href=\"https:\/\/www.creusonslabible.fr\/?cat=29\" class=\"advgb-post-tax-term\">Le chr\u00e9tien dans la soci\u00e9t\u00e9<\/a>"],"unlinked":["<span class=\"advgb-post-tax-term\">La vie chr\u00e9tienne<\/span>","<span class=\"advgb-post-tax-term\">Le chr\u00e9tien dans la soci\u00e9t\u00e9<\/span>"]},"tags":{"linked":["<a href=\"https:\/\/www.creusonslabible.fr\/?cat=29\" class=\"advgb-post-tax-term\">changement<\/a>","<a href=\"https:\/\/www.creusonslabible.fr\/?cat=29\" class=\"advgb-post-tax-term\">\u00e9cologie<\/a>","<a href=\"https:\/\/www.creusonslabible.fr\/?cat=29\" class=\"advgb-post-tax-term\">sanctification<\/a>"],"unlinked":["<span class=\"advgb-post-tax-term\">changement<\/span>","<span class=\"advgb-post-tax-term\">\u00e9cologie<\/span>","<span class=\"advgb-post-tax-term\">sanctification<\/span>"]}},"comment_count":"0","relative_dates":{"created":"Publi\u00e9 5 mois il y a","modified":"Mis \u00e0 jour 5 mois il y a"},"absolute_dates":{"created":"Publi\u00e9 le 19 novembre 2025","modified":"Mise \u00e0 jour le 20 novembre 2025"},"absolute_dates_time":{"created":"Publi\u00e9 le 19 novembre 2025 7h00","modified":"Mise \u00e0 jour le 20 novembre 2025 12h16"},"featured_img_caption":"","series_order":"","meta_box":[],"_links":{"self":[{"href":"https:\/\/www.creusonslabible.fr\/index.php?rest_route=\/wp\/v2\/posts\/11655","targetHints":{"allow":["GET"]}}],"collection":[{"href":"https:\/\/www.creusonslabible.fr\/index.php?rest_route=\/wp\/v2\/posts"}],"about":[{"href":"https:\/\/www.creusonslabible.fr\/index.php?rest_route=\/wp\/v2\/types\/post"}],"author":[{"embeddable":true,"href":"https:\/\/www.creusonslabible.fr\/index.php?rest_route=\/wp\/v2\/users\/3"}],"replies":[{"embeddable":true,"href":"https:\/\/www.creusonslabible.fr\/index.php?rest_route=%2Fwp%2Fv2%2Fcomments&post=11655"}],"version-history":[{"count":2,"href":"https:\/\/www.creusonslabible.fr\/index.php?rest_route=\/wp\/v2\/posts\/11655\/revisions"}],"predecessor-version":[{"id":11765,"href":"https:\/\/www.creusonslabible.fr\/index.php?rest_route=\/wp\/v2\/posts\/11655\/revisions\/11765"}],"wp:featuredmedia":[{"embeddable":true,"href":"https:\/\/www.creusonslabible.fr\/index.php?rest_route=\/wp\/v2\/media\/11764"}],"wp:attachment":[{"href":"https:\/\/www.creusonslabible.fr\/index.php?rest_route=%2Fwp%2Fv2%2Fmedia&parent=11655"}],"wp:term":[{"taxonomy":"category","embeddable":true,"href":"https:\/\/www.creusonslabible.fr\/index.php?rest_route=%2Fwp%2Fv2%2Fcategories&post=11655"},{"taxonomy":"post_tag","embeddable":true,"href":"https:\/\/www.creusonslabible.fr\/index.php?rest_route=%2Fwp%2Fv2%2Ftags&post=11655"},{"taxonomy":"video","embeddable":true,"href":"https:\/\/www.creusonslabible.fr\/index.php?rest_route=%2Fwp%2Fv2%2Fvideo&post=11655"},{"taxonomy":"audio","embeddable":true,"href":"https:\/\/www.creusonslabible.fr\/index.php?rest_route=%2Fwp%2Fv2%2Faudio&post=11655"},{"taxonomy":"ecrit","embeddable":true,"href":"https:\/\/www.creusonslabible.fr\/index.php?rest_route=%2Fwp%2Fv2%2Fecrit&post=11655"},{"taxonomy":"mis-en-avant","embeddable":true,"href":"https:\/\/www.creusonslabible.fr\/index.php?rest_route=%2Fwp%2Fv2%2Fmis-en-avant&post=11655"},{"taxonomy":"redacteur","embeddable":true,"href":"https:\/\/www.creusonslabible.fr\/index.php?rest_route=%2Fwp%2Fv2%2Fredacteur&post=11655"},{"taxonomy":"type-darticle","embeddable":true,"href":"https:\/\/www.creusonslabible.fr\/index.php?rest_route=%2Fwp%2Fv2%2Ftype-darticle&post=11655"}],"curies":[{"name":"wp","href":"https:\/\/api.w.org\/{rel}","templated":true}]}}