{"id":11891,"date":"2025-10-05T17:54:00","date_gmt":"2025-10-05T15:54:00","guid":{"rendered":"https:\/\/www.creusonslabible.fr\/?p=11891"},"modified":"2025-12-12T17:57:14","modified_gmt":"2025-12-12T15:57:14","slug":"y-a-t-il-un-pilate-dans-lavion","status":"publish","type":"post","link":"https:\/\/www.creusonslabible.fr\/?p=11891","title":{"rendered":"Y a-t-il un Pilate dans l\u2019avion ?"},"content":{"rendered":"\n<p><strong>L\u2019entretien entre J\u00e9sus et le gouverneur romain qui est relat\u00e9 par Jean (18.29-19.22) est int\u00e9ressant \u00e0 plus d\u2019un titre. Dans ce premier article, int\u00e9ressons-nous \u00e0 sa structure.<\/strong><\/p>\n\n\n\n<p><strong>Plan de la s\u00e9rie :<\/strong><\/p>\n\n\n\n<ol class=\"wp-block-list\">\n<li><a href=\"https:\/\/www.creusonslabible.fr\/?p=8395\" target=\"_blank\" rel=\"noreferrer noopener\">La structure<\/a><\/li>\n\n\n\n<li><a href=\"https:\/\/www.creusonslabible.fr\/?p=8584\" target=\"_blank\" rel=\"noreferrer noopener\">Pilate ne pilote pas<\/a><\/li>\n\n\n\n<li><a href=\"https:\/\/www.creusonslabible.fr\/?p=8601\">Qui a r\u00e9ellement le pouvoir ?<\/a><\/li>\n<\/ol>\n","protected":false},"excerpt":{"rendered":"<p>L\u2019entretien entre J\u00e9sus et le gouverneur romain qui est relat\u00e9 par Jean (18.29-19.22) est int\u00e9ressant \u00e0 plus d\u2019un titre. Dans ce premier article, int\u00e9ressons-nous \u00e0 sa structure. Plan de la s\u00e9rie :<\/p>\n","protected":false},"author":11,"featured_media":8396,"comment_status":"open","ping_status":"open","sticky":false,"template":"","format":"standard","meta":{"_acf_changed":false,"_eb_attr":"","advgb_blocks_editor_width":"","advgb_blocks_columns_visual_guide":"","footnotes":""},"categories":[75,24],"tags":[651,64,470,624],"video":[],"audio":[],"ecrit":[],"mis-en-avant":[],"redacteur":[],"type-darticle":[],"class_list":["post-11891","post","type-post","status-publish","format-standard","has-post-thumbnail","hentry","category-jesus-le-fils","category-textes-bibliques-commentes","tag-ecrit","tag-jesus","tag-pilate","tag-proces"],"blocksy_meta":[],"acf":[],"featured_image_src":"https:\/\/www.creusonslabible.fr\/wp-content\/uploads\/2022\/08\/Ecce_homo_by_Antonio_Ciseri_1-e1661438567191-1.jpg","author_info":{"display_name":"Cedriane Prohin","author_link":"https:\/\/www.creusonslabible.fr\/?author=11"},"author_meta":{"display_name":"Cedriane Prohin","author_link":"https:\/\/www.creusonslabible.fr\/?author=11"},"featured_img":"https:\/\/www.creusonslabible.fr\/wp-content\/uploads\/2022\/08\/Ecce_homo_by_Antonio_Ciseri_1-e1661438567191-1-300x141.jpg","coauthors":[],"tax_additional":{"categories":{"linked":["<a href=\"https:\/\/www.creusonslabible.fr\/?cat=75\" class=\"advgb-post-tax-term\">J\u00e9sus le Fils<\/a>","<a href=\"https:\/\/www.creusonslabible.fr\/?cat=24\" class=\"advgb-post-tax-term\">Textes Bibliques comment\u00e9s<\/a>"],"unlinked":["<span class=\"advgb-post-tax-term\">J\u00e9sus le Fils<\/span>","<span class=\"advgb-post-tax-term\">Textes Bibliques comment\u00e9s<\/span>"]},"tags":{"linked":["<a href=\"https:\/\/www.creusonslabible.fr\/?cat=24\" class=\"advgb-post-tax-term\">\u00e9crit<\/a>","<a href=\"https:\/\/www.creusonslabible.fr\/?cat=24\" class=\"advgb-post-tax-term\">J\u00e9sus<\/a>","<a href=\"https:\/\/www.creusonslabible.fr\/?cat=24\" class=\"advgb-post-tax-term\">pilate<\/a>","<a href=\"https:\/\/www.creusonslabible.fr\/?cat=24\" class=\"advgb-post-tax-term\">proc\u00e8s<\/a>"],"unlinked":["<span class=\"advgb-post-tax-term\">\u00e9crit<\/span>","<span class=\"advgb-post-tax-term\">J\u00e9sus<\/span>","<span class=\"advgb-post-tax-term\">pilate<\/span>","<span class=\"advgb-post-tax-term\">proc\u00e8s<\/span>"]}},"comment_count":"0","relative_dates":{"created":"Publi\u00e9 7 mois il y a","modified":"Mis \u00e0 jour 5 mois il y a"},"absolute_dates":{"created":"Publi\u00e9 le 5 octobre 2025","modified":"Mise \u00e0 jour le 12 d\u00e9cembre 2025"},"absolute_dates_time":{"created":"Publi\u00e9 le 5 octobre 2025 17h54","modified":"Mise \u00e0 jour le 12 d\u00e9cembre 2025 17h57"},"featured_img_caption":"Antonio Ciseri, Public domain, via Wikimedia Commons","series_order":"","meta_box":[],"_links":{"self":[{"href":"https:\/\/www.creusonslabible.fr\/index.php?rest_route=\/wp\/v2\/posts\/11891","targetHints":{"allow":["GET"]}}],"collection":[{"href":"https:\/\/www.creusonslabible.fr\/index.php?rest_route=\/wp\/v2\/posts"}],"about":[{"href":"https:\/\/www.creusonslabible.fr\/index.php?rest_route=\/wp\/v2\/types\/post"}],"author":[{"embeddable":true,"href":"https:\/\/www.creusonslabible.fr\/index.php?rest_route=\/wp\/v2\/users\/11"}],"replies":[{"embeddable":true,"href":"https:\/\/www.creusonslabible.fr\/index.php?rest_route=%2Fwp%2Fv2%2Fcomments&post=11891"}],"version-history":[{"count":1,"href":"https:\/\/www.creusonslabible.fr\/index.php?rest_route=\/wp\/v2\/posts\/11891\/revisions"}],"predecessor-version":[{"id":11892,"href":"https:\/\/www.creusonslabible.fr\/index.php?rest_route=\/wp\/v2\/posts\/11891\/revisions\/11892"}],"wp:featuredmedia":[{"embeddable":true,"href":"https:\/\/www.creusonslabible.fr\/index.php?rest_route=\/wp\/v2\/media\/8396"}],"wp:attachment":[{"href":"https:\/\/www.creusonslabible.fr\/index.php?rest_route=%2Fwp%2Fv2%2Fmedia&parent=11891"}],"wp:term":[{"taxonomy":"category","embeddable":true,"href":"https:\/\/www.creusonslabible.fr\/index.php?rest_route=%2Fwp%2Fv2%2Fcategories&post=11891"},{"taxonomy":"post_tag","embeddable":true,"href":"https:\/\/www.creusonslabible.fr\/index.php?rest_route=%2Fwp%2Fv2%2Ftags&post=11891"},{"taxonomy":"video","embeddable":true,"href":"https:\/\/www.creusonslabible.fr\/index.php?rest_route=%2Fwp%2Fv2%2Fvideo&post=11891"},{"taxonomy":"audio","embeddable":true,"href":"https:\/\/www.creusonslabible.fr\/index.php?rest_route=%2Fwp%2Fv2%2Faudio&post=11891"},{"taxonomy":"ecrit","embeddable":true,"href":"https:\/\/www.creusonslabible.fr\/index.php?rest_route=%2Fwp%2Fv2%2Fecrit&post=11891"},{"taxonomy":"mis-en-avant","embeddable":true,"href":"https:\/\/www.creusonslabible.fr\/index.php?rest_route=%2Fwp%2Fv2%2Fmis-en-avant&post=11891"},{"taxonomy":"redacteur","embeddable":true,"href":"https:\/\/www.creusonslabible.fr\/index.php?rest_route=%2Fwp%2Fv2%2Fredacteur&post=11891"},{"taxonomy":"type-darticle","embeddable":true,"href":"https:\/\/www.creusonslabible.fr\/index.php?rest_route=%2Fwp%2Fv2%2Ftype-darticle&post=11891"}],"curies":[{"name":"wp","href":"https:\/\/api.w.org\/{rel}","templated":true}]}}