{"id":12293,"date":"2026-03-11T08:00:00","date_gmt":"2026-03-11T06:00:00","guid":{"rendered":"https:\/\/www.creusonslabible.fr\/?p=12293"},"modified":"2026-03-11T20:53:04","modified_gmt":"2026-03-11T18:53:04","slug":"lart-comme-miroir-interieur-la-lecon-de-betsaleel","status":"publish","type":"post","link":"https:\/\/www.creusonslabible.fr\/?p=12293","title":{"rendered":"L\u2019art comme miroir int\u00e9rieur\u00a0: la le\u00e7on de Betsaleel"},"content":{"rendered":"\n<p>par J\u00e9r\u00e9mie Corbeau<\/p>\n\n\n\n<h3 class=\"wp-block-heading\"><strong>Pourquoi la Bible nomme-t-elle l\u2019artisan ?<\/strong><\/h3>\n\n\n\n<p>Dans le livre de l\u2019Exode, Dieu donne \u00e0 Mo\u00efse les 10 Commandements, puis les instructions pr\u00e9cises pour la construction du tabernacle, sa demeure physique au milieu de son peuple. Ici, le travail artisanal n\u2019est donc pas secondaire : il participe pleinement \u00e0 l\u2019\u0153uvre de Dieu. En fait, Dieu ne se contente pas de d\u00e9crire le projet, il nomme ceux qui le r\u00e9aliseront. Dans l\u2019Antiquit\u00e9, les artisans restaient souvent anonymes, l\u2019honneur revenant au commanditaire. L\u00e0, Dieu met en lumi\u00e8re Betsaleel, Oholiab et leurs compagnons (Exode 31.1-11).<\/p>\n\n\n\n<blockquote class=\"wp-block-quote is-layout-flow wp-block-quote-is-layout-flow\">\n<p>Le SEIGNEUR dit \u00e0 Mo\u00efse : 2 Regarde : j&rsquo;ai appel\u00e9 par son nom Betsal\u00e9el, fils d&rsquo;Ouri, fils de Hour, de la tribu de Juda. 3 Je l&rsquo;ai rempli du souffle de Dieu, de sagesse, d&rsquo;intelligence et de connaissance pour toutes sortes de travaux, 4 pour concevoir des ouvrages, pour travailler l&rsquo;or, l&rsquo;argent et le bronze, 5 pour graver les pierres \u00e0 ench\u00e2sser, pour tailler le bois et pour faire toutes sortes de travaux. 6 Je lui ai donn\u00e9 pour aide Oholiab, fils d&rsquo;Ahisamak, de la tribu de Dan. J&rsquo;ai mis de la sagesse dans le coeur de tous les gens habiles, pour qu&rsquo;ils fassent tout ce que je t&rsquo;ai ordonn\u00e9 : 7 la tente de la Rencontre, le coffre du T\u00e9moignage, l&rsquo;expiatoire qui est dessus, et tous les ustensiles de la tente ; 8 la table et ses ustensiles, le porte-lampes pur et tous ses ustensiles, l&rsquo;autel de l&rsquo;encens, 9 l&rsquo;autel des holocaustes et tous ses ustensiles, la cuve et sa base ; 10 les v\u00eatements sp\u00e9ciaux, les v\u00eatements sacr\u00e9s pour Aaron, le pr\u00eatre, les v\u00eatements sacerdotaux de ses fils ; 11 l&rsquo;huile d&rsquo;onction, et l&rsquo;encens aromatique pour le sanctuaire. Ils feront exactement ce que je t&rsquo;ai ordonn\u00e9.<\/p>\n<\/blockquote>\n\n\n\n<p>En les d\u00e9signant, Dieu honore ceux qui \u0153uvrent habituellement dans l\u2019ombre. Leur travail n\u2019est pas accessoire : ils construisent le lieu de la rencontre entre Dieu et son peuple.&nbsp;<\/p>\n\n\n\n<h3 class=\"wp-block-heading\"><strong>Derri\u00e8re l\u2019\u0153uvre, un homme fid\u00e8le<\/strong><\/h3>\n\n\n\n<p>Les diff\u00e9rents passages bibliques (Exode 31-38 ; 1 Chroniques 2.20 ; 2 Chroniques 1.5) montrent que Betsaleel est \u00e0 la fois dou\u00e9 et fid\u00e8le. Il re\u00e7oit un appel particulier, il est rempli de l\u2019Esprit de Dieu, poss\u00e8de intelligence, habilet\u00e9 et savoir-faire. Il sait concevoir, ex\u00e9cuter, enseigner et collaborer. Il assume des responsabilit\u00e9s et r\u00e9alise un travail de qualit\u00e9.<\/p>\n\n\n\n<p>Mais sa qualit\u00e9 principale demeure sa fid\u00e9lit\u00e9 : il ne participe pas au veau d\u2019or et accomplit exactement ce que Dieu demande. Sa renomm\u00e9e d\u00e9passe son \u00e9poque : cinq si\u00e8cles plus tard, son nom est encore mentionn\u00e9. Il poss\u00e8de \u00e0 la fois des comp\u00e9tences techniques et humaines, mais c\u2019est la droiture de son c\u0153ur qui marque l\u2019histoire.<\/p>\n\n\n\n<h3 class=\"wp-block-heading\"><strong>La r\u00e9v\u00e9lation d\u2019une vocation<\/strong><\/h3>\n\n\n\n<p>La vocation peut impressionner. On l\u2019associe volontiers \u00e0 une mission exceptionnelle. Pourtant, elle est d\u2019abord li\u00e9e au don et \u00e0 la capacit\u00e9. Dans le cas de Betsaleel, on observe une double dimension : un talent naturel, et un appel personnel pour une t\u00e2che pr\u00e9cise.<\/p>\n\n\n\n<p>La vocation de l\u2019artiste consiste \u00e0 reconna\u00eetre un don, \u00e0 le cultiver, \u00e0 le perfectionner et \u00e0 le mettre au service d\u2019une \u0153uvre qui d\u00e9passe la simple recherche de reconnaissance.<\/p>\n\n\n\n<p>L\u2019artiste chr\u00e9tien n\u2019est pas forc\u00e9ment appel\u00e9 \u00e0 produire un art explicitement religieux. La foi peut transpara\u00eetre en filigrane, comme une esp\u00e9rance ou une mani\u00e8re d\u2019habiter le monde. En photographie, par exemple, il s\u2019agit parfois d\u2019apprendre \u00e0 voir la beaut\u00e9 l\u00e0 o\u00f9 elle semble absente, d\u2019offrir un regard habit\u00e9 par l\u2019esp\u00e9rance.<\/p>\n\n\n\n<p>Cr\u00e9er devient alors une rencontre avec soi. Comme l\u2019a soulign\u00e9 Steve Turner<a href=\"#sdfootnote1sym\" id=\"sdfootnote1anc\"><sup>1<\/sup><\/a>, toute expression artistique comporte une dimension de d\u00e9couverte int\u00e9rieure : \u00ab&nbsp;L\u2019artiste puise au plus profond de sa conscience et ram\u00e8ne \u00e0 la surface des \u00e9l\u00e9ments qui peuvent m\u00eame l\u2019\u00e9tonner&nbsp;\u00bb.<\/p>\n\n\n\n<h3 class=\"wp-block-heading\"><strong>Quel h\u00e9ritage ?<\/strong><\/h3>\n\n\n\n<p>Il ne reste aujourd\u2019hui aucune \u0153uvre tangible de Betsaleel. Seulement un nom et un t\u00e9moignage. \u00c0 l\u2019inverse, certains artistes c\u00e9l\u00e8bres de leur vivant sont oubli\u00e9s apr\u00e8s leur mort. La gloire est fragile.<\/p>\n\n\n\n<p>La question demeure : Que restera-t-il alors ? Le t\u00e9moignage d\u2019avoir \u00e9t\u00e9 des personnes droites et fid\u00e8les&nbsp;?<\/p>\n\n\n\n<p><a href=\"#sdfootnote1anc\" id=\"sdfootnote1sym\">1<\/a>&nbsp;Steve Turner,&nbsp;<em>Imagine, le chr\u00e9tien et l\u2019art<\/em>, Farel, 2006, p 72<\/p>\n\n\n\n<p><\/p>\n","protected":false},"excerpt":{"rendered":"<p>par J\u00e9r\u00e9mie Corbeau Pourquoi la Bible nomme-t-elle l\u2019artisan ? Dans le livre de l\u2019Exode, Dieu donne \u00e0 Mo\u00efse les 10 Commandements, puis les instructions pr\u00e9cises pour la construction du tabernacle, sa demeure physique au milieu de son peuple. Ici, le travail artisanal n\u2019est donc pas secondaire : il participe pleinement \u00e0 l\u2019\u0153uvre de Dieu. En [&hellip;]<\/p>\n","protected":false},"author":3,"featured_media":12332,"comment_status":"open","ping_status":"open","sticky":false,"template":"","format":"standard","meta":{"_acf_changed":false,"_eb_attr":"","advgb_blocks_editor_width":"","advgb_blocks_columns_visual_guide":"","footnotes":""},"categories":[255,39],"tags":[184,1177,601,821,126],"video":[],"audio":[],"ecrit":[],"mis-en-avant":[],"redacteur":[],"type-darticle":[],"class_list":["post-12293","post","type-post","status-publish","format-standard","has-post-thumbnail","hentry","category-comment-dieu-se-revele","category-la-vie-chretienne","tag-art","tag-betsaleel","tag-dons-spirituels","tag-fidelite","tag-vocation"],"blocksy_meta":[],"acf":[],"featured_image_src":"https:\/\/www.creusonslabible.fr\/wp-content\/uploads\/2026\/03\/2muz23gkfko.jpg","author_info":{"display_name":"Yoh","author_link":"https:\/\/www.creusonslabible.fr\/?author=3"},"author_meta":{"display_name":"Yoh","author_link":"https:\/\/www.creusonslabible.fr\/?author=3"},"featured_img":"https:\/\/www.creusonslabible.fr\/wp-content\/uploads\/2026\/03\/2muz23gkfko-300x200.jpg","coauthors":[],"tax_additional":{"categories":{"linked":["<a href=\"https:\/\/www.creusonslabible.fr\/?cat=255\" class=\"advgb-post-tax-term\">Comment Dieu se r\u00e9v\u00e8le<\/a>","<a href=\"https:\/\/www.creusonslabible.fr\/?cat=39\" class=\"advgb-post-tax-term\">La vie chr\u00e9tienne<\/a>"],"unlinked":["<span class=\"advgb-post-tax-term\">Comment Dieu se r\u00e9v\u00e8le<\/span>","<span class=\"advgb-post-tax-term\">La vie chr\u00e9tienne<\/span>"]},"tags":{"linked":["<a href=\"https:\/\/www.creusonslabible.fr\/?cat=39\" class=\"advgb-post-tax-term\">art<\/a>","<a href=\"https:\/\/www.creusonslabible.fr\/?cat=39\" class=\"advgb-post-tax-term\">Betsaleel<\/a>","<a href=\"https:\/\/www.creusonslabible.fr\/?cat=39\" class=\"advgb-post-tax-term\">dons spirituels<\/a>","<a href=\"https:\/\/www.creusonslabible.fr\/?cat=39\" class=\"advgb-post-tax-term\">fid\u00e9lit\u00e9<\/a>","<a href=\"https:\/\/www.creusonslabible.fr\/?cat=39\" class=\"advgb-post-tax-term\">vocation<\/a>"],"unlinked":["<span class=\"advgb-post-tax-term\">art<\/span>","<span class=\"advgb-post-tax-term\">Betsaleel<\/span>","<span class=\"advgb-post-tax-term\">dons spirituels<\/span>","<span class=\"advgb-post-tax-term\">fid\u00e9lit\u00e9<\/span>","<span class=\"advgb-post-tax-term\">vocation<\/span>"]}},"comment_count":"0","relative_dates":{"created":"Publi\u00e9 2 mois il y a","modified":"Mis \u00e0 jour 2 mois il y a"},"absolute_dates":{"created":"Publi\u00e9 le 11 mars 2026","modified":"Mise \u00e0 jour le 11 mars 2026"},"absolute_dates_time":{"created":"Publi\u00e9 le 11 mars 2026 8h00","modified":"Mise \u00e0 jour le 11 mars 2026 20h53"},"featured_img_caption":"","series_order":"","meta_box":[],"_links":{"self":[{"href":"https:\/\/www.creusonslabible.fr\/index.php?rest_route=\/wp\/v2\/posts\/12293","targetHints":{"allow":["GET"]}}],"collection":[{"href":"https:\/\/www.creusonslabible.fr\/index.php?rest_route=\/wp\/v2\/posts"}],"about":[{"href":"https:\/\/www.creusonslabible.fr\/index.php?rest_route=\/wp\/v2\/types\/post"}],"author":[{"embeddable":true,"href":"https:\/\/www.creusonslabible.fr\/index.php?rest_route=\/wp\/v2\/users\/3"}],"replies":[{"embeddable":true,"href":"https:\/\/www.creusonslabible.fr\/index.php?rest_route=%2Fwp%2Fv2%2Fcomments&post=12293"}],"version-history":[{"count":5,"href":"https:\/\/www.creusonslabible.fr\/index.php?rest_route=\/wp\/v2\/posts\/12293\/revisions"}],"predecessor-version":[{"id":12334,"href":"https:\/\/www.creusonslabible.fr\/index.php?rest_route=\/wp\/v2\/posts\/12293\/revisions\/12334"}],"wp:featuredmedia":[{"embeddable":true,"href":"https:\/\/www.creusonslabible.fr\/index.php?rest_route=\/wp\/v2\/media\/12332"}],"wp:attachment":[{"href":"https:\/\/www.creusonslabible.fr\/index.php?rest_route=%2Fwp%2Fv2%2Fmedia&parent=12293"}],"wp:term":[{"taxonomy":"category","embeddable":true,"href":"https:\/\/www.creusonslabible.fr\/index.php?rest_route=%2Fwp%2Fv2%2Fcategories&post=12293"},{"taxonomy":"post_tag","embeddable":true,"href":"https:\/\/www.creusonslabible.fr\/index.php?rest_route=%2Fwp%2Fv2%2Ftags&post=12293"},{"taxonomy":"video","embeddable":true,"href":"https:\/\/www.creusonslabible.fr\/index.php?rest_route=%2Fwp%2Fv2%2Fvideo&post=12293"},{"taxonomy":"audio","embeddable":true,"href":"https:\/\/www.creusonslabible.fr\/index.php?rest_route=%2Fwp%2Fv2%2Faudio&post=12293"},{"taxonomy":"ecrit","embeddable":true,"href":"https:\/\/www.creusonslabible.fr\/index.php?rest_route=%2Fwp%2Fv2%2Fecrit&post=12293"},{"taxonomy":"mis-en-avant","embeddable":true,"href":"https:\/\/www.creusonslabible.fr\/index.php?rest_route=%2Fwp%2Fv2%2Fmis-en-avant&post=12293"},{"taxonomy":"redacteur","embeddable":true,"href":"https:\/\/www.creusonslabible.fr\/index.php?rest_route=%2Fwp%2Fv2%2Fredacteur&post=12293"},{"taxonomy":"type-darticle","embeddable":true,"href":"https:\/\/www.creusonslabible.fr\/index.php?rest_route=%2Fwp%2Fv2%2Ftype-darticle&post=12293"}],"curies":[{"name":"wp","href":"https:\/\/api.w.org\/{rel}","templated":true}]}}