{"id":1571,"date":"2013-07-31T16:57:41","date_gmt":"2013-07-31T16:57:41","guid":{"rendered":"http:\/\/www.creusonslabible.fr\/?p=1571"},"modified":"2025-01-24T11:31:25","modified_gmt":"2025-01-24T09:31:25","slug":"prier-oui-mais-pour-quoi-2-thessaloniciens-1-3-12","status":"publish","type":"post","link":"https:\/\/www.creusonslabible.fr\/?p=1571","title":{"rendered":"Prier, oui\u2026 mais pour quoi ? (2 Thessaloniciens 1\u00a0: 3-12)"},"content":{"rendered":"<p align=\"JUSTIFY\"><b>Par Marion Poujol, SIR Ile-de-France<\/b><\/p>\n<p align=\"JUSTIFY\"><i><b>En confrontant le contenu de nos pri\u00e8res \u00e0 celui des pri\u00e8res de Paul, on peut s\u2019interroger : avons-nous les bonnes priorit\u00e9s, les bonnes perspectives ? Comment nous aligner sur l&rsquo;exemple de Paul ?<\/b><\/i><\/p>\n<p align=\"JUSTIFY\">\u00ab\u00a0Pour mes r\u00e9sultats d&rsquo;examens\u00a0\u00bb, \u00ab\u00a0pour que je trouve un logement\u00a0\u00bb, \u00ab\u00a0pour que j&rsquo;aie moins peur d&rsquo;\u00e9vang\u00e9liser\u00a0\u00bb. Voici les sujets principaux qui occupaient les pri\u00e8res de quatre \u00e9tudiants fin juin. Si vos sujets ou les miens ne sont pas exactement les m\u00eames, il faut reconna\u00eetre que nous partageons cette tendance\u00a0: une vie de pri\u00e8re centr\u00e9e sur nous-m\u00eames et souvent sur des questions mat\u00e9rielles. Pourquoi ? Parce que les crises passag\u00e8res ont tendance \u00e0 \u00e9clipser nos besoins profonds et permanents ; parce que notre \u00e9go\u00efsme, plus ou moins latent, nous cache l&rsquo;importance des autres.<\/p>\n<p align=\"JUSTIFY\">Le Nouveau Testament nous ouvre une lucarne sur la vie de pri\u00e8re de Paul. L&rsquo;ap\u00f4tre d\u00e9bute ses lettres en assurant ses destinataires de son soutien dans la pri\u00e8re. Ces d\u00e9veloppements sont l&rsquo;occasion pour nous d\u2019observer que les priorit\u00e9s de pri\u00e8re de Paul sont, souvent, bien diff\u00e9rentes des n\u00f4tres.<\/p>\n<p align=\"JUSTIFY\">Nous vous proposons l&rsquo;\u00e9tude rapide d&rsquo;une pri\u00e8re de Paul pour les Thessaloniciens par D. A. Carson, qui \u00e9tudie les pri\u00e8res de l&rsquo;ap\u00f4tre pour \u00ab\u00a0y trouver des pistes qui nous permettent d&rsquo;am\u00e9liorer notre vie de pri\u00e8re, pour la gloire de Dieu et notre propre bien\u00a0\u00bb.<sup><a href=\"#sdfootnote1sym\" name=\"sdfootnote1anc\"><sup>1<\/sup><\/a><\/sup><\/p>\n<p align=\"JUSTIFY\"><span style=\"text-decoration: underline;\"><b>La structure de la pri\u00e8re (2 Thessaloniciens 1\u00a0: 3-12)<\/b><\/span><\/p>\n<p align=\"JUSTIFY\">Paul mentionne \u00e0 deux reprises le fait qu&rsquo;il parle \u00e0 Dieu dans ce passage\u00a0: la premi\u00e8re fois (v 3-10) o\u00f9 il y expose ses sujets de reconnaissance, et la seconde fois (v 11-12) o\u00f9 il formule ses requ\u00eates. Ce <b>sch\u00e9ma reconnaissance \/ requ\u00eate<\/b> est habituel chez l&rsquo;ap\u00f4tre et, s&rsquo;il n&rsquo;y a sans doute rien d&rsquo;absolu dans cette structure, nous pouvons appr\u00e9cier l&rsquo;\u00e9quilibre d&rsquo;une pri\u00e8re qui commence par remercier avant de demander. Paul dit sa reconnaissance \u00e0 Dieu des bienfaits re\u00e7us avant d&rsquo;en solliciter de nouveaux.<\/p>\n<p align=\"JUSTIFY\"><span style=\"text-decoration: underline;\"><b>Une pri\u00e8re orient\u00e9e vers la gloire de Christ<\/b><\/span><\/p>\n<p align=\"JUSTIFY\">La section de la reconnaissance, comme celle des requ\u00eates, s\u2019ach\u00e8ve sur la m\u00eame id\u00e9e de gloire finale. Les versets 5 \u00e0 10 montrent que ce qui encourage les Thessaloniciens \u00e0 progresser et fait l&rsquo;objet de la louange de Paul, c\u2019est le retour de Christ (v 7), le jugement (v 8-9) et la gloire (v 10). L\u2018objectif de la pri\u00e8re de Paul pour les Thessaloniciens, c\u2019est que <b>J\u00e9sus-Christ soit glorifi\u00e9 en eux et qu&rsquo;ils soient glorifi\u00e9s en J\u00e9sus-Christ<\/b> (v 12).<\/p>\n<p align=\"JUSTIFY\">Ce but ultime doit orienter le <b>contenu de nos pri\u00e8res<\/b>. En effet, si leur but est la gloire de Christ, nous allons le remercier pour tout ce qui fait avancer son royaume et nous allons prier pour ce qui va honorer Christ et donc chercher \u00e0 prier selon sa volont\u00e9. Puisque sa gloire est l\u2019objectif divin, alors nous devons nous soumettre \u00e0 sa volont\u00e9, gardant les mains ouvertes pour qu&rsquo;il donne ce qu&rsquo;il sait \u00eatre bon et juste.<\/p>\n<p align=\"JUSTIFY\">Cette orientation vers le retour de Christ nous rappelle que <b>l\u2019accomplissement global du plan de Dieu, sa gloire, est central, <\/b>m\u00eame si ce n\u2019est pas ce qui saute aux yeux. Puisque le but de tout est la gloire de Dieu, r\u00e9v\u00e9l\u00e9e notamment par la justification et la glorification des gens autour de nous, il convient de concentrer nos pri\u00e8res sur ces points, avec la ferme conviction que Dieu r\u00e9pondra.<\/p>\n<p align=\"JUSTIFY\"><span style=\"text-decoration: underline;\"><b>Remercier Dieu pour ce qu&rsquo;il accomplit dans la vie de ceux qui nous entourent<\/b><\/span><\/p>\n<p align=\"JUSTIFY\">Paul d\u00e9bute sa pri\u00e8re en exprimant \u00e0 Dieu sa reconnaissance\u00a0: il a montr\u00e9 sa gr\u00e2ce aux Thessaloniciens en les faisant grandir. Comment ont-ils grandi pr\u00e9cis\u00e9ment ? Leur foi a progress\u00e9, leur confiance dans le Seigneur s\u2019est approfondie, leur amour mutuel ne cesse d&rsquo;augmenter. C\u2019est la preuve que l&rsquo;amour de Christ et le pardon offert sont \u00e0 la base de leurs relations. Enfin, au verset 4, ils ont pers\u00e9v\u00e9r\u00e9 au milieu des pers\u00e9cutions, ce qui atteste de leur maturit\u00e9 spirituelle. Paul consid\u00e8re ainsi que les Thessaloniciens ont bien compris le but de la vie chr\u00e9tienne, et il partage ce sujet de joie avec d&rsquo;autres \u00e9glises (v 4).<\/p>\n<p align=\"JUSTIFY\">Ces remerciements sont souvent \u00e9loign\u00e9s de nos remerciements et requ\u00eates quotidiens : r\u00e9ussite professionnelle, sant\u00e9, travail, logement\u2026 Si ces sujets doivent provoquer chez nous la reconnaissance, cette pri\u00e8re montre que <b>l&rsquo;ap\u00f4tre \u00e9tait centr\u00e9 sur l&rsquo;\u0153uvre profonde de Dieu<\/b>. Ne pourrions-nous pas, \u00e0 son exemple, rechercher les signes de croissance spirituelle chez nos proches, dans notre \u00e9glise et en faire un sujet de louange \u00e0 notre Dieu qui cr\u00e9e le mouvement et l&rsquo;\u00eatre ?<\/p>\n<p align=\"JUSTIFY\"><span style=\"text-decoration: underline;\"><b>Prier afin que les objectifs de Dieu pour notre entourage se r\u00e9alisent<\/b><\/span><\/p>\n<p align=\"JUSTIFY\">Apr\u00e8s avoir rappel\u00e9 quelle allait \u00eatre la glorieuse destin\u00e9e des Thessaloniciens (v 10), l&rsquo;ap\u00f4tre \u00e9crit \u00ab\u00a0c&rsquo;est pourquoi nous prions Dieu constamment\u00a0\u00bb. <b>Qu&rsquo;est-ce que Paul demande pour eux qui semblent \u00eatre d\u00e9j\u00e0 des chr\u00e9tiens affermis ?<\/b> Il prie pour qu&rsquo;ils soient dignes de l&rsquo;appel de Dieu. Les Thessaloniciens ont \u00e9t\u00e9 appel\u00e9s bien qu&rsquo;ils soient indignes et Paul demande maintenant au Seigneur de les rendre digne d&rsquo;\u00eatre appel\u00e9s \u00ab\u00a0enfants de Dieu\u00a0\u00bb, de leur permettre d&rsquo;\u00eatre \u00e0 la hauteur de ce statut qui leur a \u00e9t\u00e9 offert par gr\u00e2ce. Ensuite Paul demande au Seigneur de faire aboutir toutes les bonnes volont\u00e9s, c&rsquo;est-\u00e0-dire que tous leurs projets de faire le bien, qui sont dict\u00e9s par leur foi, puissent aboutir. Voil\u00e0 donc ce que Paul demande. Aucune consid\u00e9ration mat\u00e9rielle, pas m\u00eame une requ\u00eate pour la fin de la pers\u00e9cution \u00e0 Thessalonique : Paul oriente toutes ses demandes vers les objectifs qu&rsquo;il sait \u00eatre ceux du Seigneur.<\/p>\n<p align=\"JUSTIFY\">Comment suivre ce mod\u00e8le dans notre intercession pour les autres ? M\u00e9diter la Parole pour d\u00e9couvrir toujours plus profond\u00e9ment quels sont les objectifs de Dieu pour les gens autour de nous et prier dans ce sens, habit\u00e9s par cette envie de voir le Seigneur glorifi\u00e9 dans notre entourage et notre entourage glorifi\u00e9 en lui.<\/p>\n<div id=\"sdfootnote1\">\n<p><a href=\"#sdfootnote1anc\" name=\"sdfootnote1sym\">1<\/a>D. A. CARSON, <span style=\"text-decoration: underline;\">La pri\u00e8re renouvel\u00e9e,<\/span> Excelsis, coll. Sel et Lumi\u00e8re, 2005, p.8<\/p>\n<\/div>\n","protected":false},"excerpt":{"rendered":"<p>Par Marion Poujol, SIR Ile-de-France En confrontant le contenu de nos pri\u00e8res \u00e0 celui des pri\u00e8res de Paul, on peut s\u2019interroger : avons-nous les bonnes priorit\u00e9s, les bonnes perspectives ? Comment nous aligner sur l&rsquo;exemple de Paul ? \u00ab\u00a0Pour mes r\u00e9sultats d&rsquo;examens\u00a0\u00bb, \u00ab\u00a0pour que je trouve un logement\u00a0\u00bb, \u00ab\u00a0pour que j&rsquo;aie moins peur d&rsquo;\u00e9vang\u00e9liser\u00a0\u00bb. Voici [&hellip;]<\/p>\n","protected":false},"author":4,"featured_media":1713,"comment_status":"open","ping_status":"closed","sticky":false,"template":"","format":"standard","meta":{"_acf_changed":false,"_eb_attr":"","advgb_blocks_editor_width":"","advgb_blocks_columns_visual_guide":"","footnotes":""},"categories":[345,39,24],"tags":[828,651,132,346],"video":[],"audio":[],"ecrit":[],"mis-en-avant":[],"redacteur":[],"type-darticle":[],"class_list":["post-1571","post","type-post","status-publish","format-standard","has-post-thumbnail","hentry","category-la-priere","category-la-vie-chretienne","category-textes-bibliques-commentes","tag-2-thessaloniciens","tag-ecrit","tag-paul","tag-priere"],"blocksy_meta":[],"acf":[],"featured_image_src":"https:\/\/www.creusonslabible.fr\/wp-content\/uploads\/2013\/07\/priere-1.jpg","author_info":{"display_name":"Marion","author_link":"https:\/\/www.creusonslabible.fr\/?author=4"},"author_meta":{"display_name":"Marion","author_link":"https:\/\/www.creusonslabible.fr\/?author=4"},"featured_img":"https:\/\/www.creusonslabible.fr\/wp-content\/uploads\/2013\/07\/priere-1.jpg","coauthors":[],"tax_additional":{"categories":{"linked":["<a href=\"https:\/\/www.creusonslabible.fr\/?cat=345\" class=\"advgb-post-tax-term\">La pri\u00e8re<\/a>","<a href=\"https:\/\/www.creusonslabible.fr\/?cat=39\" class=\"advgb-post-tax-term\">La vie chr\u00e9tienne<\/a>","<a href=\"https:\/\/www.creusonslabible.fr\/?cat=24\" class=\"advgb-post-tax-term\">Textes Bibliques comment\u00e9s<\/a>"],"unlinked":["<span class=\"advgb-post-tax-term\">La pri\u00e8re<\/span>","<span class=\"advgb-post-tax-term\">La vie chr\u00e9tienne<\/span>","<span class=\"advgb-post-tax-term\">Textes Bibliques comment\u00e9s<\/span>"]},"tags":{"linked":["<a href=\"https:\/\/www.creusonslabible.fr\/?cat=24\" class=\"advgb-post-tax-term\">2 Thessaloniciens<\/a>","<a href=\"https:\/\/www.creusonslabible.fr\/?cat=24\" class=\"advgb-post-tax-term\">\u00e9crit<\/a>","<a href=\"https:\/\/www.creusonslabible.fr\/?cat=24\" class=\"advgb-post-tax-term\">Paul<\/a>","<a href=\"https:\/\/www.creusonslabible.fr\/?cat=24\" class=\"advgb-post-tax-term\">Pri\u00e8re<\/a>"],"unlinked":["<span class=\"advgb-post-tax-term\">2 Thessaloniciens<\/span>","<span class=\"advgb-post-tax-term\">\u00e9crit<\/span>","<span class=\"advgb-post-tax-term\">Paul<\/span>","<span class=\"advgb-post-tax-term\">Pri\u00e8re<\/span>"]}},"comment_count":"0","relative_dates":{"created":"Publi\u00e9 13 ans il y a","modified":"Mis \u00e0 jour 1 an il y a"},"absolute_dates":{"created":"Publi\u00e9 le 31 juillet 2013","modified":"Mise \u00e0 jour le 24 janvier 2025"},"absolute_dates_time":{"created":"Publi\u00e9 le 31 juillet 2013 16h57","modified":"Mise \u00e0 jour le 24 janvier 2025 11h31"},"featured_img_caption":"","series_order":"","meta_box":[],"_links":{"self":[{"href":"https:\/\/www.creusonslabible.fr\/index.php?rest_route=\/wp\/v2\/posts\/1571","targetHints":{"allow":["GET"]}}],"collection":[{"href":"https:\/\/www.creusonslabible.fr\/index.php?rest_route=\/wp\/v2\/posts"}],"about":[{"href":"https:\/\/www.creusonslabible.fr\/index.php?rest_route=\/wp\/v2\/types\/post"}],"author":[{"embeddable":true,"href":"https:\/\/www.creusonslabible.fr\/index.php?rest_route=\/wp\/v2\/users\/4"}],"replies":[{"embeddable":true,"href":"https:\/\/www.creusonslabible.fr\/index.php?rest_route=%2Fwp%2Fv2%2Fcomments&post=1571"}],"version-history":[{"count":1,"href":"https:\/\/www.creusonslabible.fr\/index.php?rest_route=\/wp\/v2\/posts\/1571\/revisions"}],"predecessor-version":[{"id":10943,"href":"https:\/\/www.creusonslabible.fr\/index.php?rest_route=\/wp\/v2\/posts\/1571\/revisions\/10943"}],"wp:featuredmedia":[{"embeddable":true,"href":"https:\/\/www.creusonslabible.fr\/index.php?rest_route=\/wp\/v2\/media\/1713"}],"wp:attachment":[{"href":"https:\/\/www.creusonslabible.fr\/index.php?rest_route=%2Fwp%2Fv2%2Fmedia&parent=1571"}],"wp:term":[{"taxonomy":"category","embeddable":true,"href":"https:\/\/www.creusonslabible.fr\/index.php?rest_route=%2Fwp%2Fv2%2Fcategories&post=1571"},{"taxonomy":"post_tag","embeddable":true,"href":"https:\/\/www.creusonslabible.fr\/index.php?rest_route=%2Fwp%2Fv2%2Ftags&post=1571"},{"taxonomy":"video","embeddable":true,"href":"https:\/\/www.creusonslabible.fr\/index.php?rest_route=%2Fwp%2Fv2%2Fvideo&post=1571"},{"taxonomy":"audio","embeddable":true,"href":"https:\/\/www.creusonslabible.fr\/index.php?rest_route=%2Fwp%2Fv2%2Faudio&post=1571"},{"taxonomy":"ecrit","embeddable":true,"href":"https:\/\/www.creusonslabible.fr\/index.php?rest_route=%2Fwp%2Fv2%2Fecrit&post=1571"},{"taxonomy":"mis-en-avant","embeddable":true,"href":"https:\/\/www.creusonslabible.fr\/index.php?rest_route=%2Fwp%2Fv2%2Fmis-en-avant&post=1571"},{"taxonomy":"redacteur","embeddable":true,"href":"https:\/\/www.creusonslabible.fr\/index.php?rest_route=%2Fwp%2Fv2%2Fredacteur&post=1571"},{"taxonomy":"type-darticle","embeddable":true,"href":"https:\/\/www.creusonslabible.fr\/index.php?rest_route=%2Fwp%2Fv2%2Ftype-darticle&post=1571"}],"curies":[{"name":"wp","href":"https:\/\/api.w.org\/{rel}","templated":true}]}}