{"id":1577,"date":"2013-07-31T17:18:38","date_gmt":"2013-07-31T17:18:38","guid":{"rendered":"http:\/\/www.creusonslabible.fr\/?p=1577"},"modified":"2025-01-24T11:31:24","modified_gmt":"2025-01-24T09:31:24","slug":"evangeliser-moi-jamais-ou-levangelisation-pour-les-nuls-comme-moi","status":"publish","type":"post","link":"https:\/\/www.creusonslabible.fr\/?p=1577","title":{"rendered":"\u00ab\u00a0\u00c9vang\u00e9liser\u00a0? Moi, jamais\u00a0!\u00a0\u00bb ou L&rsquo;\u00e9vang\u00e9lisation pour les nuls (comme moi)"},"content":{"rendered":"<p><span style=\"font-family: Times;\"><span style=\"font-size: small;\"><span style=\"font-size: medium;\"><b>Par Jonathan Chaintrier<\/b><\/span><\/span><\/span><\/p>\n<p><span style=\"font-family: Times;\"><span style=\"font-size: small;\"><i><span style=\"font-size: medium;\">Tous les chr\u00e9tiens doivent-ils \u00ab\u00a0\u00e9vang\u00e9liser\u00a0\u00bb\u00a0? Entre la tentation de la passivit\u00e9 et le danger de l&rsquo;activisme, la Bible nous offre un tr\u00e9sor de sagesse.<\/span><\/i><\/span><\/span><\/p>\n<p><span style=\"font-family: Times;\"><span style=\"font-size: medium;\">Samuel est n\u00e9 dans une famille chr\u00e9tienne. D\u00e8s sa conversion en classe de terminale, il \u00e9prouve un ardent d\u00e9sir d&rsquo;\u00e9vang\u00e9liser. Mais au fil des mois, ce d\u00e9sir se transforme en v\u00e9ritable obsession. Samuel est convaincu que tous ceux qui ne connaissent pas J\u00e9sus-Christ sont perdus. Du coup, d\u00e8s que l&rsquo;occasion de parler de son Sauveur se pr\u00e9sente, il la saisit. Et quand l&rsquo;occasion ne se pr\u00e9sente pas, il la cr\u00e9e\u00a0! Jusqu&rsquo;au jour o\u00f9 ce fardeau commence \u00e0 devenir de plus en plus lourd \u00e0 porter. Chaque occasion manqu\u00e9e laisse Samuel dans un \u00e9tat de culpabilit\u00e9 affligeante. Il n&rsquo;ose m\u00eame plus emprunter les transports en commun de peur d&rsquo;entendre la voix de l&rsquo;accusation retentir dans son c\u0153ur&#8230;<\/span><\/span><\/p>\n<p><span style=\"font-family: Times;\"><span style=\"font-size: medium;\"><b>Pression ou impression\u00a0?<\/b><\/span><\/span><\/p>\n<p><span style=\"font-family: Times;\"><span style=\"font-size: small;\"><span style=\"font-size: medium;\">Certains chr\u00e9tiens, conscients de l&rsquo;importance de transmettre la bonne nouvelle qu&rsquo;ils ont entendue, se privent parfois de cette joie, estimant qu&rsquo;ils ne sont pas dou\u00e9s pour l&rsquo;\u00e9vang\u00e9lisation. D&rsquo;autres, \u00e0 l&rsquo;instar de Samuel, consid\u00e8rent que l&rsquo;\u00e9vang\u00e9lisation est une obligation et le vivent parfois comme un tourment, une pression. Et si cette pression n&rsquo;\u00e9tait finalement&#8230; qu&rsquo;une impression\u00a0? D&rsquo;autant que, dans les \u00e9p\u00eetres du Nouveau Testament qui ont notamment \u00e9t\u00e9 r\u00e9dig\u00e9es pour r\u00e9guler la vie des \u00e9glises locales, les chr\u00e9tiens ne sont pas exhort\u00e9s \u00e0 \u00ab\u00a0\u00e9vang\u00e9liser\u00a0\u00bb. En fait, les auteurs bibliques emploient principalement deux verbes pour d\u00e9signer cette activit\u00e9\u00a0: <\/span><span style=\"font-size: medium;\"><i>euangelizomai <\/i><\/span><span style=\"font-size: medium;\">(annoncer une bonne nouvelle) et <\/span><span style=\"font-size: medium;\"><i>kerusso <\/i><\/span><span style=\"font-size: medium;\">(proclamer ou pr\u00eacher). Deux verbes qui reviennent respectivement plus de 50 fois dans le Nouveau Testament et qui, \u00e0 deux exceptions pr\u00e8s<\/span><span style=\"color: #0000ff;\"><span style=\"text-decoration: underline;\"><a href=\"#sdfootnote1sym\"><sup><span style=\"font-size: xx-small;\">1<\/span><\/sup><\/a><\/span><\/span><span style=\"font-size: medium;\">, sont r\u00e9serv\u00e9s \u00e0 des minist\u00e8res sp\u00e9cifiques d&rsquo;enseignement tels que ceux de Jean-Baptiste (Lc 3.18), de J\u00e9sus (Lc 4.43) et ses disciples (Lc 9.6), des ap\u00f4tres (Ac 5.42), de Philippe (diacre en Ac 8.12), de Barnabas (enseignant en Ac 14.7), de Paul (Rm 1.15) et des \u00e9vang\u00e9listes. La question qui se pose est donc la suivante : si les chr\u00e9tiens des \u00e9glises ne sont pas invit\u00e9s \u00e0 \u00ab\u00a0annoncer\u00a0\u00bb ou \u00e0 \u00ab\u00a0pr\u00eacher\u00a0\u00bb l&rsquo;\u00e9vangile dans les \u00e9p\u00eetres, que sont-ils appel\u00e9s \u00e0 faire<\/span><span style=\"color: #0000ff;\"><span style=\"text-decoration: underline;\"><a href=\"#sdfootnote2sym\"><sup><span style=\"font-size: xx-small;\">2<\/span><\/sup><\/a><\/span><\/span><span style=\"font-size: medium;\"> ? <\/span><span style=\"font-family: Times New Roman,serif;\"><span style=\"font-size: medium;\">\u00c0<\/span><\/span><span style=\"font-size: medium;\"> se <\/span><span style=\"font-size: medium;\"><i>d\u00e9fendre<\/i><\/span><span style=\"font-size: medium;\"> quand on leur demande raison de l&rsquo;esp\u00e9rance qui est en eux (1 Pierre 3.15) ou \u00e0 <\/span><span style=\"font-size: medium;\"><i>r\u00e9pondre <\/i><\/span><span style=\"font-size: medium;\">comme en Colossiens 4.5-6\u00a0: \u00ab\u00a0Conduisez-vous avec sagesse envers ceux du dehors. Racheter le temps. Que votre parole soit toujours accompagn\u00e9e de gr\u00e2ce, assaisonn\u00e9e de sel, afin que vous sachiez comment vous devez r\u00e9pondre \u00e0 chacun.\u00a0\u00bb Un passage regorgeant de sagesse et dans lequel Dieu nous permet d&rsquo;envisager l&rsquo;\u00e9vang\u00e9lisation dans une perspective encourageante, d\u00e9pourvue de toute pression et de tout sentiment de culpabilit\u00e9.<\/span><\/span><\/span><\/p>\n<p><span style=\"font-family: Times;\"><span style=\"font-size: medium;\"><b>Tel un renard des surfaces<\/b><\/span><\/span><\/p>\n<p><span style=\"font-family: Times;\"><span style=\"font-size: small;\"><span style=\"font-size: medium;\">De la m\u00eame mani\u00e8re que Paul se doit <\/span><span style=\"font-size: medium;\">d&rsquo;annoncer le myst\u00e8re du Christ (\u00ab\u00a0comme je le dois\u00a0\u00bb selon le verset 4), que doivent faire les Colossiens ? Quel est leur devoir correspondant ? R\u00e9ponse au verset 6\u00a0: ils doivent <\/span><span style=\"font-size: medium;\"><i>r\u00e9pondre <\/i><\/span><span style=\"font-size: medium;\">(\u00ab\u00a0comme vous devez r\u00e9pondre \u00e0 chacun\u00a0\u00bb) en \u00e9tant sur le qui-vive, \u00e0 l&rsquo;aff\u00fbt de la moindre occasion de parler de Dieu tel un \u00ab\u00a0renard des surfaces\u00a0\u00bb<\/span><span style=\"color: #0000ff;\"><span style=\"text-decoration: underline;\"><a href=\"#sdfootnote3sym\"><sup><span style=\"font-size: xx-small;\">3<\/span><\/sup><\/a><\/span><\/span><span style=\"font-size: medium;\">. Cette compr\u00e9hension des choses semble \u00eatre confirm\u00e9e par la logique des versets 5 et 6. Quel est le premier devoir des Colossiens ? \u00ab\u00a0Se conduire avec sagesse envers ceux du dehors et racheter le temps<\/span><span style=\"color: #0000ff;\"><span style=\"text-decoration: underline;\"><a href=\"#sdfootnote4sym\"><sup><span style=\"font-size: xx-small;\">4<\/span><\/sup><\/a><\/span><\/span><span style=\"font-size: medium;\">\u00a0\u00bb (v. 5). Et quel est le second ? \u00ab\u00a0Que votre parole soit toujours accompagn\u00e9e de gr\u00e2ce<\/span><span style=\"color: #0000ff;\"><span style=\"text-decoration: underline;\"><a href=\"#sdfootnote5sym\"><sup><span style=\"font-size: xx-small;\">5<\/span><\/sup><\/a><\/span><\/span><span style=\"font-size: medium;\">, assaisonn\u00e9e de sel<\/span><span style=\"color: #0000ff;\"><span style=\"text-decoration: underline;\"><a href=\"#sdfootnote6sym\"><sup><span style=\"font-size: xx-small;\">6<\/span><\/sup><\/a><\/span><\/span><span style=\"font-size: medium;\"> afin que vous sachiez comment vous devez r\u00e9pondre \u00e0 chacun\u00a0\u00bb (v. 6). Voyez-vous l&rsquo;encha\u00eenement logique de ces versets ? Qu&rsquo;est-ce que pr\u00e9suppose le verbe \u00ab\u00a0r\u00e9pondre\u00a0\u00bb au verset 6 ? Des questions. Qu&rsquo;est-ce qui a provoqu\u00e9 ces questions ? Une conduite empreinte de sagesse.<\/span><\/span><\/span><\/p>\n<p><span style=\"font-family: Times;\"><span style=\"font-size: medium;\"><b>Une sagesse lib\u00e9ratrice<\/b><\/span><\/span><\/p>\n<p><span style=\"font-family: Times;\"><span style=\"font-size: medium;\">Bien entendu, cette invitation \u00e0 la sagesse n&rsquo;est pas un appel \u00e0 la passivit\u00e9 mais plut\u00f4t \u00e0 la r\u00e9activit\u00e9 qui peut se manifester sous plusieurs formes, comme l&rsquo;illustre l&rsquo;histoire de Constantin. <\/span><\/span><\/p>\n<p><span style=\"font-family: Times;\"><span style=\"font-size: small;\"><span style=\"font-size: medium;\">Issu d&rsquo;une famille ath\u00e9e, Constantin devient chr\u00e9tien \u00e0 l&rsquo;\u00e9tranger. De retour en France, il retrouve ses amis, sa famille et son club de rugby. <\/span><span style=\"font-family: Times New Roman,serif;\"><span style=\"font-size: medium;\">\u00c0<\/span><\/span><span style=\"font-size: medium;\"> la fin d&rsquo;un match, un co\u00e9quipier devenu proche ne peut s&#8217;emp\u00eacher de lui demander :\u00a0\u00ab\u00a0Mais qu&rsquo;est-ce qui t&rsquo;arrive\u00a0? Tu n&rsquo;es plus le m\u00eame homme. Tu ne donnes plus de mauvais coups. Tu ne traites plus tes adversaires de tous les noms d&rsquo;oiseaux. Tu ne bois plus comme un trou apr\u00e8s les matchs. Tu vas bien\u00a0?\u00a0\u00bb. <\/span><\/span><\/span><\/p>\n<p><span style=\"font-family: Times;\"><span style=\"font-size: medium;\">Comme vous pouvez l&rsquo;imaginer, Constantin a eu une occasion en or d&rsquo;ouvrir sa bouche pour rendre compte de sa foi et expliquer pourquoi il vit comme il vit. Une attitude de renard des surfaces lui a permis de r\u00e9pondre \u00e0 une question ou de r\u00e9agir \u00e0 une situation pour susciter des questions. Cette attitude est-elle la n\u00f4tre\u00a0? Avons-nous \u00e0 c\u0153ur de parler de Dieu \u00e0 nos amis\u00a0? Profitons-nous de toutes les occasions qui s&rsquo;offrent \u00e0 nous dans ce but ? <\/span><\/span><\/p>\n<p><span style=\"font-family: Times;\"><span style=\"font-size: medium;\">Il va de soi que cette invitation au t\u00e9moignage r\u00e9actif ne disqualifie pas les croyants pour le t\u00e9moignage actif et l&rsquo;annonce directe de l&rsquo;\u00e9vangile. D&rsquo;autant que les premiers chr\u00e9tiens ont litt\u00e9ralement \u00ab\u00a0annonc\u00e9 l&rsquo;\u00e9vangile\u00a0\u00bb (Ac 8.4 et 11.20) et que J\u00e9sus associe la pr\u00e9dication au t\u00e9moignage (Mt 24.14). Mais, entre la tentation de la passivit\u00e9 et le danger de l&rsquo;activisme, saisissons-nous la sagesse lib\u00e9ratrice de Dieu en Colossiens 4.5-6\u00a0?<\/span><\/span><\/p>\n<p><span style=\"font-family: Times;\"><span style=\"font-size: medium;\">Samuel, cit\u00e9 en introduction de cet article, t\u00e9moigne de cette lib\u00e9ration dans sa vie : \u00ab\u00a0Un jour, Dieu m&rsquo;a lib\u00e9r\u00e9 gr\u00e2ce \u00e0 la v\u00e9rit\u00e9 de sa Parole. J&rsquo;ai commenc\u00e9 \u00e0 comprendre la\u00a0souverainet\u00e9 de Dieu dans l&rsquo;\u00e9vang\u00e9lisation, et mon r\u00f4le en tant que chr\u00e9tien. Gr\u00e2ce \u00e0 des passages comme Colossiens 4.5-6, j&rsquo;ai compris que ma mission \u00e9tait avant tout de vivre l&rsquo;\u00e9vangile dans toutes mes relations et de laisser le ma\u00eetre de la moisson ouvrir des portes. Mes amis non-chr\u00e9tiens ont commenc\u00e9 \u00e0 ressentir ce changement dans mon c\u0153ur. Une cons\u00e9quence directe de cette transformation a \u00e9t\u00e9 l&rsquo;\u00e9tablissement d&rsquo;amiti\u00e9s bien plus fortes avec eux. Au lieu de leur rab\u00e2cher l&rsquo;\u00e9vangile dans chaque conversation, j&rsquo;ai simplement essay\u00e9 de vivre mon identit\u00e9 en Christ devant eux. Et le plus frappant, c&rsquo;est que ce sont eux qui ont commenc\u00e9 \u00e0 me poser des questions ! Aujourd&rsquo;hui, je n&rsquo;\u00e9prouve plus aucun sentiment de crainte et de culpabilit\u00e9 quand je pense \u00e0 l&rsquo;\u00e9vang\u00e9lisation. Je vis sous la gr\u00e2ce et je laisse simplement Dieu ouvrir des portes pour sa Parole. Je vois des fruits que je n&rsquo;aurais jamais si je n&rsquo;avais pas d\u00e9couvert ce message lib\u00e9rateur\u00a0\u00bb.<\/span><\/span><\/p>\n<p><a name=\"sdfootnote1sym\"><\/a> <span style=\"font-family: Times;\"><span style=\"font-size: small;\"><span style=\"color: #0000ff;\"><span style=\"text-decoration: underline;\"><a href=\"#sdfootnote1anc\">1<\/a><\/span><\/span>Actes 8.4 et 11.20\u00a0: les deux seuls cas (sur 53 occurrences) o\u00f9 le verbe <i>euangelizomai <\/i>concerne \u00e9galement les chr\u00e9tiens en g\u00e9n\u00e9ral.<\/span><\/span><\/p>\n<p><a name=\"sdfootnote2sym\"><\/a> <span style=\"font-family: Times;\"><span style=\"font-size: small;\"><span style=\"color: #0000ff;\"><span style=\"text-decoration: underline;\"><a href=\"#sdfootnote2anc\">2<\/a><\/span><\/span>Le but de ce paragraphe n&rsquo;est pas de dire que les chr\u00e9tiens ne doivent pas \u00e9vang\u00e9liser mais de souligner que les \u00e9p\u00eetres du Nouveau Testament utilisent d&rsquo;autres verbes, relevant plus du t\u00e9moignage, pour encourager les croyants \u00e0 parler de Dieu. Cette r\u00e9flexion est d\u00e9velopp\u00e9e dans le dernier num\u00e9ro de la s\u00e9rie Question Suivante\u00a0: <i>Dis-moi qui tu suis <\/i>(\u00e9ditions Farel).<\/span><\/span><\/p>\n<p><a name=\"sdfootnote3sym\"><\/a> <span style=\"font-family: Times;\"><span style=\"font-size: small;\"><span style=\"color: #0000ff;\"><span style=\"text-decoration: underline;\"><a href=\"#sdfootnote3anc\">3<\/a><\/span><\/span>Expression d\u00e9signant un avant-centre de football capable de saisir une occasion pour marquer un but dans la surface de r\u00e9paration.<\/span><\/span><\/p>\n<p><a name=\"sdfootnote4sym\"><\/a> <span style=\"font-family: Times;\"><span style=\"font-size: small;\"><span style=\"color: #0000ff;\"><span style=\"text-decoration: underline;\"><a href=\"#sdfootnote4anc\">4<\/a><\/span><\/span>Racheter le temps ou ne pas perdre de temps mais profiter de la moindre occasion pour r\u00e9pondre et t\u00e9moigner.<\/span><\/span><\/p>\n<p><a name=\"sdfootnote5sym\"><\/a> <span style=\"font-family: Times;\"><span style=\"font-size: small;\"><span style=\"color: #0000ff;\"><span style=\"text-decoration: underline;\"><a href=\"#sdfootnote5anc\">5<\/a><\/span><\/span>De gr\u00e2ce ou de douceur surtout quand il s&rsquo;agit de r\u00e9pondre \u00e0 des objections provocatrices.<\/span><\/span><\/p>\n<p><a name=\"sdfootnote6sym\"><\/a> <span style=\"font-family: Times;\"><span style=\"font-size: small;\"><span style=\"color: #0000ff;\"><span style=\"text-decoration: underline;\"><a href=\"#sdfootnote6anc\">6<\/a><\/span><\/span>Rendre la conversation int\u00e9ressante, donner envie aux autres d&rsquo;en savoir plus.<\/span><\/span><\/p>\n<p>&nbsp;<\/p>\n","protected":false},"excerpt":{"rendered":"<p>Par Jonathan Chaintrier Tous les chr\u00e9tiens doivent-ils \u00ab\u00a0\u00e9vang\u00e9liser\u00a0\u00bb\u00a0? Entre la tentation de la passivit\u00e9 et le danger de l&rsquo;activisme, la Bible nous offre un tr\u00e9sor de sagesse. Samuel est n\u00e9 dans une famille chr\u00e9tienne. D\u00e8s sa conversion en classe de terminale, il \u00e9prouve un ardent d\u00e9sir d&rsquo;\u00e9vang\u00e9liser. Mais au fil des mois, ce d\u00e9sir se [&hellip;]<\/p>\n","protected":false},"author":4,"featured_media":2033,"comment_status":"closed","ping_status":"closed","sticky":false,"template":"","format":"standard","meta":{"_acf_changed":false,"_eb_attr":"","advgb_blocks_editor_width":"","advgb_blocks_columns_visual_guide":"","footnotes":""},"categories":[180],"tags":[651,102],"video":[],"audio":[],"ecrit":[],"mis-en-avant":[],"redacteur":[],"type-darticle":[],"class_list":["post-1577","post","type-post","status-publish","format-standard","has-post-thumbnail","hentry","category-levangelisation","tag-ecrit","tag-evangelisation-2"],"blocksy_meta":[],"acf":[],"featured_image_src":"https:\/\/www.creusonslabible.fr\/wp-content\/uploads\/2013\/07\/vangelisation-1.jpg","author_info":{"display_name":"Marion","author_link":"https:\/\/www.creusonslabible.fr\/?author=4"},"author_meta":{"display_name":"Marion","author_link":"https:\/\/www.creusonslabible.fr\/?author=4"},"featured_img":"https:\/\/www.creusonslabible.fr\/wp-content\/uploads\/2013\/07\/vangelisation-1.jpg","coauthors":[],"tax_additional":{"categories":{"linked":["<a href=\"https:\/\/www.creusonslabible.fr\/?cat=180\" class=\"advgb-post-tax-term\">L&#039;\u00c9vang\u00e9lisation<\/a>"],"unlinked":["<span class=\"advgb-post-tax-term\">L&#039;\u00c9vang\u00e9lisation<\/span>"]},"tags":{"linked":["<a href=\"https:\/\/www.creusonslabible.fr\/?cat=180\" class=\"advgb-post-tax-term\">\u00e9crit<\/a>","<a href=\"https:\/\/www.creusonslabible.fr\/?cat=180\" class=\"advgb-post-tax-term\">Evang\u00e9lisation<\/a>"],"unlinked":["<span class=\"advgb-post-tax-term\">\u00e9crit<\/span>","<span class=\"advgb-post-tax-term\">Evang\u00e9lisation<\/span>"]}},"comment_count":"0","relative_dates":{"created":"Publi\u00e9 13 ans il y a","modified":"Mis \u00e0 jour 1 an il y a"},"absolute_dates":{"created":"Publi\u00e9 le 31 juillet 2013","modified":"Mise \u00e0 jour le 24 janvier 2025"},"absolute_dates_time":{"created":"Publi\u00e9 le 31 juillet 2013 17h18","modified":"Mise \u00e0 jour le 24 janvier 2025 11h31"},"featured_img_caption":"","series_order":"","meta_box":[],"_links":{"self":[{"href":"https:\/\/www.creusonslabible.fr\/index.php?rest_route=\/wp\/v2\/posts\/1577","targetHints":{"allow":["GET"]}}],"collection":[{"href":"https:\/\/www.creusonslabible.fr\/index.php?rest_route=\/wp\/v2\/posts"}],"about":[{"href":"https:\/\/www.creusonslabible.fr\/index.php?rest_route=\/wp\/v2\/types\/post"}],"author":[{"embeddable":true,"href":"https:\/\/www.creusonslabible.fr\/index.php?rest_route=\/wp\/v2\/users\/4"}],"replies":[{"embeddable":true,"href":"https:\/\/www.creusonslabible.fr\/index.php?rest_route=%2Fwp%2Fv2%2Fcomments&post=1577"}],"version-history":[{"count":1,"href":"https:\/\/www.creusonslabible.fr\/index.php?rest_route=\/wp\/v2\/posts\/1577\/revisions"}],"predecessor-version":[{"id":10941,"href":"https:\/\/www.creusonslabible.fr\/index.php?rest_route=\/wp\/v2\/posts\/1577\/revisions\/10941"}],"wp:featuredmedia":[{"embeddable":true,"href":"https:\/\/www.creusonslabible.fr\/index.php?rest_route=\/wp\/v2\/media\/2033"}],"wp:attachment":[{"href":"https:\/\/www.creusonslabible.fr\/index.php?rest_route=%2Fwp%2Fv2%2Fmedia&parent=1577"}],"wp:term":[{"taxonomy":"category","embeddable":true,"href":"https:\/\/www.creusonslabible.fr\/index.php?rest_route=%2Fwp%2Fv2%2Fcategories&post=1577"},{"taxonomy":"post_tag","embeddable":true,"href":"https:\/\/www.creusonslabible.fr\/index.php?rest_route=%2Fwp%2Fv2%2Ftags&post=1577"},{"taxonomy":"video","embeddable":true,"href":"https:\/\/www.creusonslabible.fr\/index.php?rest_route=%2Fwp%2Fv2%2Fvideo&post=1577"},{"taxonomy":"audio","embeddable":true,"href":"https:\/\/www.creusonslabible.fr\/index.php?rest_route=%2Fwp%2Fv2%2Faudio&post=1577"},{"taxonomy":"ecrit","embeddable":true,"href":"https:\/\/www.creusonslabible.fr\/index.php?rest_route=%2Fwp%2Fv2%2Fecrit&post=1577"},{"taxonomy":"mis-en-avant","embeddable":true,"href":"https:\/\/www.creusonslabible.fr\/index.php?rest_route=%2Fwp%2Fv2%2Fmis-en-avant&post=1577"},{"taxonomy":"redacteur","embeddable":true,"href":"https:\/\/www.creusonslabible.fr\/index.php?rest_route=%2Fwp%2Fv2%2Fredacteur&post=1577"},{"taxonomy":"type-darticle","embeddable":true,"href":"https:\/\/www.creusonslabible.fr\/index.php?rest_route=%2Fwp%2Fv2%2Ftype-darticle&post=1577"}],"curies":[{"name":"wp","href":"https:\/\/api.w.org\/{rel}","templated":true}]}}