{"id":1589,"date":"2013-07-31T17:43:56","date_gmt":"2013-07-31T17:43:56","guid":{"rendered":"http:\/\/www.creusonslabible.fr\/?p=1589"},"modified":"2025-01-24T11:31:24","modified_gmt":"2025-01-24T09:31:24","slug":"perseverer-dans-la-priere","status":"publish","type":"post","link":"https:\/\/www.creusonslabible.fr\/?p=1589","title":{"rendered":"Pers\u00e9v\u00e9rer dans la pri\u00e8re"},"content":{"rendered":"<h3><b>Par Edouard Nelson, pasteur \u00e0 Paris<\/b><\/h3>\n<p><i>Livr\u00e9s \u00e0 nous-m\u00eames, nous tendons \u00e0 l&rsquo;autosuffisance. \u00ab\u00a0Je peux y arriver. Je n&rsquo;ai qu&rsquo;\u00e0 travailler.\u00a0\u00bb Prier, ce serait une perte de temps\u00a0: \u00ab\u00a0Il faut agir\u00a0! Si tu as confiance en toi-m\u00eame, tu peux tout faire.\u00a0\u00bb <\/i><\/p>\n<p>La pri\u00e8re biblique ne nous vient pas naturellement. Or nous avons besoin de lire la Bible afin d&rsquo;apprendre \u00e0 prier car la pri\u00e8re est incontournable pour vivre heureux en tant qu&rsquo;enfants de notre P\u00e8re c\u00e9leste bienveillant. Je vous propose Marc 10\u00a0: 46-52 pour nous aider \u00e0 r\u00e9fl\u00e9chir \u00e0 la pri\u00e8re.<\/p>\n<p>Ils arriv\u00e8rent \u00e0 J\u00e9richo. Lorsque J\u00e9sus sortit de la ville avec ses disciples et une assez grande foule, Bartim\u00e9e, le fils aveugle de Tim\u00e9e, \u00e9tait assis en train de mendier au bord du chemin. Il entendit que c&rsquo;\u00e9tait J\u00e9sus de Nazareth et se mit \u00e0 crier : \u00ab\u00a0Fils de David, J\u00e9sus, aie piti\u00e9 de moi !\u00a0\u00bb Beaucoup le reprenaient pour le faire taire, mais il criait beaucoup plus fort : \u00ab Fils de David, aie piti\u00e9 de moi ! \u00bb J\u00e9sus s&rsquo;arr\u00eata et dit : \u00ab\u00a0Appelez-le. \u00bb Ils appel\u00e8rent l&rsquo;aveugle en lui disant : \u00ab Prends courage, l\u00e8ve-toi, il t&rsquo;appelle. \u00bb L&rsquo;aveugle jeta son manteau et, se levant d&rsquo;un bond, vint vers J\u00e9sus. J\u00e9sus prit la parole et lui dit : \u00ab Que veux-tu que je fasse pour toi ?\u00bb \u00ab Mon ma\u00eetre, lui r\u00e9pondit l&rsquo;aveugle, que je retrouve la vue. \u00bb J\u00e9sus lui dit : \u00ab Vas-y, ta foi t&rsquo;a sauv\u00e9. \u00bb Aussit\u00f4t il retrouva la vue et il suivit J\u00e9sus sur le chemin.<\/p>\n<p>Bartim\u00e9e a des choses \u00e0 nous apprendre, et j\u2019aimerais en souligner deux.<\/p>\n<h4>Reconna\u00eetre son besoin<\/h4>\n<p>Premi\u00e8rement, il reconna\u00eet son besoin. \u00ab\u00a0Fils de David, J\u00e9sus, aie piti\u00e9 de moi ! Aie compassion de moi ! Rabbouni, ma\u00eetre, que je retrouve la vue.\u00a0\u00bb Les gens veulent le faire taire, mais il est trop conscient de son besoin\u00a0: il a besoin de compassion, il a besoin de gu\u00e9rison. On ne va jamais prier, du moins au sens biblique du terme, si l\u2019on ne reconna\u00eet pas son besoin. Le GBU (ou une \u00e9glise) n&rsquo;ira nulle part sans la pri\u00e8re. On pourra avoir un GBU (ou une \u00e9glise) qui r\u00e9ussit aux yeux du monde, attire bon nombre de personnes et propose quantit\u00e9s d&rsquo;activit\u00e9s, mais sans l&rsquo;intervention de Dieu, cela sera comme de la paille, de la poussi\u00e8re qui ne durera pas. Nous avons profond\u00e9ment besoin de Dieu si nous voulons voir de nouvelles personnes venir \u00e0 lui. Nous avons besoin de Dieu si nous voulons voir sa Parole nous transformer et nous aider \u00e0 voir. Bartim\u00e9e a reconnu son besoin et nous avons besoin de faire de m\u00eame pour prier v\u00e9ritablement.<\/p>\n<h4>Reconna\u00eetre son roi<\/h4>\n<p>Deuxi\u00e8mement, il reconna\u00eet son roi. \u00ab\u00a0Fils de David, fils de David, aie piti\u00e9 de moi.\u00a0\u00bb A part les mauvais esprits, et Pierre au chapitre 8, il est rare de trouver dans l&rsquo;\u00e9vangile de Marc des gens qui savent qui est J\u00e9sus. Bartim\u00e9e le sait, m\u00eame s&rsquo;il ne comprend pas tout. Il voit en J\u00e9sus le Fils de David, l&rsquo;h\u00e9ritier du grand roi, le Messie, le sauveur du peuple. Il ne se laisse pas r\u00e9duire au silence par les autres mais persiste dans ses cris. On lui dit : \u00ab\u00a0Tais-toi !\u00a0\u00bb Il r\u00e9pond : \u00ab\u00a0Fils de David ! Aie compassion de moi !\u00a0\u00bb Il croit que ce Fils de David peut lui rendre la vue. Il est pr\u00eat \u00e0 jeter son manteau, et \u00e0 bondir vers J\u00e9sus. C&rsquo;est remarquable car, s&rsquo;il n&rsquo;avait pas \u00e9t\u00e9 gu\u00e9ri, il aurait peut-\u00eatre perdu la seule chose qui le prot\u00e9geait du froid. C&rsquo;est la preuve d&rsquo;une vraie confiance en J\u00e9sus car il voit en lui un homme puissant, le Fils de David, capable de le gu\u00e9rir, capable de tout changer.<\/p>\n<p>Comme Bartim\u00e9e, nous avons de grands besoins. Malgr\u00e9 notre faible nombre, nous voulons, au GBU, avoir un impact \u00e9ternel. Nous voulons voir des personnes sauv\u00e9es pour l&rsquo;\u00e9ternit\u00e9, nous voulons voir des chr\u00e9tiens qui portent le fruit de l&rsquo;Esprit dans tous les domaines de leur vie, nous voulons voir na\u00eetre de nouveaux GBU, et tout cela, en \u00e9tant bien peu de choses (peut-\u00eatre seulement quelques \u00e9tudiants dans une grande fac). Mais nous avons un grand Roi et nous connaissons le Fils de David.<\/p>\n<p>La pri\u00e8re, c&rsquo;est aussi reconna\u00eetre notre Roi et sa puissance. Aussi nous prions afin que Dieu soit glorifi\u00e9 dans notre GBU et dans notre ville. Si nous ne priions pas, et que Dieu utilisait nos efforts pour \u00e9tendre son royaume, attirer des \u00e9tudiants \u00e0 lui et transformer des vies, alors nous pourrions croire que notre force, nos capacit\u00e9s, nos accomplissements sont seuls responsables de telles cons\u00e9quences. Nous devons donc prier car cela nous apprend que tout ce qui se passe d&rsquo;une utilit\u00e9 \u00e9ternelle doit \u00eatre attribu\u00e9 \u00e0 Dieu seul. Prier, c&rsquo;est mettre Dieu \u00e0 sa place, au centre, et le reconna\u00eetre comme seul vrai ma\u00eetre. Prier, c&rsquo;est nous mettre \u00e0 notre place, celle de tout-petits qui n&rsquo;ont aucune vraie force en eux, et qui, avec confiance, et dans l&rsquo;abandon de leur autosuffisance, veulent tout lui remettre. A nous d&rsquo;avoir cette confiance, cette vraie reconnaissance de notre Roi, celui qui est capable d&rsquo;utiliser un petit GBU bien au-del\u00e0 de nos r\u00eaves.<\/p>\n","protected":false},"excerpt":{"rendered":"<p>Par Edouard Nelson, pasteur \u00e0 Paris Livr\u00e9s \u00e0 nous-m\u00eames, nous tendons \u00e0 l&rsquo;autosuffisance. \u00ab\u00a0Je peux y arriver. Je n&rsquo;ai qu&rsquo;\u00e0 travailler.\u00a0\u00bb Prier, ce serait une perte de temps\u00a0: \u00ab\u00a0Il faut agir\u00a0! Si tu as confiance en toi-m\u00eame, tu peux tout faire.\u00a0\u00bb La pri\u00e8re biblique ne nous vient pas naturellement. Or nous avons besoin de lire [&hellip;]<\/p>\n","protected":false},"author":4,"featured_media":1713,"comment_status":"open","ping_status":"closed","sticky":false,"template":"","format":"standard","meta":{"_acf_changed":false,"_eb_attr":"","advgb_blocks_editor_width":"","advgb_blocks_columns_visual_guide":"","footnotes":""},"categories":[345,24],"tags":[651,695,346],"video":[],"audio":[],"ecrit":[],"mis-en-avant":[],"redacteur":[],"type-darticle":[],"class_list":["post-1589","post","type-post","status-publish","format-standard","has-post-thumbnail","hentry","category-la-priere","category-textes-bibliques-commentes","tag-ecrit","tag-marc","tag-priere"],"blocksy_meta":[],"acf":[],"featured_image_src":"https:\/\/www.creusonslabible.fr\/wp-content\/uploads\/2013\/07\/priere-1.jpg","author_info":{"display_name":"Marion","author_link":"https:\/\/www.creusonslabible.fr\/?author=4"},"author_meta":{"display_name":"Marion","author_link":"https:\/\/www.creusonslabible.fr\/?author=4"},"featured_img":"https:\/\/www.creusonslabible.fr\/wp-content\/uploads\/2013\/07\/priere-1.jpg","coauthors":[],"tax_additional":{"categories":{"linked":["<a href=\"https:\/\/www.creusonslabible.fr\/?cat=345\" class=\"advgb-post-tax-term\">La pri\u00e8re<\/a>","<a href=\"https:\/\/www.creusonslabible.fr\/?cat=24\" class=\"advgb-post-tax-term\">Textes Bibliques comment\u00e9s<\/a>"],"unlinked":["<span class=\"advgb-post-tax-term\">La pri\u00e8re<\/span>","<span class=\"advgb-post-tax-term\">Textes Bibliques comment\u00e9s<\/span>"]},"tags":{"linked":["<a href=\"https:\/\/www.creusonslabible.fr\/?cat=24\" class=\"advgb-post-tax-term\">\u00e9crit<\/a>","<a href=\"https:\/\/www.creusonslabible.fr\/?cat=24\" class=\"advgb-post-tax-term\">Marc<\/a>","<a href=\"https:\/\/www.creusonslabible.fr\/?cat=24\" class=\"advgb-post-tax-term\">Pri\u00e8re<\/a>"],"unlinked":["<span class=\"advgb-post-tax-term\">\u00e9crit<\/span>","<span class=\"advgb-post-tax-term\">Marc<\/span>","<span class=\"advgb-post-tax-term\">Pri\u00e8re<\/span>"]}},"comment_count":"0","relative_dates":{"created":"Publi\u00e9 13 ans il y a","modified":"Mis \u00e0 jour 1 an il y a"},"absolute_dates":{"created":"Publi\u00e9 le 31 juillet 2013","modified":"Mise \u00e0 jour le 24 janvier 2025"},"absolute_dates_time":{"created":"Publi\u00e9 le 31 juillet 2013 17h43","modified":"Mise \u00e0 jour le 24 janvier 2025 11h31"},"featured_img_caption":"","series_order":"","meta_box":[],"_links":{"self":[{"href":"https:\/\/www.creusonslabible.fr\/index.php?rest_route=\/wp\/v2\/posts\/1589","targetHints":{"allow":["GET"]}}],"collection":[{"href":"https:\/\/www.creusonslabible.fr\/index.php?rest_route=\/wp\/v2\/posts"}],"about":[{"href":"https:\/\/www.creusonslabible.fr\/index.php?rest_route=\/wp\/v2\/types\/post"}],"author":[{"embeddable":true,"href":"https:\/\/www.creusonslabible.fr\/index.php?rest_route=\/wp\/v2\/users\/4"}],"replies":[{"embeddable":true,"href":"https:\/\/www.creusonslabible.fr\/index.php?rest_route=%2Fwp%2Fv2%2Fcomments&post=1589"}],"version-history":[{"count":1,"href":"https:\/\/www.creusonslabible.fr\/index.php?rest_route=\/wp\/v2\/posts\/1589\/revisions"}],"predecessor-version":[{"id":10938,"href":"https:\/\/www.creusonslabible.fr\/index.php?rest_route=\/wp\/v2\/posts\/1589\/revisions\/10938"}],"wp:featuredmedia":[{"embeddable":true,"href":"https:\/\/www.creusonslabible.fr\/index.php?rest_route=\/wp\/v2\/media\/1713"}],"wp:attachment":[{"href":"https:\/\/www.creusonslabible.fr\/index.php?rest_route=%2Fwp%2Fv2%2Fmedia&parent=1589"}],"wp:term":[{"taxonomy":"category","embeddable":true,"href":"https:\/\/www.creusonslabible.fr\/index.php?rest_route=%2Fwp%2Fv2%2Fcategories&post=1589"},{"taxonomy":"post_tag","embeddable":true,"href":"https:\/\/www.creusonslabible.fr\/index.php?rest_route=%2Fwp%2Fv2%2Ftags&post=1589"},{"taxonomy":"video","embeddable":true,"href":"https:\/\/www.creusonslabible.fr\/index.php?rest_route=%2Fwp%2Fv2%2Fvideo&post=1589"},{"taxonomy":"audio","embeddable":true,"href":"https:\/\/www.creusonslabible.fr\/index.php?rest_route=%2Fwp%2Fv2%2Faudio&post=1589"},{"taxonomy":"ecrit","embeddable":true,"href":"https:\/\/www.creusonslabible.fr\/index.php?rest_route=%2Fwp%2Fv2%2Fecrit&post=1589"},{"taxonomy":"mis-en-avant","embeddable":true,"href":"https:\/\/www.creusonslabible.fr\/index.php?rest_route=%2Fwp%2Fv2%2Fmis-en-avant&post=1589"},{"taxonomy":"redacteur","embeddable":true,"href":"https:\/\/www.creusonslabible.fr\/index.php?rest_route=%2Fwp%2Fv2%2Fredacteur&post=1589"},{"taxonomy":"type-darticle","embeddable":true,"href":"https:\/\/www.creusonslabible.fr\/index.php?rest_route=%2Fwp%2Fv2%2Ftype-darticle&post=1589"}],"curies":[{"name":"wp","href":"https:\/\/api.w.org\/{rel}","templated":true}]}}