{"id":160,"date":"2012-07-05T22:23:59","date_gmt":"2012-07-05T22:23:59","guid":{"rendered":"http:\/\/elearning.gbu.fr\/?p=160"},"modified":"2025-01-24T11:23:53","modified_gmt":"2025-01-24T09:23:53","slug":"amos-3","status":"publish","type":"post","link":"https:\/\/www.creusonslabible.fr\/?p=160","title":{"rendered":"Amos 3 &#8211; Ecoutez bien cette parole."},"content":{"rendered":"<p><em>Etude r\u00e9alis\u00e9e par Sarah Mullen, responsable de l&rsquo;\u00e9quipe IFES , dans le cadre du projet Canevas, F\u00e9vrier 2004.<\/em><\/p>\n<h2>\u00a0 Arri\u00e8re-plan :<\/h2>\n<p>Le royaume d&rsquo;Isra\u00ebl avait \u00e9t\u00e9 divis\u00e9 en deux vers 930 av. J-C. Le royaume du sud s&rsquo;appelait Juda (capitale : J\u00e9rusalem), et le royaume du Nord s&rsquo;appelait Isra\u00ebl (capitale : Samarie). Amos proph\u00e9tisait en Isra\u00ebl vers 750 av. J-C. Trente ans plus tard, Samarie allait \u00eatre prise par l&rsquo;Assyrie, et le peuple du royaume du nord allait \u00eatre exil\u00e9 comme punition pour leurs p\u00e9ch\u00e9s, et ne rentrerait jamais.<\/p>\n<p>Aux chapitres 1 et 2, Dieu a condamn\u00e9 les nations voisines d&rsquo;Isra\u00ebl ainsi qu&rsquo;Isra\u00ebl lui-m\u00eame pour leur p\u00e9ch\u00e9.<a title=\"corps\" name=\"corps\"><\/a><\/p>\n<p>Lisez Amos 3<\/p>\n<h2><strong>Etude :<\/strong><\/h2>\n<ol>\n<li style=\"list-style-type: none;\">\n<ol>\n<li>\n<ul>\n<li style=\"list-style-type: none;\">\n<ul>\n<li><span style=\"text-decoration: underline;\">V. 1-2 :<\/span>\n<ul>\n<li>Que Dieu leur rappelle-t-il ? Quelle est leur identit\u00e9 ?<\/li>\n<li>Est-ce que cela veut dire qu&rsquo;ils n&rsquo;ont rien \u00e0 craindre ?<\/li>\n<\/ul>\n<\/li>\n<li><span style=\"text-decoration: underline;\">V. 3-8 : <\/span>\n<ul>\n<li>Quelles sont les phrases et les id\u00e9es r\u00e9p\u00e9t\u00e9es dans ces questions ?<\/li>\n<li>De quel type de situation parlent-elles ?<\/li>\n<li>Quel est le message qu&rsquo;Amos veut communiquer par ces questions ?<\/li>\n<li>Qu&rsquo;est-ce qu&rsquo;on apprend au sujet du r\u00f4le des proph\u00e8tes ?<\/li>\n<li>Quelle \u00e9tait l&rsquo;attitude du peuple vis-\u00e0-vis des proph\u00e8tes (ch. 2 v.12) ?<\/li>\n<li>En quoi les versets 3-8 sont-ils une r\u00e9ponse \u00e0 cette attitude ?<\/li>\n<\/ul>\n<\/li>\n<li><span style=\"text-decoration: underline;\">V. 9-10 :<\/span>\n<ul>\n<li>Les gens d&rsquo;Asdod et d&rsquo;\u00c9gypte \u00e9taient des ennemis bien connus d&rsquo;Isra\u00ebl. Quel est leur r\u00f4le dans cette situation ?<\/li>\n<li>Pourquoi cela aurait-il fait honte aux Isra\u00e9lites ?<\/li>\n<li>Sur quels p\u00e9ch\u00e9s d&rsquo;Isra\u00ebl Dieu se focalise-t-il ici ?<\/li>\n<\/ul>\n<\/li>\n<li><span style=\"text-decoration: underline;\">V. 11-15 :<\/span>\n<ul>\n<li>Quelle sera la cons\u00e9quence de leur p\u00e9ch\u00e9 ?<\/li>\n<li>Est-ce qu&rsquo;il y a un espoir pour quelques-uns d&rsquo;\u00e9chapper au jugement ?<\/li>\n<li>le v. 14 fait r\u00e9f\u00e9rence \u00e0 un \u00e9pisode de 1 Rois 12:26-33. Lisez ce passage. De quel p\u00e9ch\u00e9 est-il question ici et pourquoi est-ce si grave ?<\/li>\n<\/ul>\n<\/li>\n<\/ul>\n<\/li>\n<\/ul>\n<p>Comment r\u00e9sumer le message de ce chapitre (v.1-15) ?<\/li>\n<\/ol>\n<\/li>\n<\/ol>\n<h2><a title=\"appli\" name=\"appli\"><\/a> Applications :<\/h2>\n<ol>\n<li>\n<ul>\n<li>Les Isra\u00e9lites auraient d\u00fb \u00e9couter les proph\u00e8tes, m\u00eame (surtout!) quand ils pr\u00eachaient le jugement. La parole de Dieu pour nous est la Bible enti\u00e8re. En existe-t-il des parties que nous essayons d&rsquo;\u00e9viter, surtout quand il s&rsquo;agit d&rsquo;un message de jugement ?<\/li>\n<li>Les p\u00e9ch\u00e9s relev\u00e9s dans ce passage sont cit\u00e9s aux v. 10 et 14. De quelle mani\u00e8re sommes-nous coupables de ces p\u00e9ch\u00e9s ?\n<div><em> Exemples : Agissons-nous avec droiture dans nos relations personnelles ? Sommes-nous cupides et essayons-nous d&rsquo;avoir tout ce que nous voulons (m\u00eame si nous n&rsquo;utilisons pas \u00ab la violence et la rapine \u00bb pour l&rsquo;obtenir) ? Sommes-nous coupables d&rsquo;idol\u00e2trie en accordant la premi\u00e8re place dans notre vie \u00e0 des choses ou \u00e0 des personnes, au lieu de la donner \u00e0 Dieu ? Ou mettons-nous notre confiance ? <\/em><\/div>\n<\/li>\n<li>Pourquoi mentionner les crimes des autres nations qui ne concernent pas Isra\u00ebl, alors que le message principal est pour celui-ci ? Que pouvait penser le peuple en apprenant la ruine des nations environnantes ?<\/li>\n<li>Sommes-nous convaincus du jugement \u00e0 venir ? Par quel comportement montrerions\/prouverions-nous une telle conviction ? (pour des chr\u00e9tiens et des non-chr\u00e9tiens).\n<div><em> (Note : Les Isra\u00e9lites \u00e0 l&rsquo;\u00e9poque \u00e9taient sous l&rsquo;alliance de Sina\u00ef selon laquelle leur position devant Dieu d\u00e9pendait en partie de leur ob\u00e9issance. Quant \u00e0 nous, si nous sommes chr\u00e9tiens, nous sommes sous la nouvelle alliance ; et dans celle-ci, J\u00e9sus a d\u00e9j\u00e0 fait tout ce qu&rsquo;il fallait pour assurer notre position devant Dieu (Romains 5 v.1, etc.). Ceci dit, le Nouveau Testament donne de nombreux avertissements \u00e0 ceux qui se disent chr\u00e9tiens, mais qui ne montrent pas un changement de comportement et un d\u00e9sir d&rsquo;ob\u00e9ir \u00e0 Dieu (1 Corinthiens 6 v. 9-11, etc.) Ceux-l\u00e0 ne peuvent pas esp\u00e9rer \u00e9chapper au jugement de Dieu.) <\/em><\/div>\n<\/li>\n<\/ul>\n<\/li>\n<\/ol>\n","protected":false},"excerpt":{"rendered":"<p>Etude r\u00e9alis\u00e9e par Sarah Mullen, responsable de l&rsquo;\u00e9quipe IFES , dans le cadre du projet Canevas, F\u00e9vrier 2004. \u00a0 Arri\u00e8re-plan : Le royaume d&rsquo;Isra\u00ebl avait \u00e9t\u00e9 divis\u00e9 en deux vers 930 av. J-C. Le royaume du sud s&rsquo;appelait Juda (capitale : J\u00e9rusalem), et le royaume du Nord s&rsquo;appelait Isra\u00ebl (capitale : Samarie). Amos proph\u00e9tisait en [&hellip;]<\/p>\n","protected":false},"author":2,"featured_media":8750,"comment_status":"open","ping_status":"open","sticky":false,"template":"","format":"standard","meta":{"_acf_changed":false,"_eb_attr":"","advgb_blocks_editor_width":"","advgb_blocks_columns_visual_guide":"","footnotes":""},"categories":[10],"tags":[439,170,752,651,753,387,754,289],"video":[],"audio":[],"ecrit":[],"mis-en-avant":[],"redacteur":[],"type-darticle":[],"class_list":["post-160","post","type-post","status-publish","format-standard","has-post-thumbnail","hentry","category-discussions-autour-de-la-bible","tag-amos","tag-ancien-testament","tag-crimes","tag-ecrit","tag-peches","tag-prophete","tag-punitions","tag-repentance"],"blocksy_meta":[],"acf":[],"featured_image_src":"https:\/\/www.creusonslabible.fr\/wp-content\/uploads\/2012\/07\/glen-carrie-oRavIk04N10-unsplash-scaled-e1676641118602-1.jpg","author_info":{"display_name":"caillou","author_link":"https:\/\/www.creusonslabible.fr\/?author=2"},"author_meta":{"display_name":"caillou","author_link":"https:\/\/www.creusonslabible.fr\/?author=2"},"featured_img":"https:\/\/www.creusonslabible.fr\/wp-content\/uploads\/2012\/07\/glen-carrie-oRavIk04N10-unsplash-scaled-e1676641118602-1-300x164.jpg","coauthors":[],"tax_additional":{"categories":{"linked":["<a href=\"https:\/\/www.creusonslabible.fr\/?cat=10\" class=\"advgb-post-tax-term\">Discussions autour de la Bible<\/a>"],"unlinked":["<span class=\"advgb-post-tax-term\">Discussions autour de la Bible<\/span>"]},"tags":{"linked":["<a href=\"https:\/\/www.creusonslabible.fr\/?cat=10\" class=\"advgb-post-tax-term\">Amos<\/a>","<a href=\"https:\/\/www.creusonslabible.fr\/?cat=10\" class=\"advgb-post-tax-term\">Ancien-Testament<\/a>","<a href=\"https:\/\/www.creusonslabible.fr\/?cat=10\" class=\"advgb-post-tax-term\">crimes<\/a>","<a href=\"https:\/\/www.creusonslabible.fr\/?cat=10\" class=\"advgb-post-tax-term\">\u00e9crit<\/a>","<a href=\"https:\/\/www.creusonslabible.fr\/?cat=10\" class=\"advgb-post-tax-term\">p\u00e9ch\u00e9s<\/a>","<a href=\"https:\/\/www.creusonslabible.fr\/?cat=10\" class=\"advgb-post-tax-term\">proph\u00e8te<\/a>","<a href=\"https:\/\/www.creusonslabible.fr\/?cat=10\" class=\"advgb-post-tax-term\">punitions<\/a>","<a href=\"https:\/\/www.creusonslabible.fr\/?cat=10\" class=\"advgb-post-tax-term\">repentance<\/a>"],"unlinked":["<span class=\"advgb-post-tax-term\">Amos<\/span>","<span class=\"advgb-post-tax-term\">Ancien-Testament<\/span>","<span class=\"advgb-post-tax-term\">crimes<\/span>","<span class=\"advgb-post-tax-term\">\u00e9crit<\/span>","<span class=\"advgb-post-tax-term\">p\u00e9ch\u00e9s<\/span>","<span class=\"advgb-post-tax-term\">proph\u00e8te<\/span>","<span class=\"advgb-post-tax-term\">punitions<\/span>","<span class=\"advgb-post-tax-term\">repentance<\/span>"]}},"comment_count":"0","relative_dates":{"created":"Publi\u00e9 14 ans il y a","modified":"Mis \u00e0 jour 1 an il y a"},"absolute_dates":{"created":"Publi\u00e9 le 5 juillet 2012","modified":"Mise \u00e0 jour le 24 janvier 2025"},"absolute_dates_time":{"created":"Publi\u00e9 le 5 juillet 2012 22h23","modified":"Mise \u00e0 jour le 24 janvier 2025 11h23"},"featured_img_caption":"","series_order":"","meta_box":[],"_links":{"self":[{"href":"https:\/\/www.creusonslabible.fr\/index.php?rest_route=\/wp\/v2\/posts\/160","targetHints":{"allow":["GET"]}}],"collection":[{"href":"https:\/\/www.creusonslabible.fr\/index.php?rest_route=\/wp\/v2\/posts"}],"about":[{"href":"https:\/\/www.creusonslabible.fr\/index.php?rest_route=\/wp\/v2\/types\/post"}],"author":[{"embeddable":true,"href":"https:\/\/www.creusonslabible.fr\/index.php?rest_route=\/wp\/v2\/users\/2"}],"replies":[{"embeddable":true,"href":"https:\/\/www.creusonslabible.fr\/index.php?rest_route=%2Fwp%2Fv2%2Fcomments&post=160"}],"version-history":[{"count":1,"href":"https:\/\/www.creusonslabible.fr\/index.php?rest_route=\/wp\/v2\/posts\/160\/revisions"}],"predecessor-version":[{"id":10847,"href":"https:\/\/www.creusonslabible.fr\/index.php?rest_route=\/wp\/v2\/posts\/160\/revisions\/10847"}],"wp:featuredmedia":[{"embeddable":true,"href":"https:\/\/www.creusonslabible.fr\/index.php?rest_route=\/wp\/v2\/media\/8750"}],"wp:attachment":[{"href":"https:\/\/www.creusonslabible.fr\/index.php?rest_route=%2Fwp%2Fv2%2Fmedia&parent=160"}],"wp:term":[{"taxonomy":"category","embeddable":true,"href":"https:\/\/www.creusonslabible.fr\/index.php?rest_route=%2Fwp%2Fv2%2Fcategories&post=160"},{"taxonomy":"post_tag","embeddable":true,"href":"https:\/\/www.creusonslabible.fr\/index.php?rest_route=%2Fwp%2Fv2%2Ftags&post=160"},{"taxonomy":"video","embeddable":true,"href":"https:\/\/www.creusonslabible.fr\/index.php?rest_route=%2Fwp%2Fv2%2Fvideo&post=160"},{"taxonomy":"audio","embeddable":true,"href":"https:\/\/www.creusonslabible.fr\/index.php?rest_route=%2Fwp%2Fv2%2Faudio&post=160"},{"taxonomy":"ecrit","embeddable":true,"href":"https:\/\/www.creusonslabible.fr\/index.php?rest_route=%2Fwp%2Fv2%2Fecrit&post=160"},{"taxonomy":"mis-en-avant","embeddable":true,"href":"https:\/\/www.creusonslabible.fr\/index.php?rest_route=%2Fwp%2Fv2%2Fmis-en-avant&post=160"},{"taxonomy":"redacteur","embeddable":true,"href":"https:\/\/www.creusonslabible.fr\/index.php?rest_route=%2Fwp%2Fv2%2Fredacteur&post=160"},{"taxonomy":"type-darticle","embeddable":true,"href":"https:\/\/www.creusonslabible.fr\/index.php?rest_route=%2Fwp%2Fv2%2Ftype-darticle&post=160"}],"curies":[{"name":"wp","href":"https:\/\/api.w.org\/{rel}","templated":true}]}}