{"id":162,"date":"2012-07-05T22:22:34","date_gmt":"2012-07-05T22:22:34","guid":{"rendered":"http:\/\/elearning.gbu.fr\/?p=162"},"modified":"2025-01-24T11:23:53","modified_gmt":"2025-01-24T09:23:53","slug":"amos-4-revenir-a-dieu","status":"publish","type":"post","link":"https:\/\/www.creusonslabible.fr\/?p=162","title":{"rendered":"Amos 4 &#8211; Revenir \u00e0 Dieu"},"content":{"rendered":"<p>\u00c9tude r\u00e9alis\u00e9e par Yohann Tourne, Secr\u00e9taire Itin\u00e9rant des r\u00e9gions Centre et Ouest , dans le cadre du projet Canevas, Mars 2004.<\/p>\n<h2>Introduction<\/h2>\n<p>C&rsquo;est un des chapitres les plus d\u00e9capants du livre d&rsquo;Amos ! Les paroles que le proph\u00e8te rapporte sont tout ce qu&rsquo;il y a de plus \u00e9loign\u00e9es de la ti\u00e9deur et de l&rsquo;indiff\u00e9rence d&rsquo;un dieu lointain ! On voit au contraire que Dieu est tr\u00e8s concern\u00e9 par l&rsquo;attitude de ses enfants. Rappelons qu&rsquo;au temps du proph\u00e8te Amos, les royaumes d&rsquo;Isra\u00ebl et Juda jouissent d&rsquo;une prosp\u00e9rit\u00e9 jamais vue depuis le r\u00e8gne de Salomon 3 si\u00e8cles auparavant. Paix, commerce florissant, conqu\u00eates territoriales : Tout va bien pour les juifs !&#8230; Sauf que tout va mal ! Voyons ce passage qui ne peut laisser personne indiff\u00e9rent.<\/p>\n<p><!--more--><\/p>\n<div>D\u00e9coupez ce passage en 4 parties (facile !)<\/div>\n<h2><a title=\"obs\" name=\"obs\"><\/a> OBSERVATION et INTERPR\u00c9TATION<\/h2>\n<h2>Vacheries sociales (v.1 \u00e0 3) :<\/h2>\n<ul>\n<li style=\"list-style-type: none;\">\n<ul>\n<li style=\"list-style-type: none;\">\n<ul>\n<li style=\"list-style-type: none;\">\n<ul>\n<li>Qui sont ces vaches ?<\/li>\n<li>Que leur reproche le Seigneur ?<\/li>\n<li>Qu&rsquo;y a t il de choquant dans leur relation avec leur mari ?<\/li>\n<li>La m\u00e9taphore bovine provenant de Dieu vous choque-t-elle ?<\/li>\n<li>Quel est l&rsquo;avenir de ces femmes riches ? (sans m\u00e9taphore cette fois !)<\/li>\n<li>Comment Dieu se positionne-t-il face \u00e0 l&rsquo;injustice sociale ?<\/li>\n<li>Le trouvez-vous cruel dans son jugement ?<\/li>\n<\/ul>\n<\/li>\n<\/ul>\n<\/li>\n<\/ul>\n<\/li>\n<\/ul>\n<h2>Religiosit\u00e9 illusoire (v.4 et 5) :<\/h2>\n<ul>\n<li style=\"list-style-type: none;\">\n<ul>\n<li style=\"list-style-type: none;\">\n<ul>\n<li style=\"list-style-type: none;\">\n<ul>\n<li>Qu&rsquo;est ce que \u00ab B\u00e9thel \u00bb et \u00ab Guilgal \u00bb ?<\/li>\n<li>En quoi consistent les sacrifices du matin et la d\u00eeme ?<\/li>\n<li>Que montre les sacrifices de reconnaissance du v.5 ? (comparer avec Lv. 7.11-13)<\/li>\n<li>Quelle est l&rsquo;autre critique du v.5 ?<\/li>\n<li>Globalement, qu&rsquo;est ce qui est reproch\u00e9 aux isra\u00e9lites dans cette partie ?<\/li>\n<li>D&rsquo;apr\u00e8s vous, les probl\u00e8mes d\u00e9crits dans ces 2 premi\u00e8res parties sont-ils li\u00e9s ?<\/li>\n<\/ul>\n<\/li>\n<\/ul>\n<\/li>\n<\/ul>\n<\/li>\n<\/ul>\n<h2>Allo ! La Terre ? Ici Dieu ! (v.6 \u00e0 11) :<\/h2>\n<ul>\n<li style=\"list-style-type: none;\">\n<ul>\n<li style=\"list-style-type: none;\">\n<ul>\n<li style=\"list-style-type: none;\">\n<ul>\n<li>Quelle est votre r\u00e9action premi\u00e8re en lisant ce passage ?<\/li>\n<li>Listez les \u00ab fl\u00e9aux \u00bb qui frappent le peuple.<\/li>\n<li>Expliquez les r\u00e9f\u00e9rences \u00e0 l&rsquo;\u00c9gypte et \u00e0 Sodome et Gomorrhe.<\/li>\n<li>Quel est le refrain de ce passage ?<\/li>\n<li>D&rsquo;apr\u00e8s-vous les isra\u00e9lites, ont-ils vu des signes dans toutes ces catastrophes ?<\/li>\n<li>Sont-ils obstin\u00e9s, sourds, idiots&#8230; ?<\/li>\n<li>Par le ton de ces paroles, d\u00e9terminez l&rsquo;\u00e9tat d&rsquo;esprit du Seigneur.<\/li>\n<li>D&rsquo;apr\u00e8s ces 7 versets, Dieu aime-t-il son peuple ?<\/li>\n<li>Que peut-il faire de plus si la Samarie ne l&rsquo;entend pas ?<\/li>\n<li>Qu&rsquo;a-t-il fait de plus 8 si\u00e8cles plus tard pour les humains \u00ab malentendants \u00bb ?<\/li>\n<\/ul>\n<\/li>\n<\/ul>\n<\/li>\n<\/ul>\n<\/li>\n<\/ul>\n<h2>Pr\u00e9pare-toi \u00e0 la rencontre de ton Dieu ! (v.12 et 13) :<\/h2>\n<ul>\n<li style=\"list-style-type: none;\">\n<ul>\n<li style=\"list-style-type: none;\">\n<ul>\n<li style=\"list-style-type: none;\">\n<ul>\n<li>Quel message Dieu veut-il faire passer dans cette partie ?<\/li>\n<li>Quelle r\u00e9action auriez-vous si un tel message vous \u00e9tait adress\u00e9 ?<\/li>\n<li>En quoi y a-t-il une rupture entre cette partie et la pr\u00e9c\u00e9dente ?<\/li>\n<li>Les isra\u00e9lites connaissent-ils l&rsquo;\u00c9ternel ? Alors pourquoi est-il n\u00e9cessaire qu&rsquo;il leur redonne Sa carte de visite ?<\/li>\n<li>Comment comprenez-vous le v.12 ?<\/li>\n<\/ul>\n<\/li>\n<\/ul>\n<\/li>\n<\/ul>\n<\/li>\n<\/ul>\n<div>La relation de Dieu avec son peuple a-t-elle chang\u00e9 entre l&rsquo;ancienne et la nouvelle alliance ? Dieu a-t-il chang\u00e9 ?<\/div>\n<h2><a title=\"appli\" name=\"appli\"><\/a> MISE EN PRATIQUE<\/h2>\n<ul>\n<li>Dans notre passage, on peut voir que Dieu ne supporte pas l&rsquo;injustice sociale et l&rsquo;hypocrisie religieuse. Il supporte encore moins quand les 2 sont m\u00eal\u00e9es, quand les exploiteurs sont des gens qui se disent croyants\/chr\u00e9tiens ! Quels \u00e9v\u00e9nements actuels le font s\u00fbrement r\u00e9agir ?Comment r\u00e9agit-il ?<\/li>\n<li>Dans le texte, on peut aussi voir que Dieu a tout essay\u00e9 pour faire r\u00e9fl\u00e9chir le peuple. Quels messages envoient-ils encore maintenant aux chr\u00e9tiens \/ \u00e0 la soci\u00e9t\u00e9 pour les faire progresser et les faire revenir \u00e0 Lui ?<\/li>\n<li>Le \u00ab Pr\u00e9pare-toi \u00e0 la rencontre de ton Dieu ! \u00bb d&rsquo;Amos fait penser au \u00ab Voici, je viens bient\u00f4t !\u00bb d&rsquo;Apocalypse 22.20. Qu&rsquo;y a-t-il comme espoir \/ crainte face \u00e0 ce retour\/rencontre du Seigneur ?<\/li>\n<li>On sent que l&rsquo;\u00c9ternel va ch\u00e2tier les isra\u00e9lites malgr\u00e9 l&rsquo;amour qu&rsquo;il a pour eux. En quoi l&rsquo;amour de Dieu est limit\u00e9 par sa justice et vice-versa ?<\/li>\n<\/ul>\n","protected":false},"excerpt":{"rendered":"<p>\u00c9tude r\u00e9alis\u00e9e par Yohann Tourne, Secr\u00e9taire Itin\u00e9rant des r\u00e9gions Centre et Ouest , dans le cadre du projet Canevas, Mars 2004. Introduction C&rsquo;est un des chapitres les plus d\u00e9capants du livre d&rsquo;Amos ! Les paroles que le proph\u00e8te rapporte sont tout ce qu&rsquo;il y a de plus \u00e9loign\u00e9es de la ti\u00e9deur et de l&rsquo;indiff\u00e9rence d&rsquo;un [&hellip;]<\/p>\n","protected":false},"author":2,"featured_media":8750,"comment_status":"open","ping_status":"open","sticky":false,"template":"","format":"standard","meta":{"_acf_changed":false,"_eb_attr":"","advgb_blocks_editor_width":"","advgb_blocks_columns_visual_guide":"","footnotes":""},"categories":[10],"tags":[439,170,752,651,755,753,289],"video":[],"audio":[],"ecrit":[],"mis-en-avant":[],"redacteur":[],"type-darticle":[],"class_list":["post-162","post","type-post","status-publish","format-standard","has-post-thumbnail","hentry","category-discussions-autour-de-la-bible","tag-amos","tag-ancien-testament","tag-crimes","tag-ecrit","tag-fleaux","tag-peches","tag-repentance"],"blocksy_meta":[],"acf":[],"featured_image_src":"https:\/\/www.creusonslabible.fr\/wp-content\/uploads\/2012\/07\/glen-carrie-oRavIk04N10-unsplash-scaled-e1676641118602-1.jpg","author_info":{"display_name":"caillou","author_link":"https:\/\/www.creusonslabible.fr\/?author=2"},"author_meta":{"display_name":"caillou","author_link":"https:\/\/www.creusonslabible.fr\/?author=2"},"featured_img":"https:\/\/www.creusonslabible.fr\/wp-content\/uploads\/2012\/07\/glen-carrie-oRavIk04N10-unsplash-scaled-e1676641118602-1-300x164.jpg","coauthors":[],"tax_additional":{"categories":{"linked":["<a href=\"https:\/\/www.creusonslabible.fr\/?cat=10\" class=\"advgb-post-tax-term\">Discussions autour de la Bible<\/a>"],"unlinked":["<span class=\"advgb-post-tax-term\">Discussions autour de la Bible<\/span>"]},"tags":{"linked":["<a href=\"https:\/\/www.creusonslabible.fr\/?cat=10\" class=\"advgb-post-tax-term\">Amos<\/a>","<a href=\"https:\/\/www.creusonslabible.fr\/?cat=10\" class=\"advgb-post-tax-term\">Ancien-Testament<\/a>","<a href=\"https:\/\/www.creusonslabible.fr\/?cat=10\" class=\"advgb-post-tax-term\">crimes<\/a>","<a href=\"https:\/\/www.creusonslabible.fr\/?cat=10\" class=\"advgb-post-tax-term\">\u00e9crit<\/a>","<a href=\"https:\/\/www.creusonslabible.fr\/?cat=10\" class=\"advgb-post-tax-term\">fl\u00e9aux<\/a>","<a href=\"https:\/\/www.creusonslabible.fr\/?cat=10\" class=\"advgb-post-tax-term\">p\u00e9ch\u00e9s<\/a>","<a href=\"https:\/\/www.creusonslabible.fr\/?cat=10\" class=\"advgb-post-tax-term\">repentance<\/a>"],"unlinked":["<span class=\"advgb-post-tax-term\">Amos<\/span>","<span class=\"advgb-post-tax-term\">Ancien-Testament<\/span>","<span class=\"advgb-post-tax-term\">crimes<\/span>","<span class=\"advgb-post-tax-term\">\u00e9crit<\/span>","<span class=\"advgb-post-tax-term\">fl\u00e9aux<\/span>","<span class=\"advgb-post-tax-term\">p\u00e9ch\u00e9s<\/span>","<span class=\"advgb-post-tax-term\">repentance<\/span>"]}},"comment_count":"0","relative_dates":{"created":"Publi\u00e9 14 ans il y a","modified":"Mis \u00e0 jour 1 an il y a"},"absolute_dates":{"created":"Publi\u00e9 le 5 juillet 2012","modified":"Mise \u00e0 jour le 24 janvier 2025"},"absolute_dates_time":{"created":"Publi\u00e9 le 5 juillet 2012 22h22","modified":"Mise \u00e0 jour le 24 janvier 2025 11h23"},"featured_img_caption":"","series_order":"","meta_box":[],"_links":{"self":[{"href":"https:\/\/www.creusonslabible.fr\/index.php?rest_route=\/wp\/v2\/posts\/162","targetHints":{"allow":["GET"]}}],"collection":[{"href":"https:\/\/www.creusonslabible.fr\/index.php?rest_route=\/wp\/v2\/posts"}],"about":[{"href":"https:\/\/www.creusonslabible.fr\/index.php?rest_route=\/wp\/v2\/types\/post"}],"author":[{"embeddable":true,"href":"https:\/\/www.creusonslabible.fr\/index.php?rest_route=\/wp\/v2\/users\/2"}],"replies":[{"embeddable":true,"href":"https:\/\/www.creusonslabible.fr\/index.php?rest_route=%2Fwp%2Fv2%2Fcomments&post=162"}],"version-history":[{"count":1,"href":"https:\/\/www.creusonslabible.fr\/index.php?rest_route=\/wp\/v2\/posts\/162\/revisions"}],"predecessor-version":[{"id":10848,"href":"https:\/\/www.creusonslabible.fr\/index.php?rest_route=\/wp\/v2\/posts\/162\/revisions\/10848"}],"wp:featuredmedia":[{"embeddable":true,"href":"https:\/\/www.creusonslabible.fr\/index.php?rest_route=\/wp\/v2\/media\/8750"}],"wp:attachment":[{"href":"https:\/\/www.creusonslabible.fr\/index.php?rest_route=%2Fwp%2Fv2%2Fmedia&parent=162"}],"wp:term":[{"taxonomy":"category","embeddable":true,"href":"https:\/\/www.creusonslabible.fr\/index.php?rest_route=%2Fwp%2Fv2%2Fcategories&post=162"},{"taxonomy":"post_tag","embeddable":true,"href":"https:\/\/www.creusonslabible.fr\/index.php?rest_route=%2Fwp%2Fv2%2Ftags&post=162"},{"taxonomy":"video","embeddable":true,"href":"https:\/\/www.creusonslabible.fr\/index.php?rest_route=%2Fwp%2Fv2%2Fvideo&post=162"},{"taxonomy":"audio","embeddable":true,"href":"https:\/\/www.creusonslabible.fr\/index.php?rest_route=%2Fwp%2Fv2%2Faudio&post=162"},{"taxonomy":"ecrit","embeddable":true,"href":"https:\/\/www.creusonslabible.fr\/index.php?rest_route=%2Fwp%2Fv2%2Fecrit&post=162"},{"taxonomy":"mis-en-avant","embeddable":true,"href":"https:\/\/www.creusonslabible.fr\/index.php?rest_route=%2Fwp%2Fv2%2Fmis-en-avant&post=162"},{"taxonomy":"redacteur","embeddable":true,"href":"https:\/\/www.creusonslabible.fr\/index.php?rest_route=%2Fwp%2Fv2%2Fredacteur&post=162"},{"taxonomy":"type-darticle","embeddable":true,"href":"https:\/\/www.creusonslabible.fr\/index.php?rest_route=%2Fwp%2Fv2%2Ftype-darticle&post=162"}],"curies":[{"name":"wp","href":"https:\/\/api.w.org\/{rel}","templated":true}]}}