{"id":1637,"date":"2013-07-31T22:03:44","date_gmt":"2013-07-31T22:03:44","guid":{"rendered":"http:\/\/www.creusonslabible.fr\/?p=1637"},"modified":"2025-01-24T11:41:21","modified_gmt":"2025-01-24T09:41:21","slug":"ruth-1-noemi-la-femme-amere","status":"publish","type":"post","link":"https:\/\/www.creusonslabible.fr\/?p=1637","title":{"rendered":"Ruth 1 &#8211; No\u00e9mi, belle-m\u00e8re am\u00e8re."},"content":{"rendered":"<h2>Observation g\u00e9n\u00e9rale.<\/h2>\n<p><span style=\"color: #222222;\"><span style=\"font-family: Times New Roman,serif;\"><span style=\"font-size: medium;\">Diviser le groupe en 4. Un groupe jouera le narrateur, un groupe jouera No\u00e9mi, un groupe jouera Orpa, un groupe jouera Ruth. Chaque groupe devra travailler la partie du texte le concernant (narrateur\u00a0: v.1-5\u00a0; No\u00e9mi, Orpa, Ruth\u00a0: v.6-22) en apprenant bien chacun sa partie. Cinq minutes pour relever ce qui est important. A la fin, chaque groupe envoie un repr\u00e9sentant. Pendant ce temps, les autres comparent la prestation avec le r\u00e9cit biblique et note ce qui a \u00e9t\u00e9<\/span><\/span><\/span> oubli\u00e9<span style=\"color: #222222;\"><span style=\"font-family: Times New Roman,serif;\"><span style=\"font-size: medium;\"> et ce qui a \u00e9t\u00e9 ajout\u00e9. On discute ensemble de ces diff\u00e9rences.<\/span><\/span><\/span><\/p>\n<h2>v1-5 :<\/h2>\n<p><span style=\"color: #222222;\"><span style=\"font-family: Times New Roman,serif;\"><span style=\"font-size: medium;\">1. D\u2019apr\u00e8s le v.1, quand se passe cette histoire\u00a0? <\/span><\/span><\/span><\/p>\n<p><span style=\"color: #222222;\"><span style=\"font-family: Times New Roman,serif;\"><span style=\"font-size: medium;\">2. Est-ce l\u00e0 un arri\u00e8re-plan plut\u00f4t positif ou plut\u00f4t n\u00e9gatif\u00a0? (cf. Juges 21.25) <\/span><\/span><\/span><\/p>\n<p><span style=\"color: #222222;\"><span style=\"font-family: Times New Roman,serif;\"><span style=\"font-size: medium;\">3. A votre avis, comment cet arri\u00e8re-plan oriente-t-il d\u00e8s le d\u00e9but cette histoire\u00a0? (comparer l\u2019individualisme de l\u2019\u00e9poque des juges avec la solidarit\u00e9 qu\u2019il faut montrer en temps de famine). <\/span><\/span><\/span><\/p>\n<p><span style=\"color: #222222;\"><span style=\"font-family: Times New Roman,serif;\"><span style=\"font-size: medium;\">4. Une fois parti \u00e0 l\u2019\u00e9tranger avec sa famille, No\u00e9mi perd son mari, puis, dix ans plus tard ses deux enfants. Elle n\u2019a donc plus de descendance. A votre avis, quelle devait \u00eatre la situation mat\u00e9rielle et psychologique de No\u00e9mi \u00e0 ce moment l\u00e0, \u00e0 la fin du v.5\u00a0? <\/span><\/span><\/span><\/p>\n<h2>(Application).<\/h2>\n<p><span style=\"color: #222222;\"><span style=\"font-family: Times New Roman,serif;\"><span style=\"font-size: medium;\">Dans quelle mesure notre \u00e9poque ressemble-t-elle \u00e0 celle de No\u00e9mi\u00a0? Dans quels genres de circonstances peut-on s\u2019identifier \u00e0 No\u00e9mi\u00a0?<\/span><\/span><\/span><\/p>\n<h2>v6-13 :<\/h2>\n<p><span style=\"color: #222222;\"><span style=\"font-family: Times New Roman,serif;\"><span style=\"font-size: medium;\">1) D\u2019apr\u00e8s les v.6-7, pourquoi No\u00e9mi revient-elle de Moab vers Juda\u00a0? <\/span><\/span><\/span><\/p>\n<p><span style=\"color: #222222;\"><span style=\"font-family: Times New Roman,serif;\"><span style=\"font-size: medium;\">2) A votre avis, pourquoi est-ce important de noter cela au milieu du malheur de No\u00e9mi\u00a0? <\/span><\/span><\/span><\/p>\n<p><span style=\"color: #222222;\"><span style=\"font-family: Times New Roman,serif;\"><span style=\"font-size: medium;\">3) Malgr\u00e9 cela, quel sentiment No\u00e9mi par rapport au Seigneur manifeste-t-elle d\u2019apr\u00e8s vous dans les diff\u00e9rents discours\u00a0qu\u2019elle fait dans ce chapitre ? Quelle \u00e9valuation l\u2019auteur fait-il de ces sentiments d\u2019amertume qu\u2019\u00e9prouve No\u00e9mi\u00a0? A votre avis, pourquoi\u00a0?<\/span><\/span><\/span><\/p>\n<h2>(Application).<\/h2>\n<p><span style=\"color: #222222;\"><span style=\"font-family: Times New Roman,serif;\"><span style=\"font-size: medium;\">Est-ce que \u00e7a vous est d\u00e9j\u00e0 arriv\u00e9 de ressentir de l\u2019amertume envers Dieu\u00a0? Dans quelle mesure est-ce si ill\u00e9gitime que cela\u00a0?<\/span><\/span><\/span><\/p>\n<h3>v13-22 :<\/h3>\n<p><span style=\"color: #222222;\"><span style=\"font-family: Times New Roman,serif;\"><span style=\"font-size: medium;\">1) Comment \u00e9valuez-vous les r\u00e9actions d\u2019Opra et de Ruth par rapport au d\u00e9sespoir de sa belle-m\u00e8re\u00a0? Comment les expliquez-vous\u00a0? (en particulier l\u2019attachement de Ruth \u00e0 Dieu) <\/span><\/span><\/span><\/p>\n<p><span style=\"color: #222222;\"><span style=\"font-family: Times New Roman,serif;\"><span style=\"font-size: medium;\">2) A votre avis, quelle a pu \u00eatre la r\u00e9action de No\u00e9mi \u00e0 l\u2019attachement ainsi manifest\u00e9 par sa belle-fille\u00a0? (cf. v.19-21)<\/span><\/span><\/span><\/p>\n<h2>(Application).<\/h2>\n<p><span style=\"color: #222222;\"><span style=\"font-family: Times New Roman,serif;\"><span style=\"font-size: medium;\">Est-ce que \u00e7a nous arrive de ne pas manifester notre reconnaissance\u00a0? Est-ce que nous pouvons dire que dans la souffrance nous sommes entour\u00e9s comme l\u2019a \u00e9t\u00e9 No\u00e9mi par Ruth\u00a0? Pourquoi\u00a0?<\/span><\/span><\/span><\/p>\n","protected":false},"excerpt":{"rendered":"<p>Observation g\u00e9n\u00e9rale. Diviser le groupe en 4. Un groupe jouera le narrateur, un groupe jouera No\u00e9mi, un groupe jouera Orpa, un groupe jouera Ruth. Chaque groupe devra travailler la partie du texte le concernant (narrateur\u00a0: v.1-5\u00a0; No\u00e9mi, Orpa, Ruth\u00a0: v.6-22) en apprenant bien chacun sa partie. Cinq minutes pour relever ce qui est important. A [&hellip;]<\/p>\n","protected":false},"author":4,"featured_media":8699,"comment_status":"open","ping_status":"closed","sticky":false,"template":"","format":"standard","meta":{"_acf_changed":false,"_eb_attr":"","advgb_blocks_editor_width":"","advgb_blocks_columns_visual_guide":"","footnotes":""},"categories":[10,21],"tags":[170,651,279],"video":[],"audio":[],"ecrit":[],"mis-en-avant":[],"redacteur":[],"type-darticle":[],"class_list":["post-1637","post","type-post","status-publish","format-standard","has-post-thumbnail","hentry","category-discussions-autour-de-la-bible","category-la-bible","tag-ancien-testament","tag-ecrit","tag-ruth"],"blocksy_meta":[],"acf":[],"featured_image_src":"https:\/\/www.creusonslabible.fr\/wp-content\/uploads\/2013\/07\/640px-Jean-Francois_Millet_-_Gleaners_-_Google_Art_Project_2-1.jpg","author_info":{"display_name":"Marion","author_link":"https:\/\/www.creusonslabible.fr\/?author=4"},"author_meta":{"display_name":"Marion","author_link":"https:\/\/www.creusonslabible.fr\/?author=4"},"featured_img":"https:\/\/www.creusonslabible.fr\/wp-content\/uploads\/2013\/07\/640px-Jean-Francois_Millet_-_Gleaners_-_Google_Art_Project_2-1-300x225.jpg","coauthors":[],"tax_additional":{"categories":{"linked":["<a href=\"https:\/\/www.creusonslabible.fr\/?cat=10\" class=\"advgb-post-tax-term\">Discussions autour de la Bible<\/a>","<a href=\"https:\/\/www.creusonslabible.fr\/?cat=21\" class=\"advgb-post-tax-term\">La Bible<\/a>"],"unlinked":["<span class=\"advgb-post-tax-term\">Discussions autour de la Bible<\/span>","<span class=\"advgb-post-tax-term\">La Bible<\/span>"]},"tags":{"linked":["<a href=\"https:\/\/www.creusonslabible.fr\/?cat=21\" class=\"advgb-post-tax-term\">Ancien-Testament<\/a>","<a href=\"https:\/\/www.creusonslabible.fr\/?cat=21\" class=\"advgb-post-tax-term\">\u00e9crit<\/a>","<a href=\"https:\/\/www.creusonslabible.fr\/?cat=21\" class=\"advgb-post-tax-term\">Ruth<\/a>"],"unlinked":["<span class=\"advgb-post-tax-term\">Ancien-Testament<\/span>","<span class=\"advgb-post-tax-term\">\u00e9crit<\/span>","<span class=\"advgb-post-tax-term\">Ruth<\/span>"]}},"comment_count":"0","relative_dates":{"created":"Publi\u00e9 13 ans il y a","modified":"Mis \u00e0 jour 1 an il y a"},"absolute_dates":{"created":"Publi\u00e9 le 31 juillet 2013","modified":"Mise \u00e0 jour le 24 janvier 2025"},"absolute_dates_time":{"created":"Publi\u00e9 le 31 juillet 2013 22h03","modified":"Mise \u00e0 jour le 24 janvier 2025 11h41"},"featured_img_caption":"","series_order":"","meta_box":[],"_links":{"self":[{"href":"https:\/\/www.creusonslabible.fr\/index.php?rest_route=\/wp\/v2\/posts\/1637","targetHints":{"allow":["GET"]}}],"collection":[{"href":"https:\/\/www.creusonslabible.fr\/index.php?rest_route=\/wp\/v2\/posts"}],"about":[{"href":"https:\/\/www.creusonslabible.fr\/index.php?rest_route=\/wp\/v2\/types\/post"}],"author":[{"embeddable":true,"href":"https:\/\/www.creusonslabible.fr\/index.php?rest_route=\/wp\/v2\/users\/4"}],"replies":[{"embeddable":true,"href":"https:\/\/www.creusonslabible.fr\/index.php?rest_route=%2Fwp%2Fv2%2Fcomments&post=1637"}],"version-history":[{"count":1,"href":"https:\/\/www.creusonslabible.fr\/index.php?rest_route=\/wp\/v2\/posts\/1637\/revisions"}],"predecessor-version":[{"id":10964,"href":"https:\/\/www.creusonslabible.fr\/index.php?rest_route=\/wp\/v2\/posts\/1637\/revisions\/10964"}],"wp:featuredmedia":[{"embeddable":true,"href":"https:\/\/www.creusonslabible.fr\/index.php?rest_route=\/wp\/v2\/media\/8699"}],"wp:attachment":[{"href":"https:\/\/www.creusonslabible.fr\/index.php?rest_route=%2Fwp%2Fv2%2Fmedia&parent=1637"}],"wp:term":[{"taxonomy":"category","embeddable":true,"href":"https:\/\/www.creusonslabible.fr\/index.php?rest_route=%2Fwp%2Fv2%2Fcategories&post=1637"},{"taxonomy":"post_tag","embeddable":true,"href":"https:\/\/www.creusonslabible.fr\/index.php?rest_route=%2Fwp%2Fv2%2Ftags&post=1637"},{"taxonomy":"video","embeddable":true,"href":"https:\/\/www.creusonslabible.fr\/index.php?rest_route=%2Fwp%2Fv2%2Fvideo&post=1637"},{"taxonomy":"audio","embeddable":true,"href":"https:\/\/www.creusonslabible.fr\/index.php?rest_route=%2Fwp%2Fv2%2Faudio&post=1637"},{"taxonomy":"ecrit","embeddable":true,"href":"https:\/\/www.creusonslabible.fr\/index.php?rest_route=%2Fwp%2Fv2%2Fecrit&post=1637"},{"taxonomy":"mis-en-avant","embeddable":true,"href":"https:\/\/www.creusonslabible.fr\/index.php?rest_route=%2Fwp%2Fv2%2Fmis-en-avant&post=1637"},{"taxonomy":"redacteur","embeddable":true,"href":"https:\/\/www.creusonslabible.fr\/index.php?rest_route=%2Fwp%2Fv2%2Fredacteur&post=1637"},{"taxonomy":"type-darticle","embeddable":true,"href":"https:\/\/www.creusonslabible.fr\/index.php?rest_route=%2Fwp%2Fv2%2Ftype-darticle&post=1637"}],"curies":[{"name":"wp","href":"https:\/\/api.w.org\/{rel}","templated":true}]}}