{"id":1681,"date":"2013-08-01T11:26:25","date_gmt":"2013-08-01T11:26:25","guid":{"rendered":"http:\/\/www.creusonslabible.fr\/?p=1681"},"modified":"2025-01-24T11:41:20","modified_gmt":"2025-01-24T09:41:20","slug":"luc-3-1-22-jean-baptiste-se-met-dans-le-bain","status":"publish","type":"post","link":"https:\/\/www.creusonslabible.fr\/?p=1681","title":{"rendered":"Luc 3.1-22 &#8211; Jean-Baptiste se met dans le bain"},"content":{"rendered":"<p><span style=\"text-decoration: underline;\"><span style=\"font-size: medium;\"><b>Le r\u00f4le et la personnalit\u00e9 de Jean<\/b><\/span><\/span><\/p>\n<ul>\n<li><span style=\"font-size: medium;\">D&rsquo;apr\u00e8s ce que nous avons d\u00e9j\u00e0 lu dans cet \u00e9vangile, la description de Jean vous surprend-elle ? <\/span><span style=\"font-size: medium;\"><i>Luc 1.<\/i><\/span><span style=\"font-size: medium;\"><i>16\u00a0Il ram\u00e8nera beaucoup d&rsquo;Isra\u00e9lites au Seigneur, leur Dieu. 17\u00a0Il accomplira sa mission sous le regard de Dieu, avec l&rsquo;esprit et la puissance d&rsquo;\u00c9lie, pour r\u00e9concilier les p\u00e8res avec leurs enfants, pour amener ceux qui sont d\u00e9sob\u00e9issants \u00e0 penser comme des hommes justes et former ainsi un peuple pr\u00eat pour le Seigneur.<\/i><\/span><\/li>\n<li><span style=\"font-size: medium;\">Quel est le r\u00f4le de Jean d&rsquo;apr\u00e8s \u00c9sa\u00efe 40.3-5 ? <\/span><span style=\"font-size: medium;\"><i>Un r\u00f4le de pr\u00e9paration de la venue du Seigneur, de redressement, de rehaussement, d&rsquo;abaissement et de niv\u00e8lement. \u00c9sa\u00efe dit cela dans une section appel\u00e9 \u00ab\u00a0le livre de la consolation\u00a0\u00bb qui vient apr\u00e8s une partie o\u00f9 Dieu \u00e9nonce des ch\u00e2timents contre le royaume de Juda qui \u00e9tait idol\u00e2tre. <\/i><\/span><\/li>\n<li><span style=\"font-size: medium;\">D&rsquo;apr\u00e8s ce passage, quelle est la personnalit\u00e9 de Jean ? Trouvez-vous cela normal ? <\/span><span style=\"font-size: medium;\"><i>Il ne fait pas de compromis, il parle franchement, avec autorit\u00e9. C&rsquo;est le bon caract\u00e8re pour remplis la mission qui est la sienne !<\/i><\/span><\/li>\n<li><span style=\"font-size: medium;\">Comment qualifieriez-vous son attitude face au comportement d&rsquo;H\u00e9rode ? <\/span><span style=\"font-size: medium;\"><i>C&rsquo;est une attitude courageuse, il est pr\u00eat \u00e0 assumer les cons\u00e9quences de sa fid\u00e9lit\u00e9 \u00e0 Dieu. <\/i><\/span><\/li>\n<li><span style=\"font-size: medium;\">D&rsquo;apr\u00e8s vous, est-il productif de se faire emprisonner quand on est un pr\u00e9dicateur ? <\/span><span style=\"font-size: medium;\"><i>1) Jean \u00e9tait conscient d&rsquo;\u00eatre l\u00e0 jusqu&rsquo;\u00e0 la venue de J\u00e9sus donc il passe le relais et 2) il pensait s\u00fbrement que J\u00e9sus allait le d\u00e9livrer ou bien cr\u00e9er un vrai changement politique en Isra\u00ebl (Luc 7.19-20)<\/i><\/span><\/li>\n<\/ul>\n<p>&nbsp;<\/p>\n<p><span style=\"text-decoration: underline;\"><span style=\"font-size: medium;\"><b>Le message de Jean<\/b><\/span><\/span><\/p>\n<ul>\n<li><span style=\"font-size: medium;\">Quel est le r\u00f4le du bapt\u00eame au v.3 ? <\/span><\/li>\n<li><span style=\"font-size: medium;\">Qui Jean attire-t-il ? <\/span><\/li>\n<li><span style=\"font-size: medium;\">Que demande Jean \u00e0 ses auditeurs ? (8-15)<\/span><\/li>\n<li><span style=\"font-size: medium;\">Jean pr\u00f4ne-t-il un salut par les bonnes \u0153uvres ? <\/span><\/li>\n<li><span style=\"font-size: medium;\">Quel jugement ces gens avaient-ils sur eux-m\u00eames ? <\/span><span style=\"font-size: medium;\"><i>v.8<\/i><\/span><\/li>\n<li><span style=\"font-size: medium;\">Quel jugement Jean leur oppose-t-il ?<\/span><span style=\"font-size: medium;\"><i>vv.9 et 17<\/i><\/span><\/li>\n<\/ul>\n<p>&nbsp;<\/p>\n<p><span style=\"text-decoration: underline;\"><span style=\"font-size: medium;\"><b>Celui qui vient apr\u00e8s Jean<\/b><\/span><\/span><\/p>\n<ul>\n<li><span style=\"font-size: medium;\">Quelle est la diff\u00e9rence entre Jean et J\u00e9sus ? <\/span><span style=\"font-size: medium;\"><i>J\u00e9sus est sup\u00e9rieur \u00e0 Jean, il est le Messie, il ne baptise pas d&rsquo;eau mais d&rsquo;Esprit Saint et il am\u00e8ne un jugement.<\/i><\/span><\/li>\n<li><span style=\"font-size: medium;\">Que veut dire baptiser dans l&rsquo;Esprit Saint et dans le feu ? <\/span><span style=\"font-size: medium;\"><i>Dans l&rsquo;Esprit se r\u00e9f\u00e8re \u00e0 la pentec\u00f4te et dans le feu d\u00e9crit le purification interne op\u00e9r\u00e9 par le St Esprit chez le chr\u00e9tien.<\/i><\/span><\/li>\n<li><span style=\"font-size: medium;\">Est-il dit que Jean baptise J\u00e9sus ? Pourquoi ? <\/span><span style=\"font-size: medium;\"><i>Parce que Luc veut maintenant laisser toute la place \u00e0 J\u00e9sus.<\/i><\/span><\/li>\n<li><span style=\"font-size: medium;\">Que veut dire cette manifestation lors du bapt\u00eame de J\u00e9sus ? <\/span><\/li>\n<li><span style=\"font-size: medium;\">Comment Jean et la foule ont-ils pu la comprendre ?<\/span><\/li>\n<\/ul>\n<p><span style=\"font-size: medium;\"><b>APPLICATION<\/b><\/span><\/p>\n<ul>\n<li><span style=\"font-size: medium;\">D&rsquo;apr\u00e8s vous, \u00ab\u00a0que devez-vous faire\u00a0\u00bb pour (plus) plaire \u00e0 Dieu dans le cadre de votre travail\/famille\/loisirs ? Portez-vous du fruit ?<\/span><\/li>\n<li><span style=\"font-size: medium;\">Pensez-vous parfois au jugement, au moment o\u00f9 vous vous retrouverez devant J\u00e9sus ? <\/span><\/li>\n<li><span style=\"font-size: medium;\">Nous n&rsquo;avons pas la m\u00eame mission que Jean&#8230; mais nous devons quand m\u00eame \u00eatre des t\u00e9moins du Seigneur ! Quelles concessions\/compromis faites-vous avec les non-chr\u00e9tiens qui vous entourent ?<\/span><\/li>\n<\/ul>\n<style class=\"advgb-styles-renderer\"><!--\nP { margin-bottom: 0.21cm; }\n--><\/style>\n","protected":false},"excerpt":{"rendered":"<p>Le r\u00f4le et la personnalit\u00e9 de Jean D&rsquo;apr\u00e8s ce que nous avons d\u00e9j\u00e0 lu dans cet \u00e9vangile, la description de Jean vous surprend-elle ? Luc 1.16\u00a0Il ram\u00e8nera beaucoup d&rsquo;Isra\u00e9lites au Seigneur, leur Dieu. 17\u00a0Il accomplira sa mission sous le regard de Dieu, avec l&rsquo;esprit et la puissance d&rsquo;\u00c9lie, pour r\u00e9concilier les p\u00e8res avec leurs enfants, [&hellip;]<\/p>\n","protected":false},"author":3,"featured_media":1682,"comment_status":"open","ping_status":"closed","sticky":false,"template":"","format":"standard","meta":{"_acf_changed":false,"_eb_attr":"","advgb_blocks_editor_width":"","advgb_blocks_columns_visual_guide":"","footnotes":""},"categories":[10,21],"tags":[209,651,486,416,22,264,23],"video":[],"audio":[],"ecrit":[],"mis-en-avant":[],"redacteur":[],"type-darticle":[],"class_list":["post-1681","post","type-post","status-publish","format-standard","has-post-thumbnail","hentry","category-discussions-autour-de-la-bible","category-la-bible","tag-bapteme","tag-ecrit","tag-jean-baptiste","tag-jugement","tag-luc","tag-messie","tag-nouveau-testament"],"blocksy_meta":[],"acf":[],"featured_image_src":"https:\/\/www.creusonslabible.fr\/wp-content\/uploads\/2013\/08\/JB-1.jpg","author_info":{"display_name":"Yoh","author_link":"https:\/\/www.creusonslabible.fr\/?author=3"},"author_meta":{"display_name":"Yoh","author_link":"https:\/\/www.creusonslabible.fr\/?author=3"},"featured_img":"https:\/\/www.creusonslabible.fr\/wp-content\/uploads\/2013\/08\/JB-1.jpg","coauthors":[],"tax_additional":{"categories":{"linked":["<a href=\"https:\/\/www.creusonslabible.fr\/?cat=10\" class=\"advgb-post-tax-term\">Discussions autour de la Bible<\/a>","<a href=\"https:\/\/www.creusonslabible.fr\/?cat=21\" class=\"advgb-post-tax-term\">La Bible<\/a>"],"unlinked":["<span class=\"advgb-post-tax-term\">Discussions autour de la Bible<\/span>","<span class=\"advgb-post-tax-term\">La Bible<\/span>"]},"tags":{"linked":["<a href=\"https:\/\/www.creusonslabible.fr\/?cat=21\" class=\"advgb-post-tax-term\">bapt\u00eame<\/a>","<a href=\"https:\/\/www.creusonslabible.fr\/?cat=21\" class=\"advgb-post-tax-term\">\u00e9crit<\/a>","<a href=\"https:\/\/www.creusonslabible.fr\/?cat=21\" class=\"advgb-post-tax-term\">Jean-Baptiste<\/a>","<a href=\"https:\/\/www.creusonslabible.fr\/?cat=21\" class=\"advgb-post-tax-term\">jugement<\/a>","<a href=\"https:\/\/www.creusonslabible.fr\/?cat=21\" class=\"advgb-post-tax-term\">Luc<\/a>","<a href=\"https:\/\/www.creusonslabible.fr\/?cat=21\" class=\"advgb-post-tax-term\">messie<\/a>","<a href=\"https:\/\/www.creusonslabible.fr\/?cat=21\" class=\"advgb-post-tax-term\">Nouveau-Testament<\/a>"],"unlinked":["<span class=\"advgb-post-tax-term\">bapt\u00eame<\/span>","<span class=\"advgb-post-tax-term\">\u00e9crit<\/span>","<span class=\"advgb-post-tax-term\">Jean-Baptiste<\/span>","<span class=\"advgb-post-tax-term\">jugement<\/span>","<span class=\"advgb-post-tax-term\">Luc<\/span>","<span class=\"advgb-post-tax-term\">messie<\/span>","<span class=\"advgb-post-tax-term\">Nouveau-Testament<\/span>"]}},"comment_count":"0","relative_dates":{"created":"Publi\u00e9 13 ans il y a","modified":"Mis \u00e0 jour 1 an il y a"},"absolute_dates":{"created":"Publi\u00e9 le 1 ao\u00fbt 2013","modified":"Mise \u00e0 jour le 24 janvier 2025"},"absolute_dates_time":{"created":"Publi\u00e9 le 1 ao\u00fbt 2013 11h26","modified":"Mise \u00e0 jour le 24 janvier 2025 11h41"},"featured_img_caption":"","series_order":"","meta_box":[],"_links":{"self":[{"href":"https:\/\/www.creusonslabible.fr\/index.php?rest_route=\/wp\/v2\/posts\/1681","targetHints":{"allow":["GET"]}}],"collection":[{"href":"https:\/\/www.creusonslabible.fr\/index.php?rest_route=\/wp\/v2\/posts"}],"about":[{"href":"https:\/\/www.creusonslabible.fr\/index.php?rest_route=\/wp\/v2\/types\/post"}],"author":[{"embeddable":true,"href":"https:\/\/www.creusonslabible.fr\/index.php?rest_route=\/wp\/v2\/users\/3"}],"replies":[{"embeddable":true,"href":"https:\/\/www.creusonslabible.fr\/index.php?rest_route=%2Fwp%2Fv2%2Fcomments&post=1681"}],"version-history":[{"count":1,"href":"https:\/\/www.creusonslabible.fr\/index.php?rest_route=\/wp\/v2\/posts\/1681\/revisions"}],"predecessor-version":[{"id":10957,"href":"https:\/\/www.creusonslabible.fr\/index.php?rest_route=\/wp\/v2\/posts\/1681\/revisions\/10957"}],"wp:featuredmedia":[{"embeddable":true,"href":"https:\/\/www.creusonslabible.fr\/index.php?rest_route=\/wp\/v2\/media\/1682"}],"wp:attachment":[{"href":"https:\/\/www.creusonslabible.fr\/index.php?rest_route=%2Fwp%2Fv2%2Fmedia&parent=1681"}],"wp:term":[{"taxonomy":"category","embeddable":true,"href":"https:\/\/www.creusonslabible.fr\/index.php?rest_route=%2Fwp%2Fv2%2Fcategories&post=1681"},{"taxonomy":"post_tag","embeddable":true,"href":"https:\/\/www.creusonslabible.fr\/index.php?rest_route=%2Fwp%2Fv2%2Ftags&post=1681"},{"taxonomy":"video","embeddable":true,"href":"https:\/\/www.creusonslabible.fr\/index.php?rest_route=%2Fwp%2Fv2%2Fvideo&post=1681"},{"taxonomy":"audio","embeddable":true,"href":"https:\/\/www.creusonslabible.fr\/index.php?rest_route=%2Fwp%2Fv2%2Faudio&post=1681"},{"taxonomy":"ecrit","embeddable":true,"href":"https:\/\/www.creusonslabible.fr\/index.php?rest_route=%2Fwp%2Fv2%2Fecrit&post=1681"},{"taxonomy":"mis-en-avant","embeddable":true,"href":"https:\/\/www.creusonslabible.fr\/index.php?rest_route=%2Fwp%2Fv2%2Fmis-en-avant&post=1681"},{"taxonomy":"redacteur","embeddable":true,"href":"https:\/\/www.creusonslabible.fr\/index.php?rest_route=%2Fwp%2Fv2%2Fredacteur&post=1681"},{"taxonomy":"type-darticle","embeddable":true,"href":"https:\/\/www.creusonslabible.fr\/index.php?rest_route=%2Fwp%2Fv2%2Ftype-darticle&post=1681"}],"curies":[{"name":"wp","href":"https:\/\/api.w.org\/{rel}","templated":true}]}}