{"id":1721,"date":"2013-08-01T14:08:51","date_gmt":"2013-08-01T14:08:51","guid":{"rendered":"http:\/\/www.creusonslabible.fr\/?p=1721"},"modified":"2025-01-24T11:41:20","modified_gmt":"2025-01-24T09:41:20","slug":"ez-28-1-19-lorgueil-carburant-des-perdants","status":"publish","type":"post","link":"https:\/\/www.creusonslabible.fr\/?p=1721","title":{"rendered":"\u00c9zechiel 28.1-19 &#8211; L&rsquo;orgueil : Carburant des perdants"},"content":{"rendered":"<h2 lang=\"fr-FR\" align=\"JUSTIFY\">INTRO<\/h2>\n<p lang=\"fr-FR\" align=\"JUSTIFY\">Bienvenue dans le livre du proph\u00e8te Ez\u00e9chiel, en direct de l&rsquo;exil en Babylonie au VI\u00e8me si\u00e8cle avant notre \u00e8re ! Le passage d&rsquo;aujoud&rsquo;hui se situe dans une partie du livre consacr\u00e9e aux proph\u00e9ties contre les nations pa\u00efennes, notamment contre le roi de Tyr. Les ph\u00e9niciens \u00e9taient les princes de commerce tant sur le plan de la production que du transport de marchandises pr\u00e9cieuses. Tyr poss\u00e9daient 2 ports ouverts sur le bassin m\u00e9dit\u00e9ran\u00e9en, l&rsquo;un sur le continent, l&rsquo;autre sur un il\u00f4t rocheux (Tyr signifie \u00ab\u00a0rocher\u00a0\u00bb). Les tyriens ont beaucoup particip\u00e9 \u00e0 la construction du temple de Salomon gr\u00e2ce \u00e0 leur savoir-faire et \u00e0 leur mat\u00e9riaux pr\u00e9cieux. Un autre exemple de relation entre Isra\u00ebl et Tyr : Le roi Achab \u00e9pousa la fille du roi de Tyr, une certaine J\u00e9sabel&#8230;<\/p>\n<h2 lang=\"fr-FR\" align=\"JUSTIFY\">OBSERVATION<\/h2>\n<ul>\n<li>\n<p lang=\"fr-FR\" align=\"JUSTIFY\">Comme vous avez pu le remarquer, ce passage comporte 2 grosses parties&#8230; Trouvez 2 sous-parties dans chacune de ces grosses parties.<\/p>\n<\/li>\n<li>\n<p lang=\"fr-FR\" align=\"JUSTIFY\">Comme vous l&rsquo;avez peut-\u00eatre vu, les 4 parties n&rsquo;ont pas l&rsquo;air d&rsquo;\u00eatre dans l&rsquo;ordre chronologique&#8230; Faites-le !<\/p>\n<\/li>\n<li>\n<p lang=\"fr-FR\" align=\"JUSTIFY\">Quels sont les qualit\u00e9s du roi de Tyr ? Quels sont ses privil\u00e8ges ?<\/p>\n<\/li>\n<li>\n<p lang=\"fr-FR\" align=\"JUSTIFY\">Quels sont les torts du roi de Tyr ?<\/p>\n<\/li>\n<li>\n<p lang=\"fr-FR\" align=\"JUSTIFY\">Quel est\/sera son ch\u00e2timent ?<\/p>\n<\/li>\n<\/ul>\n<h2 lang=\"fr-FR\" align=\"JUSTIFY\">INTERPRETATION<\/h2>\n<ul>\n<li>\n<p lang=\"fr-FR\" align=\"JUSTIFY\">Quel est la d\u00e9finition de l&rsquo;orgueil ?<\/p>\n<\/li>\n<li>\n<p lang=\"fr-FR\" align=\"JUSTIFY\">Pourquoi Dieu est-il vraiment tr\u00e8s hostile aux orgueilleux ?<\/p>\n<\/li>\n<li>\n<p lang=\"fr-FR\" align=\"JUSTIFY\">Quel est Sa solution pour les remettre \u00e0 leur place ?<\/p>\n<\/li>\n<li>\n<p lang=\"fr-FR\" align=\"JUSTIFY\">Les v.12-19 pourraient nous faire penser \u00e0 quelqu&rsquo;un d&rsquo;autre que le roi de Tyr&#8230; \u00e0 qui ? Pourquoi ?<\/p>\n<\/li>\n<\/ul>\n<p lang=\"fr-FR\" align=\"JUSTIFY\">(M\u00eame si l&rsquo;allusion a l&rsquo;air frappante, le fait que J\u00e9sus ou les ap\u00f4tres ne fassent pas r\u00e9f\u00e9rence \u00e0 ce passage pour qualifier Satan nous force \u00e0 la prudence&#8230; il se peut que l&rsquo;histoire de la d\u00e9ch\u00e9ance du diable soit d\u00e9crite dans ces lignes mais ce n&rsquo;est pas s\u00fbr !)<\/p>\n<ul>\n<li>\n<p lang=\"fr-FR\" align=\"JUSTIFY\">Pourquoi l&rsquo;orgueil pousse-t-il \u00e0 rejeter Dieu, \u00e0 lui \u00eatre rebelle ?<\/p>\n<\/li>\n<li>\n<p lang=\"fr-FR\" align=\"JUSTIFY\">Pourquoi cet aveuglement quant \u00e0 sa vrai valeur ?<\/p>\n<\/li>\n<li>\n<p lang=\"fr-FR\" align=\"JUSTIFY\">Citez d&rsquo;autres exemples bibliques de personnages qui ont \u00ab\u00a0perdu les p\u00e9dales\u00a0\u00bb.<\/p>\n<\/li>\n<\/ul>\n<h2 lang=\"fr-FR\" align=\"JUSTIFY\">MISE EN PRATIQUE<\/h2>\n<ul>\n<li>\n<p lang=\"fr-FR\" align=\"JUSTIFY\">Nietzsche (ath\u00e9 argneux) est mort fou, Jim Morrison (qui se prenait pour un Chamane) est mort dans sa baignoire une seringue dans le bras, John Lennon (ath\u00e9 libertin psych\u00e9d\u00e9lique) est mort assassin\u00e9, Renaud (ath\u00e9 anarchiste) est alcoolique et d\u00e9pressif&#8230; Pouvez-vous citer d&rsquo;autres rebelles charismatiques qu&rsquo;on a pu voir redescendre \u00e0 leur juste valeur ?<\/p>\n<\/li>\n<li>\n<p lang=\"fr-FR\" align=\"JUSTIFY\">Que penser de ceux, \u00e0 la t\u00e9l\u00e9 ou autour de nous qui se vantent de leur intelligence, de leurs capacit\u00e9s ou de leur beaut\u00e9 ?<\/p>\n<\/li>\n<li>\n<p lang=\"fr-FR\" align=\"JUSTIFY\">Comment faire pour avoir une juste vision de soi ?<\/p>\n<\/li>\n<\/ul>\n<p lang=\"fr-FR\" align=\"JUSTIFY\">La proph\u00e9tie d&rsquo;Ez\u00e9chiel s&rsquo;est accomplie puisqu&rsquo;apr\u00e8s un si\u00e8ge de 12 ans, Nabuchodonosor prit la ville. Aujourd&rsquo;hui, il ne reste plus rien de cette ville, rien n&rsquo;a \u00e9t\u00e9 reb\u00e2ti sur ses ruines depuis sa destruction lors des croisades.<\/p>\n<style class=\"advgb-styles-renderer\"><!--\nP { margin-bottom: 0.21cm; }\n--><\/style>\n","protected":false},"excerpt":{"rendered":"<p>INTRO Bienvenue dans le livre du proph\u00e8te Ez\u00e9chiel, en direct de l&rsquo;exil en Babylonie au VI\u00e8me si\u00e8cle avant notre \u00e8re ! Le passage d&rsquo;aujoud&rsquo;hui se situe dans une partie du livre consacr\u00e9e aux proph\u00e9ties contre les nations pa\u00efennes, notamment contre le roi de Tyr. Les ph\u00e9niciens \u00e9taient les princes de commerce tant sur le plan [&hellip;]<\/p>\n","protected":false},"author":3,"featured_media":8743,"comment_status":"open","ping_status":"closed","sticky":false,"template":"","format":"standard","meta":{"_acf_changed":false,"_eb_attr":"","advgb_blocks_editor_width":"","advgb_blocks_columns_visual_guide":"","footnotes":""},"categories":[10,21],"tags":[170,651,129,553,837],"video":[],"audio":[],"ecrit":[],"mis-en-avant":[],"redacteur":[],"type-darticle":[],"class_list":["post-1721","post","type-post","status-publish","format-standard","has-post-thumbnail","hentry","category-discussions-autour-de-la-bible","category-la-bible","tag-ancien-testament","tag-ecrit","tag-ezechiel","tag-orgueil","tag-tyr"],"blocksy_meta":[],"acf":[],"featured_image_src":"https:\/\/www.creusonslabible.fr\/wp-content\/uploads\/2013\/08\/laura-seaman-PsnkF30YFJg-unsplash-scaled-2.jpg","author_info":{"display_name":"Yoh","author_link":"https:\/\/www.creusonslabible.fr\/?author=3"},"author_meta":{"display_name":"Yoh","author_link":"https:\/\/www.creusonslabible.fr\/?author=3"},"featured_img":"https:\/\/www.creusonslabible.fr\/wp-content\/uploads\/2013\/08\/laura-seaman-PsnkF30YFJg-unsplash-scaled-2-300x200.jpg","coauthors":[],"tax_additional":{"categories":{"linked":["<a href=\"https:\/\/www.creusonslabible.fr\/?cat=10\" class=\"advgb-post-tax-term\">Discussions autour de la Bible<\/a>","<a href=\"https:\/\/www.creusonslabible.fr\/?cat=21\" class=\"advgb-post-tax-term\">La Bible<\/a>"],"unlinked":["<span class=\"advgb-post-tax-term\">Discussions autour de la Bible<\/span>","<span class=\"advgb-post-tax-term\">La Bible<\/span>"]},"tags":{"linked":["<a href=\"https:\/\/www.creusonslabible.fr\/?cat=21\" class=\"advgb-post-tax-term\">Ancien-Testament<\/a>","<a href=\"https:\/\/www.creusonslabible.fr\/?cat=21\" class=\"advgb-post-tax-term\">\u00e9crit<\/a>","<a href=\"https:\/\/www.creusonslabible.fr\/?cat=21\" class=\"advgb-post-tax-term\">\u00c9zechiel<\/a>","<a href=\"https:\/\/www.creusonslabible.fr\/?cat=21\" class=\"advgb-post-tax-term\">orgueil<\/a>","<a href=\"https:\/\/www.creusonslabible.fr\/?cat=21\" class=\"advgb-post-tax-term\">tyr<\/a>"],"unlinked":["<span class=\"advgb-post-tax-term\">Ancien-Testament<\/span>","<span class=\"advgb-post-tax-term\">\u00e9crit<\/span>","<span class=\"advgb-post-tax-term\">\u00c9zechiel<\/span>","<span class=\"advgb-post-tax-term\">orgueil<\/span>","<span class=\"advgb-post-tax-term\">tyr<\/span>"]}},"comment_count":"0","relative_dates":{"created":"Publi\u00e9 13 ans il y a","modified":"Mis \u00e0 jour 1 an il y a"},"absolute_dates":{"created":"Publi\u00e9 le 1 ao\u00fbt 2013","modified":"Mise \u00e0 jour le 24 janvier 2025"},"absolute_dates_time":{"created":"Publi\u00e9 le 1 ao\u00fbt 2013 14h08","modified":"Mise \u00e0 jour le 24 janvier 2025 11h41"},"featured_img_caption":"","series_order":"","meta_box":[],"_links":{"self":[{"href":"https:\/\/www.creusonslabible.fr\/index.php?rest_route=\/wp\/v2\/posts\/1721","targetHints":{"allow":["GET"]}}],"collection":[{"href":"https:\/\/www.creusonslabible.fr\/index.php?rest_route=\/wp\/v2\/posts"}],"about":[{"href":"https:\/\/www.creusonslabible.fr\/index.php?rest_route=\/wp\/v2\/types\/post"}],"author":[{"embeddable":true,"href":"https:\/\/www.creusonslabible.fr\/index.php?rest_route=\/wp\/v2\/users\/3"}],"replies":[{"embeddable":true,"href":"https:\/\/www.creusonslabible.fr\/index.php?rest_route=%2Fwp%2Fv2%2Fcomments&post=1721"}],"version-history":[{"count":1,"href":"https:\/\/www.creusonslabible.fr\/index.php?rest_route=\/wp\/v2\/posts\/1721\/revisions"}],"predecessor-version":[{"id":10953,"href":"https:\/\/www.creusonslabible.fr\/index.php?rest_route=\/wp\/v2\/posts\/1721\/revisions\/10953"}],"wp:featuredmedia":[{"embeddable":true,"href":"https:\/\/www.creusonslabible.fr\/index.php?rest_route=\/wp\/v2\/media\/8743"}],"wp:attachment":[{"href":"https:\/\/www.creusonslabible.fr\/index.php?rest_route=%2Fwp%2Fv2%2Fmedia&parent=1721"}],"wp:term":[{"taxonomy":"category","embeddable":true,"href":"https:\/\/www.creusonslabible.fr\/index.php?rest_route=%2Fwp%2Fv2%2Fcategories&post=1721"},{"taxonomy":"post_tag","embeddable":true,"href":"https:\/\/www.creusonslabible.fr\/index.php?rest_route=%2Fwp%2Fv2%2Ftags&post=1721"},{"taxonomy":"video","embeddable":true,"href":"https:\/\/www.creusonslabible.fr\/index.php?rest_route=%2Fwp%2Fv2%2Fvideo&post=1721"},{"taxonomy":"audio","embeddable":true,"href":"https:\/\/www.creusonslabible.fr\/index.php?rest_route=%2Fwp%2Fv2%2Faudio&post=1721"},{"taxonomy":"ecrit","embeddable":true,"href":"https:\/\/www.creusonslabible.fr\/index.php?rest_route=%2Fwp%2Fv2%2Fecrit&post=1721"},{"taxonomy":"mis-en-avant","embeddable":true,"href":"https:\/\/www.creusonslabible.fr\/index.php?rest_route=%2Fwp%2Fv2%2Fmis-en-avant&post=1721"},{"taxonomy":"redacteur","embeddable":true,"href":"https:\/\/www.creusonslabible.fr\/index.php?rest_route=%2Fwp%2Fv2%2Fredacteur&post=1721"},{"taxonomy":"type-darticle","embeddable":true,"href":"https:\/\/www.creusonslabible.fr\/index.php?rest_route=%2Fwp%2Fv2%2Ftype-darticle&post=1721"}],"curies":[{"name":"wp","href":"https:\/\/api.w.org\/{rel}","templated":true}]}}