{"id":1741,"date":"2013-08-01T14:37:20","date_gmt":"2013-08-01T14:37:20","guid":{"rendered":"http:\/\/www.creusonslabible.fr\/?p=1741"},"modified":"2025-01-24T11:41:19","modified_gmt":"2025-01-24T09:41:19","slug":"genese-34-circoncision-mortelle","status":"publish","type":"post","link":"https:\/\/www.creusonslabible.fr\/?p=1741","title":{"rendered":"Gen\u00e8se 34 &#8211; Circoncision mortelle"},"content":{"rendered":"<p lang=\"fr-FR\" align=\"LEFT\"><span style=\"color: #800000;\"><span style=\"font-size: small;\">Nous sommes \u00e0 une \u00e9poque tr\u00e8s ancienne, 450 ans avant Mo\u00efse. Bien s\u00fbr le peuple d&rsquo;Isra\u00ebl n&rsquo;est encore qu&rsquo;une famille \u00e9largie et il n&rsquo;y a pas encore de loi m\u00eame s&rsquo;il y a d\u00e9j\u00e0 une alliance entre Dieu et Abraham. Rappelons juste que la famille d&rsquo;Abraham habite en Canaan mais n&rsquo;en est pas du tout originaire : Abraham habitait au sud de l&rsquo;Irak avant d&rsquo;immigrer. Son petit-fils Jacob est comme lui un berger nomade.<\/span><\/span><\/p>\n<p lang=\"fr-FR\">\n<p lang=\"fr-FR\"><span style=\"text-decoration: underline;\"><strong><span style=\"color: #800000;\"><span style=\"font-size: small;\">Gn 34:1-3 : Viol<\/span><\/span><\/strong><\/span><\/p>\n<ul>\n<li>\n<p lang=\"fr-FR\"><span style=\"color: #800000;\"><span style=\"font-size: small;\">Quel est le probl\u00e8me ?<\/span><\/span><\/p>\n<\/li>\n<li>\n<p lang=\"fr-FR\"><span style=\"color: #800000;\"><span style=\"font-size: small;\">Qui est Sichem ?<\/span><\/span><\/p>\n<\/li>\n<li>\n<p lang=\"fr-FR\"><span style=\"color: #800000;\"><span style=\"font-size: small;\">D&rsquo;apr\u00e8s vous, l&rsquo;amour est-il r\u00e9ciproque ?<\/span><\/span><\/p>\n<\/li>\n<\/ul>\n<p lang=\"fr-FR\">\n<p lang=\"fr-FR\"><span style=\"text-decoration: underline;\"><span style=\"color: #800000;\"><span style=\"font-size: small;\"><strong>34:4-12<\/strong> <\/span><\/span><\/span><\/p>\n<ul>\n<li>\n<p lang=\"fr-FR\"><span style=\"color: #800000;\"><span style=\"font-size: small;\">Que propose Hamor ?<\/span><\/span><\/p>\n<\/li>\n<li>\n<p lang=\"fr-FR\"><span style=\"color: #800000;\"><span style=\"font-size: small;\">Est-ce honn\u00eate et g\u00e9n\u00e9reux ?<\/span><\/span><\/p>\n<\/li>\n<li>\n<p lang=\"fr-FR\"><span style=\"color: #800000;\"><span style=\"font-size: small;\">Quels sont les sentiments de Sichem ?<\/span><\/span><\/p>\n<\/li>\n<li>\n<p lang=\"fr-FR\"><span style=\"color: #800000;\"><span style=\"font-size: small;\">Quels sont les sentiments des fils de Jacob ?<\/span><\/span><\/p>\n<\/li>\n<\/ul>\n<p lang=\"fr-FR\">\n<p lang=\"fr-FR\"><span style=\"text-decoration: underline;\"><span style=\"color: #800000;\"><span style=\"font-size: small;\"><strong>34:13-24 : Coupez !<\/strong> <\/span><\/span><\/span><\/p>\n<ul>\n<li>\n<p lang=\"fr-FR\"><span style=\"color: #800000;\"><span style=\"font-size: small;\">Pourquoi les fils de Jacob \u00e9taient-ils circoncis ? Que signifie la circoncision ? <i>L&rsquo;alliance avec Dieu<\/i><\/span><\/span><\/p>\n<\/li>\n<li>\n<p lang=\"fr-FR\"><span style=\"color: #800000;\"><span style=\"font-size: small;\">Pourquoi ce stratag\u00e8me ?<\/span><\/span><\/p>\n<\/li>\n<li>\n<p lang=\"fr-FR\"><span style=\"color: #800000;\"><span style=\"font-size: small;\">D&rsquo;apr\u00e8s vous, combien d&rsquo;Hommes se sont faits circoncire ?<\/span><\/span><\/p>\n<\/li>\n<li>\n<p lang=\"fr-FR\"><span style=\"color: #800000;\"><span style=\"font-size: small;\">Quels sont les arguments de Hamor pour les persuader de faire \u00e7a ?<\/span><\/span><\/p>\n<\/li>\n<\/ul>\n<p lang=\"fr-FR\">\n<p lang=\"fr-FR\"><span style=\"text-decoration: underline;\"><span style=\"color: #800000;\"><span style=\"font-size: small;\"><strong>34:25-31 : Vengeance !<\/strong> <\/span><\/span><\/span><\/p>\n<ul>\n<li>\n<p lang=\"fr-FR\"><span style=\"color: #800000;\"><span style=\"font-size: small;\">Pourquoi sont-ils tous souffrants ?<\/span><\/span><\/p>\n<\/li>\n<li>\n<p lang=\"fr-FR\"><span style=\"color: #800000;\"><span style=\"font-size: small;\">Qui participe \u00e0 la vengeance ? (pi\u00e8ge : au d\u00e9but ce sont Sim\u00e9on et L\u00e9vi mais \u00e0 partir du v.27, ce sont tous les fils)<\/span><\/span><\/p>\n<\/li>\n<li>\n<p lang=\"fr-FR\"><span style=\"color: #800000;\"><span style=\"font-size: small;\">Pourquoi Sim\u00e9on et L\u00e9vi sont-ils les plus motiv\u00e9s ?<\/span><\/span><\/p>\n<\/li>\n<li>\n<p lang=\"fr-FR\"><span style=\"color: #800000;\"><span style=\"font-size: small;\">Que pensez-vous de l&rsquo;acte des fils de Jacob ?<\/span><\/span><\/p>\n<\/li>\n<li>\n<p lang=\"fr-FR\"><span style=\"color: #800000;\"><span style=\"font-size: small;\">Que pense Jacob de tout \u00e7a ?<\/span><\/span><\/p>\n<\/li>\n<\/ul>\n<p lang=\"fr-FR\">\n<p lang=\"fr-FR\"><strong><span style=\"color: #800000;\"><span style=\"font-size: small;\">INTERPR\u00c9TATION G\u00c9N\u00c9RALE<\/span><\/span><\/strong><\/p>\n<ul>\n<li>\n<p lang=\"fr-FR\"><span style=\"color: #800000;\"><span style=\"font-size: small;\">Que pensez-vous de ce passage ? <\/span><\/span><\/p>\n<\/li>\n<li>\n<p lang=\"fr-FR\"><span style=\"color: #800000;\"><span style=\"font-size: small;\">Si \u00ab\u00a0la maison\u00a0\u00bb de Jacob s&rsquo;\u00e9tait m\u00e9lang\u00e9e avec les canan\u00e9en, que ce serait-il pass\u00e9 ?<em> plus de peuple \u00e9lu car infid\u00e9lit\u00e9 !<\/em><\/span><\/span><\/p>\n<\/li>\n<li>\n<p lang=\"fr-FR\"><span style=\"color: #800000;\"><span style=\"font-size: small;\">Quelle est la diff\u00e9rence entre la vengeance et la justice ? Dans ce passage, c&rsquo;est de la vengeance ou de la justice ?<\/span><\/span><\/p>\n<\/li>\n<\/ul>\n<p lang=\"fr-FR\">\n<p lang=\"fr-FR\"><strong><span style=\"color: #800000;\"><span style=\"font-size: small;\">APPLICATION<\/span><\/span><\/strong><\/p>\n<ul>\n<li>\n<p lang=\"fr-FR\"><span style=\"color: #800000;\"><span style=\"font-size: small;\">Vous est-il arriv\u00e9 de vous venger ? Quelles ont \u00e9t\u00e9 les cons\u00e9quences ?<\/span><\/span><\/p>\n<\/li>\n<li>\n<p lang=\"fr-FR\"><span style=\"color: #800000;\"><span style=\"font-size: small;\">Quelle est la diff\u00e9rence entre l&rsquo;\u00e9poque des patriarches et la n\u00f4tre en ce qui concerne la justice ?<\/span><\/span><\/p>\n<\/li>\n<\/ul>\n<p lang=\"fr-FR\">\n<style class=\"advgb-styles-renderer\"><!--\nP { margin-bottom: 0.21cm; }\n--><\/style>\n","protected":false},"excerpt":{"rendered":"<p>Nous sommes \u00e0 une \u00e9poque tr\u00e8s ancienne, 450 ans avant Mo\u00efse. Bien s\u00fbr le peuple d&rsquo;Isra\u00ebl n&rsquo;est encore qu&rsquo;une famille \u00e9largie et il n&rsquo;y a pas encore de loi m\u00eame s&rsquo;il y a d\u00e9j\u00e0 une alliance entre Dieu et Abraham. Rappelons juste que la famille d&rsquo;Abraham habite en Canaan mais n&rsquo;en est pas du tout [&hellip;]<\/p>\n","protected":false},"author":3,"featured_media":1754,"comment_status":"open","ping_status":"closed","sticky":false,"template":"","format":"standard","meta":{"_acf_changed":false,"_eb_attr":"","advgb_blocks_editor_width":"","advgb_blocks_columns_visual_guide":"","footnotes":""},"categories":[10,21],"tags":[170,404,651,284,583,838],"video":[],"audio":[],"ecrit":[],"mis-en-avant":[],"redacteur":[],"type-darticle":[],"class_list":["post-1741","post","type-post","status-publish","format-standard","has-post-thumbnail","hentry","category-discussions-autour-de-la-bible","category-la-bible","tag-ancien-testament","tag-circoncision","tag-ecrit","tag-genese","tag-justice","tag-vengeance"],"blocksy_meta":[],"acf":[],"featured_image_src":"https:\/\/www.creusonslabible.fr\/wp-content\/uploads\/2013\/08\/circoncision-1.jpg","author_info":{"display_name":"Yoh","author_link":"https:\/\/www.creusonslabible.fr\/?author=3"},"author_meta":{"display_name":"Yoh","author_link":"https:\/\/www.creusonslabible.fr\/?author=3"},"featured_img":"https:\/\/www.creusonslabible.fr\/wp-content\/uploads\/2013\/08\/circoncision-1.jpg","coauthors":[],"tax_additional":{"categories":{"linked":["<a href=\"https:\/\/www.creusonslabible.fr\/?cat=10\" class=\"advgb-post-tax-term\">Discussions autour de la Bible<\/a>","<a href=\"https:\/\/www.creusonslabible.fr\/?cat=21\" class=\"advgb-post-tax-term\">La Bible<\/a>"],"unlinked":["<span class=\"advgb-post-tax-term\">Discussions autour de la Bible<\/span>","<span class=\"advgb-post-tax-term\">La Bible<\/span>"]},"tags":{"linked":["<a href=\"https:\/\/www.creusonslabible.fr\/?cat=21\" class=\"advgb-post-tax-term\">Ancien-Testament<\/a>","<a href=\"https:\/\/www.creusonslabible.fr\/?cat=21\" class=\"advgb-post-tax-term\">circoncision<\/a>","<a href=\"https:\/\/www.creusonslabible.fr\/?cat=21\" class=\"advgb-post-tax-term\">\u00e9crit<\/a>","<a href=\"https:\/\/www.creusonslabible.fr\/?cat=21\" class=\"advgb-post-tax-term\">gen\u00e8se<\/a>","<a href=\"https:\/\/www.creusonslabible.fr\/?cat=21\" class=\"advgb-post-tax-term\">justice<\/a>","<a href=\"https:\/\/www.creusonslabible.fr\/?cat=21\" class=\"advgb-post-tax-term\">vengeance<\/a>"],"unlinked":["<span class=\"advgb-post-tax-term\">Ancien-Testament<\/span>","<span class=\"advgb-post-tax-term\">circoncision<\/span>","<span class=\"advgb-post-tax-term\">\u00e9crit<\/span>","<span class=\"advgb-post-tax-term\">gen\u00e8se<\/span>","<span class=\"advgb-post-tax-term\">justice<\/span>","<span class=\"advgb-post-tax-term\">vengeance<\/span>"]}},"comment_count":"0","relative_dates":{"created":"Publi\u00e9 13 ans il y a","modified":"Mis \u00e0 jour 1 an il y a"},"absolute_dates":{"created":"Publi\u00e9 le 1 ao\u00fbt 2013","modified":"Mise \u00e0 jour le 24 janvier 2025"},"absolute_dates_time":{"created":"Publi\u00e9 le 1 ao\u00fbt 2013 14h37","modified":"Mise \u00e0 jour le 24 janvier 2025 11h41"},"featured_img_caption":"","series_order":"","meta_box":[],"_links":{"self":[{"href":"https:\/\/www.creusonslabible.fr\/index.php?rest_route=\/wp\/v2\/posts\/1741","targetHints":{"allow":["GET"]}}],"collection":[{"href":"https:\/\/www.creusonslabible.fr\/index.php?rest_route=\/wp\/v2\/posts"}],"about":[{"href":"https:\/\/www.creusonslabible.fr\/index.php?rest_route=\/wp\/v2\/types\/post"}],"author":[{"embeddable":true,"href":"https:\/\/www.creusonslabible.fr\/index.php?rest_route=\/wp\/v2\/users\/3"}],"replies":[{"embeddable":true,"href":"https:\/\/www.creusonslabible.fr\/index.php?rest_route=%2Fwp%2Fv2%2Fcomments&post=1741"}],"version-history":[{"count":1,"href":"https:\/\/www.creusonslabible.fr\/index.php?rest_route=\/wp\/v2\/posts\/1741\/revisions"}],"predecessor-version":[{"id":10952,"href":"https:\/\/www.creusonslabible.fr\/index.php?rest_route=\/wp\/v2\/posts\/1741\/revisions\/10952"}],"wp:featuredmedia":[{"embeddable":true,"href":"https:\/\/www.creusonslabible.fr\/index.php?rest_route=\/wp\/v2\/media\/1754"}],"wp:attachment":[{"href":"https:\/\/www.creusonslabible.fr\/index.php?rest_route=%2Fwp%2Fv2%2Fmedia&parent=1741"}],"wp:term":[{"taxonomy":"category","embeddable":true,"href":"https:\/\/www.creusonslabible.fr\/index.php?rest_route=%2Fwp%2Fv2%2Fcategories&post=1741"},{"taxonomy":"post_tag","embeddable":true,"href":"https:\/\/www.creusonslabible.fr\/index.php?rest_route=%2Fwp%2Fv2%2Ftags&post=1741"},{"taxonomy":"video","embeddable":true,"href":"https:\/\/www.creusonslabible.fr\/index.php?rest_route=%2Fwp%2Fv2%2Fvideo&post=1741"},{"taxonomy":"audio","embeddable":true,"href":"https:\/\/www.creusonslabible.fr\/index.php?rest_route=%2Fwp%2Fv2%2Faudio&post=1741"},{"taxonomy":"ecrit","embeddable":true,"href":"https:\/\/www.creusonslabible.fr\/index.php?rest_route=%2Fwp%2Fv2%2Fecrit&post=1741"},{"taxonomy":"mis-en-avant","embeddable":true,"href":"https:\/\/www.creusonslabible.fr\/index.php?rest_route=%2Fwp%2Fv2%2Fmis-en-avant&post=1741"},{"taxonomy":"redacteur","embeddable":true,"href":"https:\/\/www.creusonslabible.fr\/index.php?rest_route=%2Fwp%2Fv2%2Fredacteur&post=1741"},{"taxonomy":"type-darticle","embeddable":true,"href":"https:\/\/www.creusonslabible.fr\/index.php?rest_route=%2Fwp%2Fv2%2Ftype-darticle&post=1741"}],"curies":[{"name":"wp","href":"https:\/\/api.w.org\/{rel}","templated":true}]}}