{"id":176,"date":"2012-07-05T22:19:55","date_gmt":"2012-07-05T22:19:55","guid":{"rendered":"http:\/\/elearning.gbu.fr\/?p=176"},"modified":"2025-01-24T11:23:54","modified_gmt":"2025-01-24T09:23:54","slug":"amos-8","status":"publish","type":"post","link":"https:\/\/www.creusonslabible.fr\/?p=176","title":{"rendered":"Amos 8 &#8211; Le jugement contre ceux qui exploitent les pauvres"},"content":{"rendered":"<p><!--more--><\/p>\n<h2>Observation<\/h2>\n<ol>\n<li>Qui parle le plus dans ce texte ?<\/li>\n<li>Qu&rsquo;est ce que Dieu reproche au peuple d&rsquo;Isra\u00ebl ? Quelle est la principale raison de la col\u00e8re de l&rsquo;\u00c9ternel?<\/li>\n<li>Le peuple a-t-il tenu compte des avertissements du Seigneur ?<\/li>\n<li>\u00c9num\u00e9rer les catastrophes naturelles cons\u00e9cutives \u00e0 la d\u00e9sob\u00e9issance du peuple. Les comparer \u00e0 celles annonc\u00e9es par J\u00e9sus en Matthieu 24.7 et 29; 27.45 ainsi qu&rsquo;en Jean 7.34.<\/li>\n<li>\u00c9num\u00e9rer les autres fl\u00e9aux dont le peuple va \u00eatre atteint.<\/li>\n<li>Comment comprenez-vous la m\u00e9taphore de la corbeille de fruits ?<\/li>\n<li>Quelles sont les cons\u00e9quences spirituelles li\u00e9es \u00e0 la d\u00e9sob\u00e9issance du peuple ?<\/li>\n<\/ol>\n<h2>Compr\u00e9hension<\/h2>\n<ol>\n<li>Dans quel cadre socio-\u00e9conomique J\u00e9sus a-t-il v\u00e9cu ? Pensez-vous qu&rsquo;il faille \u00eatre pauvre pour avoir l&rsquo;approbation divine ? Le fait de vivre dans des conditions modestes dispense-t-il de rester vigilant ?<\/li>\n<li>Compar\u00e9e aux deux premi\u00e8res visions (ch 7 v.1 \u00e0 6) la quatri\u00e8me vision s&rsquo;est-elle r\u00e9alis\u00e9e selon vous et ce que vous connaissez de la Bible ?\n<ol>\n<li>Si oui : Est-ce avant la venue de J\u00e9sus ? Apr\u00e8s sa venue ?<\/li>\n<li>Sinon, pensez-vous qu&rsquo;elle se r\u00e9alisera ?<\/li>\n<\/ol>\n<\/li>\n<li><em>\u00ab\u00a0d\u00e9sormais je ne lui pardonnerai plus\u00a0\u00bb<\/em> tir\u00e9 de 8.2 est-il en contradiction avec 1 Jean 1.9 ?<\/li>\n<\/ol>\n<h2>Application<\/h2>\n<ul>\n<li>Comment peut-on faire en sorte que cette sentence ne nous concerne pas ?<\/li>\n<\/ul>\n","protected":false},"excerpt":{"rendered":"","protected":false},"author":2,"featured_media":8750,"comment_status":"open","ping_status":"open","sticky":false,"template":"","format":"standard","meta":{"_acf_changed":false,"_eb_attr":"","advgb_blocks_editor_width":"","advgb_blocks_columns_visual_guide":"","footnotes":""},"categories":[10],"tags":[439,170,651,754],"video":[],"audio":[],"ecrit":[],"mis-en-avant":[],"redacteur":[],"type-darticle":[],"class_list":["post-176","post","type-post","status-publish","format-standard","has-post-thumbnail","hentry","category-discussions-autour-de-la-bible","tag-amos","tag-ancien-testament","tag-ecrit","tag-punitions"],"blocksy_meta":[],"acf":[],"featured_image_src":"https:\/\/www.creusonslabible.fr\/wp-content\/uploads\/2012\/07\/glen-carrie-oRavIk04N10-unsplash-scaled-e1676641118602-1.jpg","author_info":{"display_name":"caillou","author_link":"https:\/\/www.creusonslabible.fr\/?author=2"},"author_meta":{"display_name":"caillou","author_link":"https:\/\/www.creusonslabible.fr\/?author=2"},"featured_img":"https:\/\/www.creusonslabible.fr\/wp-content\/uploads\/2012\/07\/glen-carrie-oRavIk04N10-unsplash-scaled-e1676641118602-1-300x164.jpg","coauthors":[],"tax_additional":{"categories":{"linked":["<a href=\"https:\/\/www.creusonslabible.fr\/?cat=10\" class=\"advgb-post-tax-term\">Discussions autour de la Bible<\/a>"],"unlinked":["<span class=\"advgb-post-tax-term\">Discussions autour de la Bible<\/span>"]},"tags":{"linked":["<a href=\"https:\/\/www.creusonslabible.fr\/?cat=10\" class=\"advgb-post-tax-term\">Amos<\/a>","<a href=\"https:\/\/www.creusonslabible.fr\/?cat=10\" class=\"advgb-post-tax-term\">Ancien-Testament<\/a>","<a href=\"https:\/\/www.creusonslabible.fr\/?cat=10\" class=\"advgb-post-tax-term\">\u00e9crit<\/a>","<a href=\"https:\/\/www.creusonslabible.fr\/?cat=10\" class=\"advgb-post-tax-term\">punitions<\/a>"],"unlinked":["<span class=\"advgb-post-tax-term\">Amos<\/span>","<span class=\"advgb-post-tax-term\">Ancien-Testament<\/span>","<span class=\"advgb-post-tax-term\">\u00e9crit<\/span>","<span class=\"advgb-post-tax-term\">punitions<\/span>"]}},"comment_count":"0","relative_dates":{"created":"Publi\u00e9 14 ans il y a","modified":"Mis \u00e0 jour 1 an il y a"},"absolute_dates":{"created":"Publi\u00e9 le 5 juillet 2012","modified":"Mise \u00e0 jour le 24 janvier 2025"},"absolute_dates_time":{"created":"Publi\u00e9 le 5 juillet 2012 22h19","modified":"Mise \u00e0 jour le 24 janvier 2025 11h23"},"featured_img_caption":"","series_order":"","meta_box":[],"_links":{"self":[{"href":"https:\/\/www.creusonslabible.fr\/index.php?rest_route=\/wp\/v2\/posts\/176","targetHints":{"allow":["GET"]}}],"collection":[{"href":"https:\/\/www.creusonslabible.fr\/index.php?rest_route=\/wp\/v2\/posts"}],"about":[{"href":"https:\/\/www.creusonslabible.fr\/index.php?rest_route=\/wp\/v2\/types\/post"}],"author":[{"embeddable":true,"href":"https:\/\/www.creusonslabible.fr\/index.php?rest_route=\/wp\/v2\/users\/2"}],"replies":[{"embeddable":true,"href":"https:\/\/www.creusonslabible.fr\/index.php?rest_route=%2Fwp%2Fv2%2Fcomments&post=176"}],"version-history":[{"count":1,"href":"https:\/\/www.creusonslabible.fr\/index.php?rest_route=\/wp\/v2\/posts\/176\/revisions"}],"predecessor-version":[{"id":10851,"href":"https:\/\/www.creusonslabible.fr\/index.php?rest_route=\/wp\/v2\/posts\/176\/revisions\/10851"}],"wp:featuredmedia":[{"embeddable":true,"href":"https:\/\/www.creusonslabible.fr\/index.php?rest_route=\/wp\/v2\/media\/8750"}],"wp:attachment":[{"href":"https:\/\/www.creusonslabible.fr\/index.php?rest_route=%2Fwp%2Fv2%2Fmedia&parent=176"}],"wp:term":[{"taxonomy":"category","embeddable":true,"href":"https:\/\/www.creusonslabible.fr\/index.php?rest_route=%2Fwp%2Fv2%2Fcategories&post=176"},{"taxonomy":"post_tag","embeddable":true,"href":"https:\/\/www.creusonslabible.fr\/index.php?rest_route=%2Fwp%2Fv2%2Ftags&post=176"},{"taxonomy":"video","embeddable":true,"href":"https:\/\/www.creusonslabible.fr\/index.php?rest_route=%2Fwp%2Fv2%2Fvideo&post=176"},{"taxonomy":"audio","embeddable":true,"href":"https:\/\/www.creusonslabible.fr\/index.php?rest_route=%2Fwp%2Fv2%2Faudio&post=176"},{"taxonomy":"ecrit","embeddable":true,"href":"https:\/\/www.creusonslabible.fr\/index.php?rest_route=%2Fwp%2Fv2%2Fecrit&post=176"},{"taxonomy":"mis-en-avant","embeddable":true,"href":"https:\/\/www.creusonslabible.fr\/index.php?rest_route=%2Fwp%2Fv2%2Fmis-en-avant&post=176"},{"taxonomy":"redacteur","embeddable":true,"href":"https:\/\/www.creusonslabible.fr\/index.php?rest_route=%2Fwp%2Fv2%2Fredacteur&post=176"},{"taxonomy":"type-darticle","embeddable":true,"href":"https:\/\/www.creusonslabible.fr\/index.php?rest_route=%2Fwp%2Fv2%2Ftype-darticle&post=176"}],"curies":[{"name":"wp","href":"https:\/\/api.w.org\/{rel}","templated":true}]}}