{"id":1884,"date":"2013-08-01T17:34:22","date_gmt":"2013-08-01T17:34:22","guid":{"rendered":"http:\/\/www.creusonslabible.fr\/?p=1884"},"modified":"2025-01-24T11:42:03","modified_gmt":"2025-01-24T09:42:03","slug":"esaie-3-et-4-une-pousse-dans-le-fumier","status":"publish","type":"post","link":"https:\/\/www.creusonslabible.fr\/?p=1884","title":{"rendered":"Esa\u00efe 4.2-6 &#8211; Une pousse dans le fumier"},"content":{"rendered":"<p><strong>Note pour l\u2019animateur :<\/strong>\u00a0Il est recommand\u00e9 \u00e0 l\u2019animateur de lire l\u2019introduction au livre d&rsquo;Esa\u00efe <a href=\"http:\/\/www.creusonslabible.fr\/?p=372\" target=\"_blank\" rel=\"noopener\">ici<\/a><\/p>\n<p>&nbsp;<\/p>\n<p><strong>Id\u00e9e principale\u00a0:<\/strong> Avec l\u2019image du germe, l\u2019Eternel apporte l\u2019espoir d\u2019un avenir glorieux dans sa pr\u00e9sence s\u00e9curisante, qui sera pour tous les rescap\u00e9s de son jugement.<\/p>\n<p><strong>Question d\u2019accroche<\/strong>\u00a0: Selon vous, quelle serait la solution face au mal de ce monde\u00a0?<\/p>\n<p><strong>Contexte\u00a0: <\/strong>Juda (le royaume juif du Sud d\u2019Isra\u00ebl) est menac\u00e9 par les royaumes voisins. Par la suite, J\u00e9rusalem, la capitale de Juda, sera assi\u00e9g\u00e9e et les habitants de Juda seront exil\u00e9s.<\/p>\n<p><strong>R\u00e9sum\u00e9 d\u2019Esa\u00efe 3.1-4.1 (pour le contexte)<\/strong>\u00a0:<\/p>\n<p><em>Si \u00e9tudi\u00e9 la semaine pr\u00e9c\u00e9dente, on peut demander \u00e0 ceux qui \u00e9taient pr\u00e9sents de faire le r\u00e9sum\u00e9.<\/em><\/p>\n<p>Dieu annonce son jugement sur les chefs d\u00e9missionnaires et les femmes orgueilleuses de son peuple. Il videra Juda de ses hommes importants (leaders, guerriers, juges\u2026) et fera venir la mis\u00e8re et la p\u00e9nurie.<\/p>\n<p><strong>\u00a0<\/strong><\/p>\n<p><strong>Lire le texte<\/strong><\/p>\n<p>Y a-t-il des mots que vous ne comprenez pas\u00a0?<\/p>\n<p><strong>v.2-3\u00a0: <\/strong><\/p>\n<ul>\n<li>[O] A quel domaine le verset 2 emprunte-t-il son vocabulaire\u00a0? <em>Domaine agricole<\/em><\/li>\n<li>[I] Suite \u00e0 ce qui a \u00e9t\u00e9 vu en Esa\u00efe 3.1-4.1, en quoi un tel vocabulaire est-il source d\u2019espoir\u00a0? <em>Juda ayant connu la d\u00e9vastation et la p\u00e9nurie, le renouveau des ressources apporte l\u2019espoir.<\/em><\/li>\n<li>[O\/I] D\u2019apr\u00e8s les chapitres pr\u00e9c\u00e9dents d\u2019Esa\u00efe, qu\u2019est-ce qui \u00e9tait source de fiert\u00e9 et d\u2019honneur pour les habitants de Juda\u00a0? Comment le v.2 r\u00e9pond-il \u00e0 cela\u00a0?<\/li>\n<li>[O] D\u2019apr\u00e8s les v.2-3, qui se trouvera alors \u00e0 J\u00e9rusalem\u00a0?<\/li>\n<\/ul>\n<p><strong>v.4<\/strong><\/p>\n<ul>\n<li>[O] Quel est le pr\u00e9alable pour que les promesses des v.2-3 se r\u00e9alisent\u00a0?<\/li>\n<li>[I] Pourquoi est-ce n\u00e9cessaire de passer par cette purification\u00a0? <em>Pour que tout ne recommence pas comme avant<\/em><\/li>\n<\/ul>\n<p><strong>v.5-6<\/strong><\/p>\n<ul>\n<li>[O] Que se passera-t-il \u00e0 J\u00e9rusalem\u00a0?<\/li>\n<li>[I] Est-ce que \u00e7a vous rappelle quelque chose dans l\u2019Ancien Testament\u00a0? Quels \u00e9l\u00e9ments en particulier\u00a0? <em>La nu\u00e9e et le feu de flammes, l\u2019abri dans le d\u00e9sert sont des rappels du s\u00e9jour du peuple d\u2019Isra\u00ebl dans le d\u00e9sert. Il peut \u00eatre utile de demander \u00e0 quelqu\u2019un d\u2019expliquer un peu plus les r\u00e9f\u00e9rences s\u2019il y a des non-chr\u00e9tiens dans le groupe.<\/em><\/li>\n<li>[I] Qu\u2019est-ce que la nu\u00e9e et le feu de flammes signifient\u00a0? cf. Exode 13.21<\/li>\n<\/ul>\n<p>Sur une grande feuille commune, notez des mots qui r\u00e9sument ce qui va se passer \u00e0 J\u00e9rusalem. <em>Ex.\u00a0: purification, gloire, pr\u00e9sence de Dieu, saintet\u00e9, vie\u2026<\/em><\/p>\n<p><strong>Pour aller plus loin\u2026<\/strong><\/p>\n<ul>\n<li>[O] Lisez J\u00e9r\u00e9mie 33.14-16. Qu\u2019est-ce que ce proph\u00e8te nous apprend sur le \u00ab\u00a0germe\u00a0\u00bb ?<\/li>\n<li>[I] La difficult\u00e9 est maintenant de savoir quand ces promesses se sont accomplies\u00a0:<\/li>\n<\/ul>\n<ul>\n<ul>\n<li>D\u2019apr\u00e8s ce qu\u2019on a vu sur le germe de l\u2019Eternel, est-il d\u00e9j\u00e0 apparu\u00a0?<\/li>\n<li>Le reste des promesses figurant sur la feuille de r\u00e9sum\u00e9 s\u2019est-il accompli\u00a0? J\u00e9rusalem a-t-elle \u00e9t\u00e9 purifi\u00e9e\u00a0? L\u2019Eternel est-il venu habiter parmi son peuple\u00a0? Qui sont les rescap\u00e9s du jugement de Dieu\u00a0? <em>Si besoin, pr\u00e9ciser que<\/em> <em>J\u00e9rusalem est parfois dans la Bible le lieu symbolisant le Paradis. Notez qu\u2019il y a un double niveau d\u2019accomplissement et que, si une partie a d\u00e9j\u00e0 \u00e9t\u00e9 accomplie avec J\u00e9sus, l\u2019autre ne le sera qu\u2019au retour de Christ.<\/em><\/li>\n<\/ul>\n<\/ul>\n<ul>\n<li>[I] Pour conclure, quelles solutions Dieu apporte-t-il aux probl\u00e8mes soulev\u00e9s au chapitre 3\u00a0?<\/li>\n<\/ul>\n<p><strong>Applications<\/strong><\/p>\n<ul>\n<li>[A] La solution face au mal que Dieu propose dans ce texte vous semble-t-elle satisfaisante ? Pourquoi\u00a0?<\/li>\n<li>[A] En \u00e9tant honn\u00eate, l\u2019\u0153uvre de J\u00e9sus est-elle source de fiert\u00e9 et d\u2019honneur pour vous (cf. v.2)\u00a0? Pourquoi\u00a0?<\/li>\n<li>[A] R\u00e9fl\u00e9chissez quelques secondes \u00e0 votre vision du Paradis. Comment ce texte peut-il affiner votre vision ?<\/li>\n<\/ul>\n<p>&nbsp;<\/p>\n<p><em>Cette trame de discussion a \u00e9t\u00e9 travaill\u00e9e\u00a0par Marie-Aude, ancienne stagiaire Relais et Amie des GBU.<\/em><\/p>\n","protected":false},"excerpt":{"rendered":"<p>Note pour l\u2019animateur :\u00a0Il est recommand\u00e9 \u00e0 l\u2019animateur de lire l\u2019introduction au livre d&rsquo;Esa\u00efe ici &nbsp; Id\u00e9e principale\u00a0: Avec l\u2019image du germe, l\u2019Eternel apporte l\u2019espoir d\u2019un avenir glorieux dans sa pr\u00e9sence s\u00e9curisante, qui sera pour tous les rescap\u00e9s de son jugement. Question d\u2019accroche\u00a0: Selon vous, quelle serait la solution face au mal de ce monde\u00a0? [&hellip;]<\/p>\n","protected":false},"author":4,"featured_media":1899,"comment_status":"open","ping_status":"closed","sticky":false,"template":"","format":"standard","meta":{"_acf_changed":false,"_eb_attr":"","advgb_blocks_editor_width":"","advgb_blocks_columns_visual_guide":"","footnotes":""},"categories":[10,21],"tags":[651,127,845,846,847],"video":[],"audio":[],"ecrit":[],"mis-en-avant":[],"redacteur":[],"type-darticle":[],"class_list":["post-1884","post","type-post","status-publish","format-standard","has-post-thumbnail","hentry","category-discussions-autour-de-la-bible","category-la-bible","tag-ecrit","tag-esaie","tag-esaie-4","tag-espoir","tag-germe"],"blocksy_meta":[],"acf":[],"featured_image_src":"https:\/\/www.creusonslabible.fr\/wp-content\/uploads\/2013\/08\/Es3-1.jpg","author_info":{"display_name":"Marion","author_link":"https:\/\/www.creusonslabible.fr\/?author=4"},"author_meta":{"display_name":"Marion","author_link":"https:\/\/www.creusonslabible.fr\/?author=4"},"featured_img":"https:\/\/www.creusonslabible.fr\/wp-content\/uploads\/2013\/08\/Es3-1.jpg","coauthors":[],"tax_additional":{"categories":{"linked":["<a href=\"https:\/\/www.creusonslabible.fr\/?cat=10\" class=\"advgb-post-tax-term\">Discussions autour de la Bible<\/a>","<a href=\"https:\/\/www.creusonslabible.fr\/?cat=21\" class=\"advgb-post-tax-term\">La Bible<\/a>"],"unlinked":["<span class=\"advgb-post-tax-term\">Discussions autour de la Bible<\/span>","<span class=\"advgb-post-tax-term\">La Bible<\/span>"]},"tags":{"linked":["<a href=\"https:\/\/www.creusonslabible.fr\/?cat=21\" class=\"advgb-post-tax-term\">\u00e9crit<\/a>","<a href=\"https:\/\/www.creusonslabible.fr\/?cat=21\" class=\"advgb-post-tax-term\">\u00c9sa\u00efe<\/a>","<a href=\"https:\/\/www.creusonslabible.fr\/?cat=21\" class=\"advgb-post-tax-term\">\u00c9sa\u00efe 4<\/a>","<a href=\"https:\/\/www.creusonslabible.fr\/?cat=21\" class=\"advgb-post-tax-term\">espoir<\/a>","<a href=\"https:\/\/www.creusonslabible.fr\/?cat=21\" class=\"advgb-post-tax-term\">germe<\/a>"],"unlinked":["<span class=\"advgb-post-tax-term\">\u00e9crit<\/span>","<span class=\"advgb-post-tax-term\">\u00c9sa\u00efe<\/span>","<span class=\"advgb-post-tax-term\">\u00c9sa\u00efe 4<\/span>","<span class=\"advgb-post-tax-term\">espoir<\/span>","<span class=\"advgb-post-tax-term\">germe<\/span>"]}},"comment_count":"0","relative_dates":{"created":"Publi\u00e9 13 ans il y a","modified":"Mis \u00e0 jour 1 an il y a"},"absolute_dates":{"created":"Publi\u00e9 le 1 ao\u00fbt 2013","modified":"Mise \u00e0 jour le 24 janvier 2025"},"absolute_dates_time":{"created":"Publi\u00e9 le 1 ao\u00fbt 2013 17h34","modified":"Mise \u00e0 jour le 24 janvier 2025 11h42"},"featured_img_caption":"","series_order":"","meta_box":[],"_links":{"self":[{"href":"https:\/\/www.creusonslabible.fr\/index.php?rest_route=\/wp\/v2\/posts\/1884","targetHints":{"allow":["GET"]}}],"collection":[{"href":"https:\/\/www.creusonslabible.fr\/index.php?rest_route=\/wp\/v2\/posts"}],"about":[{"href":"https:\/\/www.creusonslabible.fr\/index.php?rest_route=\/wp\/v2\/types\/post"}],"author":[{"embeddable":true,"href":"https:\/\/www.creusonslabible.fr\/index.php?rest_route=\/wp\/v2\/users\/4"}],"replies":[{"embeddable":true,"href":"https:\/\/www.creusonslabible.fr\/index.php?rest_route=%2Fwp%2Fv2%2Fcomments&post=1884"}],"version-history":[{"count":1,"href":"https:\/\/www.creusonslabible.fr\/index.php?rest_route=\/wp\/v2\/posts\/1884\/revisions"}],"predecessor-version":[{"id":10970,"href":"https:\/\/www.creusonslabible.fr\/index.php?rest_route=\/wp\/v2\/posts\/1884\/revisions\/10970"}],"wp:featuredmedia":[{"embeddable":true,"href":"https:\/\/www.creusonslabible.fr\/index.php?rest_route=\/wp\/v2\/media\/1899"}],"wp:attachment":[{"href":"https:\/\/www.creusonslabible.fr\/index.php?rest_route=%2Fwp%2Fv2%2Fmedia&parent=1884"}],"wp:term":[{"taxonomy":"category","embeddable":true,"href":"https:\/\/www.creusonslabible.fr\/index.php?rest_route=%2Fwp%2Fv2%2Fcategories&post=1884"},{"taxonomy":"post_tag","embeddable":true,"href":"https:\/\/www.creusonslabible.fr\/index.php?rest_route=%2Fwp%2Fv2%2Ftags&post=1884"},{"taxonomy":"video","embeddable":true,"href":"https:\/\/www.creusonslabible.fr\/index.php?rest_route=%2Fwp%2Fv2%2Fvideo&post=1884"},{"taxonomy":"audio","embeddable":true,"href":"https:\/\/www.creusonslabible.fr\/index.php?rest_route=%2Fwp%2Fv2%2Faudio&post=1884"},{"taxonomy":"ecrit","embeddable":true,"href":"https:\/\/www.creusonslabible.fr\/index.php?rest_route=%2Fwp%2Fv2%2Fecrit&post=1884"},{"taxonomy":"mis-en-avant","embeddable":true,"href":"https:\/\/www.creusonslabible.fr\/index.php?rest_route=%2Fwp%2Fv2%2Fmis-en-avant&post=1884"},{"taxonomy":"redacteur","embeddable":true,"href":"https:\/\/www.creusonslabible.fr\/index.php?rest_route=%2Fwp%2Fv2%2Fredacteur&post=1884"},{"taxonomy":"type-darticle","embeddable":true,"href":"https:\/\/www.creusonslabible.fr\/index.php?rest_route=%2Fwp%2Fv2%2Ftype-darticle&post=1884"}],"curies":[{"name":"wp","href":"https:\/\/api.w.org\/{rel}","templated":true}]}}