{"id":197,"date":"2012-07-05T14:02:22","date_gmt":"2012-07-05T14:02:22","guid":{"rendered":"http:\/\/elearning.gbu.fr\/?p=197"},"modified":"2025-01-24T11:09:10","modified_gmt":"2025-01-24T09:09:10","slug":"apocalypse","status":"publish","type":"post","link":"https:\/\/www.creusonslabible.fr\/?p=197","title":{"rendered":"Apocalypse"},"content":{"rendered":"<p>Beaucoup de gens ont renonc\u00e9 \u00e0 \u00e9tudier le livre de l&rsquo;Apocalypse, parce qu&rsquo;ils ont \u00e9t\u00e9 rebut\u00e9s par sa difficult\u00e9, ou la nature complexe de certaines de ses interpr\u00e9tations. Mais aucun autre livre dans la Bible n&rsquo;apportera une r\u00e9compense plus grande \u00e0 celui qui l&rsquo;\u00e9tudie pour y d\u00e9couvrir sa pertinence actuelle plut\u00f4t qu&rsquo;une esp\u00e8ce d&rsquo;\u00e9nigme eschatologique.<!--more--> Il est important de garder en m\u00e9moire que les visions qui occupent une si grande partie du livre ne doivent pas \u00eatre prises comme une description litt\u00e9rale\u00a0: le livre est \u00e9crit dans une forme litt\u00e9raire qu&rsquo;on appelle apocalyptique, qui exprime des r\u00e9alit\u00e9s c\u00e9lestes et spirituelles en utilisant un symbolisme conventionnel et complexe. On pense g\u00e9n\u00e9ralement que l&rsquo;Apocalypse a \u00e9t\u00e9 \u00e9crite par l&rsquo;ap\u00f4tre Jean, dans des jours de pers\u00e9cution, comme le prouve son exil (1.9). Certains pensent que cet exil a eu lieu sous N\u00e9ron, qui est mort en 68 apr\u00e8s J\u00e9sus Christ, et d&rsquo;autres sous le r\u00e8gne de Domitien (81-96). C&rsquo;est cette derni\u00e8re date qui semble la plus probable. La lutte entre le peuple de Christ et la puissance de Rome avait maintenant atteint un point plus avanc\u00e9 que celui qui est rapport\u00e9 dans les Actes des Ap\u00f4tres. \u00c0 partir du r\u00e8gne de N\u00e9ron, le culte de l&#8217;empereur s&rsquo;est r\u00e9pandu, et les perspectives pour l&rsquo;\u00c9glise \u00e9taient sombres et mena\u00e7antes. L\u2019allusion \u00e0 Rome au chapitre 17 est \u00e0 peine voil\u00e9e. Certains commentateurs (les \u00ab pr\u00e9t\u00e9ristes \u00bb) pensent que l\u2019ensemble se rapporte \u00e0 des \u00e9v\u00e9nements contemporains de l\u2019auteur, de sorte que, pour nous, le livre parle de choses pass\u00e9es. D\u2019autres commentateurs (les \u00ab\u00a0historicistes\u00a0\u00bb) consid\u00e8rent que les chapitres 2 \u00e0 19 se rapportent \u00e0 l&rsquo;histoire de l&rsquo;\u00c9glise avant et apr\u00e8s la chute de Rome, et \u00e9galement au conflit entre la religion \u00e9vang\u00e9lique et l&rsquo;\u00c9glise romaine, ce qui nous am\u00e8ne aux temps de la fin. D&rsquo;autres (les \u00ab\u00a0futuristes\u00a0\u00bb) consid\u00e8rent les chapitres 2 et 3 comme un r\u00e9sum\u00e9 de l&rsquo;histoire chr\u00e9tienne, et le reste du livre comme une proph\u00e9tie qui annonce les \u00e9v\u00e9nements \u00e0 l&rsquo;\u00e9poque du retour du Seigneur. Une interpr\u00e9tation correcte trouve des \u00e9l\u00e9ments int\u00e9ressants dans chacun de ces trois points de vue. Il vaut mieux \u00e9tudier ce livre avec l&rsquo;assurance\u00a0:<\/p>\n<p>a) qu\u2019il comportait un v\u00e9ritable message pour l&rsquo;\u00e9poque \u00e0 laquelle il a \u00e9t\u00e9 \u00e9crite\u00a0;<\/p>\n<p>b) que les le\u00e7ons de ce livre ont trouv\u00e9 une application dans l&rsquo;histoire de l&rsquo;\u00c9glise\u00a0;<\/p>\n<p>c) qu\u2019il contient des r\u00e9f\u00e9rences proph\u00e9tiques pour l&rsquo;avenir.<\/p>\n<p>Au lieu d&rsquo;\u00eatre troubl\u00e9 par les obscurit\u00e9s qu&rsquo;il d\u00e9couvre dans le livre, le lecteur peut faire sa joie de ce qui est clair dans son message. Nous avons dans ce livre des le\u00e7ons d&rsquo;une tr\u00e8s grande valeur concernant la place du peuple de Dieu dans son plan, et l&rsquo;avenir glorieux qui l\u2019attend, la nature c\u00e9leste des combats terrestres, qui ne peuvent \u00eatre men\u00e9s \u00e0 bien qu\u2019avec l\u2019aide de Dieu, le jugement \u00e9ternel de Dieu sur Satan et le p\u00e9ch\u00e9, la certitude de la compl\u00e8te victoire, le fait que Dieu est Seigneur de l&rsquo;histoire, et le retour de J\u00e9sus-Christ notre Seigneur.<\/p>\n<h2>Plan<\/h2>\n<p>1.1-8 Prologue.<\/p>\n<p>1.9-3.22 Vision du Christ, vivant pour toujours, au milieu des \u00e9glises.<\/p>\n<p>4.1-5.14 Vision du tr\u00f4ne de Dieu, et de l&rsquo;Agneau au milieu du tr\u00f4ne, qui re\u00e7oit le livre scell\u00e9 des jugements de Dieu.<\/p>\n<p>6.1-8.5 Vision des \u00ab\u00a0sceaux\u00a0\u00bb, avec deux vision intercal\u00e9es pour le r\u00e9confort du peuple de Christ (7.1-8, 9-17).<\/p>\n<p>8.6-11.19 Vision des \u00ab\u00a0trompettes\u00a0\u00bb, avec trois visions pour le r\u00e9confort du peuple de Christ (10.1-11\u00a0; 11.1-2, 3-13).<\/p>\n<p>12.1-14.20 Vision de l&rsquo;enfant m\u00e2le, et du dragon et des deux b\u00eates, avec trois visions pour le r\u00e9confort du peuple de Christ (14.1-5, 6-13, 14-20).<\/p>\n<p>15.1-16.21 Vision des \u00ab\u00a0coupes\u00a0\u00bb.<\/p>\n<p>17.1-19.10 Vision de Babylone, la ville prostitu\u00e9e, et de sa destruction.<\/p>\n<p>19.11-20.15 Vision du retour de Christ, de son triomphe sur ses ennemis, et du jugement dernier.<\/p>\n<p>21.1-22.5 Vision des nouveaux cieux et de la nouvelle terre, et de la nouvelle J\u00e9rusalem.<\/p>\n<p>22.6-21 \u00c9pilogue.<\/p>\n<p>&nbsp;<\/p>\n<p>&nbsp;<\/p>\n","protected":false},"excerpt":{"rendered":"<p>Beaucoup de gens ont renonc\u00e9 \u00e0 \u00e9tudier le livre de l&rsquo;Apocalypse, parce qu&rsquo;ils ont \u00e9t\u00e9 rebut\u00e9s par sa difficult\u00e9, ou la nature complexe de certaines de ses interpr\u00e9tations. Mais aucun autre livre dans la Bible n&rsquo;apportera une r\u00e9compense plus grande \u00e0 celui qui l&rsquo;\u00e9tudie pour y d\u00e9couvrir sa pertinence actuelle plut\u00f4t qu&rsquo;une esp\u00e8ce d&rsquo;\u00e9nigme eschatologique.<\/p>\n","protected":false},"author":2,"featured_media":2009,"comment_status":"open","ping_status":"open","sticky":false,"template":"","format":"standard","meta":{"_acf_changed":false,"_eb_attr":"","advgb_blocks_editor_width":"","advgb_blocks_columns_visual_guide":"","footnotes":""},"categories":[90],"tags":[87,651],"video":[],"audio":[],"ecrit":[],"mis-en-avant":[],"redacteur":[],"type-darticle":[],"class_list":["post-197","post","type-post","status-publish","format-standard","has-post-thumbnail","hentry","category-introduction-aux-livres-bibliques","tag-apocalypse","tag-ecrit"],"blocksy_meta":[],"acf":[],"featured_image_src":"https:\/\/www.creusonslabible.fr\/wp-content\/uploads\/2012\/07\/Apoc-1.jpg","author_info":{"display_name":"caillou","author_link":"https:\/\/www.creusonslabible.fr\/?author=2"},"author_meta":{"display_name":"caillou","author_link":"https:\/\/www.creusonslabible.fr\/?author=2"},"featured_img":"https:\/\/www.creusonslabible.fr\/wp-content\/uploads\/2012\/07\/Apoc-1.jpg","coauthors":[],"tax_additional":{"categories":{"linked":["<a href=\"https:\/\/www.creusonslabible.fr\/?cat=90\" class=\"advgb-post-tax-term\">Introduction aux livres Bibliques<\/a>"],"unlinked":["<span class=\"advgb-post-tax-term\">Introduction aux livres Bibliques<\/span>"]},"tags":{"linked":["<a href=\"https:\/\/www.creusonslabible.fr\/?cat=90\" class=\"advgb-post-tax-term\">Apocalypse<\/a>","<a href=\"https:\/\/www.creusonslabible.fr\/?cat=90\" class=\"advgb-post-tax-term\">\u00e9crit<\/a>"],"unlinked":["<span class=\"advgb-post-tax-term\">Apocalypse<\/span>","<span class=\"advgb-post-tax-term\">\u00e9crit<\/span>"]}},"comment_count":"0","relative_dates":{"created":"Publi\u00e9 14 ans il y a","modified":"Mis \u00e0 jour 1 an il y a"},"absolute_dates":{"created":"Publi\u00e9 le 5 juillet 2012","modified":"Mise \u00e0 jour le 24 janvier 2025"},"absolute_dates_time":{"created":"Publi\u00e9 le 5 juillet 2012 14h02","modified":"Mise \u00e0 jour le 24 janvier 2025 11h09"},"featured_img_caption":"","series_order":"","meta_box":[],"_links":{"self":[{"href":"https:\/\/www.creusonslabible.fr\/index.php?rest_route=\/wp\/v2\/posts\/197","targetHints":{"allow":["GET"]}}],"collection":[{"href":"https:\/\/www.creusonslabible.fr\/index.php?rest_route=\/wp\/v2\/posts"}],"about":[{"href":"https:\/\/www.creusonslabible.fr\/index.php?rest_route=\/wp\/v2\/types\/post"}],"author":[{"embeddable":true,"href":"https:\/\/www.creusonslabible.fr\/index.php?rest_route=\/wp\/v2\/users\/2"}],"replies":[{"embeddable":true,"href":"https:\/\/www.creusonslabible.fr\/index.php?rest_route=%2Fwp%2Fv2%2Fcomments&post=197"}],"version-history":[{"count":1,"href":"https:\/\/www.creusonslabible.fr\/index.php?rest_route=\/wp\/v2\/posts\/197\/revisions"}],"predecessor-version":[{"id":10781,"href":"https:\/\/www.creusonslabible.fr\/index.php?rest_route=\/wp\/v2\/posts\/197\/revisions\/10781"}],"wp:featuredmedia":[{"embeddable":true,"href":"https:\/\/www.creusonslabible.fr\/index.php?rest_route=\/wp\/v2\/media\/2009"}],"wp:attachment":[{"href":"https:\/\/www.creusonslabible.fr\/index.php?rest_route=%2Fwp%2Fv2%2Fmedia&parent=197"}],"wp:term":[{"taxonomy":"category","embeddable":true,"href":"https:\/\/www.creusonslabible.fr\/index.php?rest_route=%2Fwp%2Fv2%2Fcategories&post=197"},{"taxonomy":"post_tag","embeddable":true,"href":"https:\/\/www.creusonslabible.fr\/index.php?rest_route=%2Fwp%2Fv2%2Ftags&post=197"},{"taxonomy":"video","embeddable":true,"href":"https:\/\/www.creusonslabible.fr\/index.php?rest_route=%2Fwp%2Fv2%2Fvideo&post=197"},{"taxonomy":"audio","embeddable":true,"href":"https:\/\/www.creusonslabible.fr\/index.php?rest_route=%2Fwp%2Fv2%2Faudio&post=197"},{"taxonomy":"ecrit","embeddable":true,"href":"https:\/\/www.creusonslabible.fr\/index.php?rest_route=%2Fwp%2Fv2%2Fecrit&post=197"},{"taxonomy":"mis-en-avant","embeddable":true,"href":"https:\/\/www.creusonslabible.fr\/index.php?rest_route=%2Fwp%2Fv2%2Fmis-en-avant&post=197"},{"taxonomy":"redacteur","embeddable":true,"href":"https:\/\/www.creusonslabible.fr\/index.php?rest_route=%2Fwp%2Fv2%2Fredacteur&post=197"},{"taxonomy":"type-darticle","embeddable":true,"href":"https:\/\/www.creusonslabible.fr\/index.php?rest_route=%2Fwp%2Fv2%2Ftype-darticle&post=197"}],"curies":[{"name":"wp","href":"https:\/\/api.w.org\/{rel}","templated":true}]}}