{"id":2126,"date":"2013-08-03T14:05:20","date_gmt":"2013-08-03T14:05:20","guid":{"rendered":"http:\/\/www.creusonslabible.fr\/?p=2126"},"modified":"2025-01-24T11:42:41","modified_gmt":"2025-01-24T09:42:41","slug":"genese-21-v-1-a-23-sara-vs-agar-ii","status":"publish","type":"post","link":"https:\/\/www.creusonslabible.fr\/?p=2126","title":{"rendered":"Gen\u00e8se 21.1-23 &#8211; Sara vs Agar (II)"},"content":{"rendered":"<p><b>Lire le texte<\/b><\/p>\n<p><span style=\"text-decoration: underline;\">Observation g\u00e9n\u00e9rale<\/span><\/p>\n<p>Quels sont les champs lexicaux qui reviennent beaucoup ? Quels sont donc les th\u00e8mes de l&rsquo;histoire ?<\/p>\n<p>Voyez-vous un contraste entre les v 1 \u00e0 9 puis 11 et 21 sur ces th\u00e8mes ? <i>rire dans la premi\u00e8re partie pour tristesse dans la deuxi\u00e8me.<\/i><\/p>\n<p><span style=\"text-decoration: underline;\">v1 \u00e0 7 : Dieu avait promis.<\/span><\/p>\n<p>Lire les v6-7 puis Gen\u00e8se 17.17-19 et Gen\u00e8se 18.11-12. Pourquoi Dieu appelle-t-il Isaac \u00ab\u00a0il a ri\u00a0\u00bb \u00e0 votre avis ? Qu&rsquo;est-ce que cela est cens\u00e9 rappeler \u00e0 Abraham et Sara \u00e0 chaque fois qu&rsquo;ils appelleront leur gar\u00e7on ?<\/p>\n<p>Au v 7 Sara pose une question rh\u00e9torique. Mais quelle est la r\u00e9ponse \u00e0 cette question ? <i>Dieu l&rsquo;avait dit ! Mais elle semble l&rsquo;oublier &#8230;<\/i><\/p>\n<p><span style=\"text-decoration: underline;\">v8 \u00e0 21 : Le renvoi d&rsquo;Agar et d&rsquo;Isma\u00ebl<\/span><\/p>\n<p>Qu&rsquo;est-ce que la naissance d&rsquo;Isaac change :<\/p>\n<p>&#8211; Pour Isma\u00ebl (et donc Agar) ? <i>Isma\u00ebl est \u00e9cart\u00e9 de l&rsquo;h\u00e9ritage (au fait d\u00e8s le d\u00e9but il n&rsquo;y a pas droit mais l\u00e0 c&rsquo;est officiel avec la naissance du fils de Sara)<\/i><\/p>\n<p>&#8211; Pour Sara ? Pourquoi r\u00e9agit-elle ainsi vis-\u00e0-vis d&rsquo;Isma\u00ebl et d&rsquo;Agar ?<\/p>\n<p>Pourquoi est-ce ridicule ? <i>Dieu a d\u00e9j\u00e0 fait tout ce qu&rsquo;il avait promis, il a aussi promis qu&rsquo;Isaac serait h\u00e9ritier donc elle n&rsquo;a aucune raison d&rsquo;avoir peur qu&rsquo;Isma\u00ebl prenne l&rsquo;h\u00e9ritage.<\/i><\/p>\n<p>Que se passe-t-il quand Agar et Isma\u00ebl sont chass\u00e9 ?<\/p>\n<p>Qu&rsquo;est-ce que Dieu annonce pour Isma\u00ebl ? (\u00e0 la fois ce qu&rsquo;il dit \u00e0 Abraham et \u00e0 Agar)<\/p>\n<p>Quels sont les raisons pour lesquelles Dieu b\u00e9nis Isma\u00ebl ? Regardez le v 11-12 et v16-18. P<i>ar amour pour Abraham (v11) en r\u00e9ponse \u00e0 la pri\u00e8re d&rsquo;Agar (v16-18).<\/i><\/p>\n<p><span style=\"text-decoration: underline;\">Bilan<\/span><\/p>\n<p>Qu&rsquo;est-ce qui nous montre dans le texte qu&rsquo;Abraham met l&rsquo;ob\u00e9issance \u00e0 Dieu avant toutes choses ?<\/p>\n<p><i>Il circoncit Isaac (v4) et chasse Isma\u00ebl et Agar (v14)<\/i><\/p>\n<p>Isma\u00ebl n&rsquo;est pas choisit comme descendant d&rsquo;Abraham et porteur de la promesse de Dieu, mais comment Dieu le traite ? Qu&rsquo;est-ce que cela nous apprend pour Dieu ?<i> Il fait du bien \u00e0 toutes ses cr\u00e9atures<\/i><\/p>\n<p>&nbsp;<\/p>\n<p><b>Application<\/b><\/p>\n<p>Comment pouvons-nous parfois \u00eatre semblable \u00e0 Sara ? <i>Dieu nous as montr\u00e9 qu&rsquo;il prenait soin de nous mais on continue \u00e0 ne pas lui faire confiance.<\/i><\/p>\n<p>Abraham lui, ob\u00e9it alors que cela lui coute, comment apprendre \u00e0 faire cela ?<\/p>\n","protected":false},"excerpt":{"rendered":"<p>Lire le texte Observation g\u00e9n\u00e9rale Quels sont les champs lexicaux qui reviennent beaucoup ? Quels sont donc les th\u00e8mes de l&rsquo;histoire ? Voyez-vous un contraste entre les v 1 \u00e0 9 puis 11 et 21 sur ces th\u00e8mes ? rire dans la premi\u00e8re partie pour tristesse dans la deuxi\u00e8me. v1 \u00e0 7 : Dieu avait [&hellip;]<\/p>\n","protected":false},"author":4,"featured_media":1685,"comment_status":"open","ping_status":"closed","sticky":false,"template":"","format":"standard","meta":{"_acf_changed":false,"_eb_attr":"","advgb_blocks_editor_width":"","advgb_blocks_columns_visual_guide":"","footnotes":""},"categories":[10,21],"tags":[192,170,651,284],"video":[],"audio":[],"ecrit":[],"mis-en-avant":[],"redacteur":[],"type-darticle":[],"class_list":["post-2126","post","type-post","status-publish","format-standard","has-post-thumbnail","hentry","category-discussions-autour-de-la-bible","category-la-bible","tag-abraham","tag-ancien-testament","tag-ecrit","tag-genese"],"blocksy_meta":[],"acf":[],"featured_image_src":"https:\/\/www.creusonslabible.fr\/wp-content\/uploads\/2013\/08\/Abraham-2.jpg","author_info":{"display_name":"Marion","author_link":"https:\/\/www.creusonslabible.fr\/?author=4"},"author_meta":{"display_name":"Marion","author_link":"https:\/\/www.creusonslabible.fr\/?author=4"},"featured_img":"https:\/\/www.creusonslabible.fr\/wp-content\/uploads\/2013\/08\/Abraham-2.jpg","coauthors":[],"tax_additional":{"categories":{"linked":["<a href=\"https:\/\/www.creusonslabible.fr\/?cat=10\" class=\"advgb-post-tax-term\">Discussions autour de la Bible<\/a>","<a href=\"https:\/\/www.creusonslabible.fr\/?cat=21\" class=\"advgb-post-tax-term\">La Bible<\/a>"],"unlinked":["<span class=\"advgb-post-tax-term\">Discussions autour de la Bible<\/span>","<span class=\"advgb-post-tax-term\">La Bible<\/span>"]},"tags":{"linked":["<a href=\"https:\/\/www.creusonslabible.fr\/?cat=21\" class=\"advgb-post-tax-term\">Abraham<\/a>","<a href=\"https:\/\/www.creusonslabible.fr\/?cat=21\" class=\"advgb-post-tax-term\">Ancien-Testament<\/a>","<a href=\"https:\/\/www.creusonslabible.fr\/?cat=21\" class=\"advgb-post-tax-term\">\u00e9crit<\/a>","<a href=\"https:\/\/www.creusonslabible.fr\/?cat=21\" class=\"advgb-post-tax-term\">gen\u00e8se<\/a>"],"unlinked":["<span class=\"advgb-post-tax-term\">Abraham<\/span>","<span class=\"advgb-post-tax-term\">Ancien-Testament<\/span>","<span class=\"advgb-post-tax-term\">\u00e9crit<\/span>","<span class=\"advgb-post-tax-term\">gen\u00e8se<\/span>"]}},"comment_count":"0","relative_dates":{"created":"Publi\u00e9 13 ans il y a","modified":"Mis \u00e0 jour 1 an il y a"},"absolute_dates":{"created":"Publi\u00e9 le 3 ao\u00fbt 2013","modified":"Mise \u00e0 jour le 24 janvier 2025"},"absolute_dates_time":{"created":"Publi\u00e9 le 3 ao\u00fbt 2013 14h05","modified":"Mise \u00e0 jour le 24 janvier 2025 11h42"},"featured_img_caption":"","series_order":"","meta_box":[],"_links":{"self":[{"href":"https:\/\/www.creusonslabible.fr\/index.php?rest_route=\/wp\/v2\/posts\/2126","targetHints":{"allow":["GET"]}}],"collection":[{"href":"https:\/\/www.creusonslabible.fr\/index.php?rest_route=\/wp\/v2\/posts"}],"about":[{"href":"https:\/\/www.creusonslabible.fr\/index.php?rest_route=\/wp\/v2\/types\/post"}],"author":[{"embeddable":true,"href":"https:\/\/www.creusonslabible.fr\/index.php?rest_route=\/wp\/v2\/users\/4"}],"replies":[{"embeddable":true,"href":"https:\/\/www.creusonslabible.fr\/index.php?rest_route=%2Fwp%2Fv2%2Fcomments&post=2126"}],"version-history":[{"count":1,"href":"https:\/\/www.creusonslabible.fr\/index.php?rest_route=\/wp\/v2\/posts\/2126\/revisions"}],"predecessor-version":[{"id":10988,"href":"https:\/\/www.creusonslabible.fr\/index.php?rest_route=\/wp\/v2\/posts\/2126\/revisions\/10988"}],"wp:featuredmedia":[{"embeddable":true,"href":"https:\/\/www.creusonslabible.fr\/index.php?rest_route=\/wp\/v2\/media\/1685"}],"wp:attachment":[{"href":"https:\/\/www.creusonslabible.fr\/index.php?rest_route=%2Fwp%2Fv2%2Fmedia&parent=2126"}],"wp:term":[{"taxonomy":"category","embeddable":true,"href":"https:\/\/www.creusonslabible.fr\/index.php?rest_route=%2Fwp%2Fv2%2Fcategories&post=2126"},{"taxonomy":"post_tag","embeddable":true,"href":"https:\/\/www.creusonslabible.fr\/index.php?rest_route=%2Fwp%2Fv2%2Ftags&post=2126"},{"taxonomy":"video","embeddable":true,"href":"https:\/\/www.creusonslabible.fr\/index.php?rest_route=%2Fwp%2Fv2%2Fvideo&post=2126"},{"taxonomy":"audio","embeddable":true,"href":"https:\/\/www.creusonslabible.fr\/index.php?rest_route=%2Fwp%2Fv2%2Faudio&post=2126"},{"taxonomy":"ecrit","embeddable":true,"href":"https:\/\/www.creusonslabible.fr\/index.php?rest_route=%2Fwp%2Fv2%2Fecrit&post=2126"},{"taxonomy":"mis-en-avant","embeddable":true,"href":"https:\/\/www.creusonslabible.fr\/index.php?rest_route=%2Fwp%2Fv2%2Fmis-en-avant&post=2126"},{"taxonomy":"redacteur","embeddable":true,"href":"https:\/\/www.creusonslabible.fr\/index.php?rest_route=%2Fwp%2Fv2%2Fredacteur&post=2126"},{"taxonomy":"type-darticle","embeddable":true,"href":"https:\/\/www.creusonslabible.fr\/index.php?rest_route=%2Fwp%2Fv2%2Ftype-darticle&post=2126"}],"curies":[{"name":"wp","href":"https:\/\/api.w.org\/{rel}","templated":true}]}}