{"id":215,"date":"2012-07-05T14:22:13","date_gmt":"2012-07-05T14:22:13","guid":{"rendered":"http:\/\/elearning.gbu.fr\/?p=215"},"modified":"2025-01-24T11:09:09","modified_gmt":"2025-01-24T09:09:09","slug":"2-pierre","status":"publish","type":"post","link":"https:\/\/www.creusonslabible.fr\/?p=215","title":{"rendered":"2 Pierre"},"content":{"rendered":"<p>La deuxi\u00e8me \u00e9p\u00eetre de Pierre a \u00e9t\u00e9 \u00e9crite juste avant sa mort (1.14-15). On peut la consid\u00e9rer comme ses derni\u00e8res paroles, et ceci conf\u00e8re une port\u00e9e suppl\u00e9mentaire au message final\u00a0: \u00ab\u00a0Croissez dans la gr\u00e2ce et la connaissance de notre Seigneur et Sauveur J\u00e9sus-Christ \u00bb (3.18). Pierre est manifestement inquiet \u00e0 cause des h\u00e9r\u00e9sies et des d\u00e9faillances morales qui se sont fait jour dans les \u00e9glises, et il \u00e9crit pour avertir, pour exhorter, pour consoler. Le sombre tableau qu&rsquo;il d\u00e9peint est contrebalanc\u00e9 par l&rsquo;importance qu&rsquo;il accorde \u00e0 l&rsquo;esp\u00e9rance du retour du Seigneur. Il explique que si celui-ci est retard\u00e9, ce n&rsquo;est pas parce que Dieu serait n\u00e9gligent, mais \u00e0 cause de sa patience (3.9). Il craint que les chr\u00e9tiens, press\u00e9s par la pers\u00e9cution et la tentation, n&rsquo;oublient les commandements qui leur ont \u00e9t\u00e9 communiqu\u00e9s par les proph\u00e8tes et les ap\u00f4tres. Il \u00e9crit pour leur rappeler leur appel et pour les motiver (1.9, 12-13, 15\u00a0; 3.1-2). Le chapitre 2 ressemble de tr\u00e8s pr\u00e8s dans son contenu \u00e0 la lettre de Jude. Pierre, en parlant du mal qui r\u00f4de, insiste d&rsquo;autant plus sur l&rsquo;appel \u00e0 la saintet\u00e9 qu&rsquo;il avait d\u00e9j\u00e0 lanc\u00e9 dans sa premi\u00e8re lettre\u00a0: \u00ab\u00a0Vous donc, bien-aim\u00e9s, qui \u00eates pr\u00e9venus, soyez sur vos gardes, de peur qu\u2019entra\u00een\u00e9s par l\u2019\u00e9garement des impies, vous ne veniez \u00e0 d\u00e9choir de votre fermet\u00e9\u00a0\u00bb (2\u00a0P 3.17). L&rsquo;antidote fondamental \u00e0 l&rsquo;erreur est la connaissance v\u00e9ritable de Dieu et du Seigneur J\u00e9sus-Christ. C&rsquo;est l\u00e0 la cl\u00e9 de cette \u00e9p\u00eetre. Voir 1.2- 3, 8\u00a0; 2.20\u00a0; 3.18.<\/p>\n<h2>Plan<\/h2>\n<p>1.1-2 Introduction.<\/p>\n<p>1.3-15 Un appel \u00e0 progresser au niveau du caract\u00e8re et \u00e0 porter du fruit.<\/p>\n<p>1.16-21 La v\u00e9racit\u00e9 du message chr\u00e9tien.<\/p>\n<p>2.1-22 Description et condamnation des faux proph\u00e8tes.<\/p>\n<p>3.1-7 Avertissement en ce qui concerne les derniers temps.<\/p>\n<p>3.8-18 La patience du Seigneur, et la certitude de son retour.<\/p>\n","protected":false},"excerpt":{"rendered":"<p>La deuxi\u00e8me \u00e9p\u00eetre de Pierre a \u00e9t\u00e9 \u00e9crite juste avant sa mort (1.14-15). On peut la consid\u00e9rer comme ses derni\u00e8res paroles, et ceci conf\u00e8re une port\u00e9e suppl\u00e9mentaire au message final\u00a0: \u00ab\u00a0Croissez dans la gr\u00e2ce et la connaissance de notre Seigneur et Sauveur J\u00e9sus-Christ \u00bb (3.18). Pierre est manifestement inquiet \u00e0 cause des h\u00e9r\u00e9sies et des [&hellip;]<\/p>\n","protected":false},"author":2,"featured_media":2167,"comment_status":"open","ping_status":"open","sticky":false,"template":"","format":"standard","meta":{"_acf_changed":false,"_eb_attr":"","advgb_blocks_editor_width":"","advgb_blocks_columns_visual_guide":"","footnotes":""},"categories":[90],"tags":[136,651],"video":[],"audio":[],"ecrit":[],"mis-en-avant":[],"redacteur":[],"type-darticle":[],"class_list":["post-215","post","type-post","status-publish","format-standard","has-post-thumbnail","hentry","category-introduction-aux-livres-bibliques","tag-2-pierre","tag-ecrit"],"blocksy_meta":[],"acf":[],"featured_image_src":"https:\/\/www.creusonslabible.fr\/wp-content\/uploads\/2012\/07\/pierre-1.jpg","author_info":{"display_name":"caillou","author_link":"https:\/\/www.creusonslabible.fr\/?author=2"},"author_meta":{"display_name":"caillou","author_link":"https:\/\/www.creusonslabible.fr\/?author=2"},"featured_img":"https:\/\/www.creusonslabible.fr\/wp-content\/uploads\/2012\/07\/pierre-1.jpg","coauthors":[],"tax_additional":{"categories":{"linked":["<a href=\"https:\/\/www.creusonslabible.fr\/?cat=90\" class=\"advgb-post-tax-term\">Introduction aux livres Bibliques<\/a>"],"unlinked":["<span class=\"advgb-post-tax-term\">Introduction aux livres Bibliques<\/span>"]},"tags":{"linked":["<a href=\"https:\/\/www.creusonslabible.fr\/?cat=90\" class=\"advgb-post-tax-term\">2 Pierre<\/a>","<a href=\"https:\/\/www.creusonslabible.fr\/?cat=90\" class=\"advgb-post-tax-term\">\u00e9crit<\/a>"],"unlinked":["<span class=\"advgb-post-tax-term\">2 Pierre<\/span>","<span class=\"advgb-post-tax-term\">\u00e9crit<\/span>"]}},"comment_count":"1","relative_dates":{"created":"Publi\u00e9 14 ans il y a","modified":"Mis \u00e0 jour 1 an il y a"},"absolute_dates":{"created":"Publi\u00e9 le 5 juillet 2012","modified":"Mise \u00e0 jour le 24 janvier 2025"},"absolute_dates_time":{"created":"Publi\u00e9 le 5 juillet 2012 14h22","modified":"Mise \u00e0 jour le 24 janvier 2025 11h09"},"featured_img_caption":"","series_order":"","meta_box":[],"_links":{"self":[{"href":"https:\/\/www.creusonslabible.fr\/index.php?rest_route=\/wp\/v2\/posts\/215","targetHints":{"allow":["GET"]}}],"collection":[{"href":"https:\/\/www.creusonslabible.fr\/index.php?rest_route=\/wp\/v2\/posts"}],"about":[{"href":"https:\/\/www.creusonslabible.fr\/index.php?rest_route=\/wp\/v2\/types\/post"}],"author":[{"embeddable":true,"href":"https:\/\/www.creusonslabible.fr\/index.php?rest_route=\/wp\/v2\/users\/2"}],"replies":[{"embeddable":true,"href":"https:\/\/www.creusonslabible.fr\/index.php?rest_route=%2Fwp%2Fv2%2Fcomments&post=215"}],"version-history":[{"count":1,"href":"https:\/\/www.creusonslabible.fr\/index.php?rest_route=\/wp\/v2\/posts\/215\/revisions"}],"predecessor-version":[{"id":10778,"href":"https:\/\/www.creusonslabible.fr\/index.php?rest_route=\/wp\/v2\/posts\/215\/revisions\/10778"}],"wp:featuredmedia":[{"embeddable":true,"href":"https:\/\/www.creusonslabible.fr\/index.php?rest_route=\/wp\/v2\/media\/2167"}],"wp:attachment":[{"href":"https:\/\/www.creusonslabible.fr\/index.php?rest_route=%2Fwp%2Fv2%2Fmedia&parent=215"}],"wp:term":[{"taxonomy":"category","embeddable":true,"href":"https:\/\/www.creusonslabible.fr\/index.php?rest_route=%2Fwp%2Fv2%2Fcategories&post=215"},{"taxonomy":"post_tag","embeddable":true,"href":"https:\/\/www.creusonslabible.fr\/index.php?rest_route=%2Fwp%2Fv2%2Ftags&post=215"},{"taxonomy":"video","embeddable":true,"href":"https:\/\/www.creusonslabible.fr\/index.php?rest_route=%2Fwp%2Fv2%2Fvideo&post=215"},{"taxonomy":"audio","embeddable":true,"href":"https:\/\/www.creusonslabible.fr\/index.php?rest_route=%2Fwp%2Fv2%2Faudio&post=215"},{"taxonomy":"ecrit","embeddable":true,"href":"https:\/\/www.creusonslabible.fr\/index.php?rest_route=%2Fwp%2Fv2%2Fecrit&post=215"},{"taxonomy":"mis-en-avant","embeddable":true,"href":"https:\/\/www.creusonslabible.fr\/index.php?rest_route=%2Fwp%2Fv2%2Fmis-en-avant&post=215"},{"taxonomy":"redacteur","embeddable":true,"href":"https:\/\/www.creusonslabible.fr\/index.php?rest_route=%2Fwp%2Fv2%2Fredacteur&post=215"},{"taxonomy":"type-darticle","embeddable":true,"href":"https:\/\/www.creusonslabible.fr\/index.php?rest_route=%2Fwp%2Fv2%2Ftype-darticle&post=215"}],"curies":[{"name":"wp","href":"https:\/\/api.w.org\/{rel}","templated":true}]}}