{"id":2403,"date":"2013-09-19T09:50:19","date_gmt":"2013-09-19T09:50:19","guid":{"rendered":"http:\/\/www.creusonslabible.fr\/?p=2403"},"modified":"2025-01-24T11:44:22","modified_gmt":"2025-01-24T09:44:22","slug":"eph-1-1-14-lumiere-1","status":"publish","type":"post","link":"https:\/\/www.creusonslabible.fr\/?p=2403","title":{"rendered":"\u00c9ph\u00e9siens 1.1-14 &#8211; La communaut\u00e9 de J\u00e9sus (1)"},"content":{"rendered":"<h2>Lumi\u00e8re !<\/h2>\n<blockquote><p>1 Paul, ap\u00f4tre de J\u00e9sus-Christ par la volont\u00e9 de Dieu, \u00e0 ceux qui, \u00e0 Eph\u00e8se, sont saints et dignes de confiance en J\u00e9sus-Christ\u00a0: 2 Gr\u00e2ce et paix \u00e0 vous de la part de Dieu, notre P\u00e8re, et du Seigneur J\u00e9sus-Christ\u00a0!<\/p>\n<p>3 B\u00e9ni soit le Dieu et P\u00e8re de notre Seigneur J\u00e9sus-Christ, qui nous a b\u00e9nis de toute b\u00e9n\u00e9diction spirituelle dans les lieux c\u00e9lestes, dans le Christ. 4 En lui, il nous a choisis avant la fondation du monde, pour que nous soyons saints et sans d\u00e9faut devant lui. Dans son amour, 5 il nous a destin\u00e9s d&rsquo;avance, par J\u00e9sus-Christ, \u00e0 l&rsquo;adoption filiale, pour lui, selon sa volont\u00e9 bienveillante, 6 afin de c\u00e9l\u00e9brer la gloire de sa gr\u00e2ce, dont il nous a combl\u00e9s en son bien-aim\u00e9.<\/p>\n<p>7 En lui, nous avons la r\u00e9demption par son sang, le pardon des fautes selon la richesse de sa gr\u00e2ce, 8 qu&rsquo;il nous a octroy\u00e9e abondamment, en toute sagesse et intelligence. 9 Il nous a fait conna\u00eetre le myst\u00e8re de sa volont\u00e9, le projet bienveillant qu&rsquo;il s&rsquo;\u00e9tait propos\u00e9 en lui, 10 pour le r\u00e9aliser quand les temps seraient accomplis\u00a0: r\u00e9capituler tout dans le Christ, ce qui est dans les cieux comme ce qui est sur la terre.<\/p>\n<p>11 En lui, nous avons aussi re\u00e7u notre part d&rsquo;h\u00e9ritage, nous qui avons \u00e9t\u00e9 destin\u00e9s d&rsquo;avance, selon le projet de celui qui op\u00e8re en tout selon les d\u00e9cisions de sa volont\u00e9, 12 \u00e0 c\u00e9l\u00e9brer sa gloire, nous qui, d&rsquo;avance, avons mis notre esp\u00e9rance dans le Christ.<\/p>\n<p>13 En lui, vous aussi, apr\u00e8s avoir entendu la parole de la v\u00e9rit\u00e9, la bonne nouvelle de votre salut, en lui, vous \u00eates venus \u00e0 la foi et vous avez \u00e9t\u00e9 scell\u00e9s de l&rsquo;Esprit saint qui avait \u00e9t\u00e9 promis 14 et qui constitue les arrhes de notre h\u00e9ritage, pour la r\u00e9demption de ce qu&rsquo;il s&rsquo;est acquis, afin de c\u00e9l\u00e9brer sa gloire.<\/p><\/blockquote>\n<p style=\"text-align: left;\" align=\"CENTER\"><strong>EN LUI&#8230;<\/strong><\/p>\n<p align=\"LEFT\"><strong>\u2026 nous avons \u00e9t\u00e9 \u00e9lus (3-6)<\/strong><\/p>\n<p align=\"LEFT\">Depuis le d\u00e9but, Dieu a pr\u00e9vu de nous (ceux qui ont J\u00e9sus pour Seigneur et Sauveur) adopter et nous combler. Nous pouvons ainsi c\u00e9l\u00e9brer sa Gr\u00e2ce et son Plan bienveillant qui nous a valu la vie.<\/p>\n<p align=\"LEFT\"><strong>\u2026 nous avons \u00e9t\u00e9 sauv\u00e9s (7-10)<\/strong><\/p>\n<p align=\"LEFT\">Le plan de Dieu est maintenant accompli : tout est r\u00e9capitul\u00e9 dans le Christ&#8230; nous y compris. Quel plan merveilleux !<\/p>\n<p align=\"LEFT\"><strong>\u2026 nous avons re\u00e7u notre part (11-12)<\/strong><\/p>\n<p align=\"LEFT\">Nous appartenons \u00e0 Dieu et, une fois de plus, Paul insiste sur le fait que nous avons \u00e9t\u00e9 pr\u00e9destin\u00e9s \u00e0 cela.<\/p>\n<p align=\"LEFT\"><strong>\u2026 vous avez \u00e9t\u00e9 inform\u00e9s (13a)<\/strong><\/p>\n<p align=\"LEFT\">Soudain, Paul passe de \u00ab\u00a0nous\u00a0\u00bb au \u00ab\u00a0vous\u00a0\u00bb. Il s&rsquo;adresse \u00e0 des pa\u00efens qui n&rsquo;attendaient pas le Messie mais qui ont tout de m\u00eame entendu l&rsquo;\u00c9vangile au m\u00eame titre que les juifs.<\/p>\n<p align=\"LEFT\"><strong>\u2026 vous avez re\u00e7u l&rsquo;Esprit (13b-14)<\/strong><\/p>\n<p style=\"text-align: left;\" align=\"LEFT\">Comment<span style=\"font-size: small;\"> savoir que l&rsquo;on appartient \u00e0 J\u00e9sus ? Gr\u00e2ce au St Esprit. Mais il n&rsquo;est pas qu&rsquo;une preuve de ce qui est : il donne aussi un aper\u00e7u de ce qui vient !<\/span><\/p>\n<h2 style=\"text-align: left;\" align=\"LEFT\">\u00a0Application<\/h2>\n<ul>\n<li>\n<p align=\"LEFT\">En tant que communaut\u00e9 de Christ, nous sommes l\u00e0 pour c\u00e9l\u00e9brer sa gloire et sa gr\u00e2ce \u00e0 notre \u00e9gard ! Nous ne sommes donc pas l\u00e0 pour notre \u00e9panouissement personnel mais pour Lui, uniquement Lui.<\/p>\n<\/li>\n<\/ul>\n<ul>\n<li>\n<p align=\"LEFT\">En tant que communaut\u00e9 de Christ, nous sommes l&rsquo;aboutissement du plan de Dieu ! Imaginez qu&rsquo;avant la fondation du monde il avait d\u00e9j\u00e0 pr\u00e9vu de vous sauver.<\/p>\n<\/li>\n<\/ul>\n<ul>\n<li>\n<p align=\"LEFT\">En tant que communaut\u00e9 de Christ, c&rsquo;est Lui qui est notre chef. Soumettons-nous donc \u00e0 Lui.<\/p>\n<\/li>\n<\/ul>\n<ul>\n<li>\n<p align=\"LEFT\">En tant que communaut\u00e9 de Christ, l&rsquo;Esprit doit agir en nous. Nous devons \u00eatre rayonnants, saints, nous devons pr\u00e9figurer la perfection qui aura cours \u00e0 la fin des temps.<\/p>\n<\/li>\n<\/ul>\n","protected":false},"excerpt":{"rendered":"<p>Lumi\u00e8re ! 1 Paul, ap\u00f4tre de J\u00e9sus-Christ par la volont\u00e9 de Dieu, \u00e0 ceux qui, \u00e0 Eph\u00e8se, sont saints et dignes de confiance en J\u00e9sus-Christ\u00a0: 2 Gr\u00e2ce et paix \u00e0 vous de la part de Dieu, notre P\u00e8re, et du Seigneur J\u00e9sus-Christ\u00a0! 3 B\u00e9ni soit le Dieu et P\u00e8re de notre Seigneur J\u00e9sus-Christ, qui nous [&hellip;]<\/p>\n","protected":false},"author":3,"featured_media":2404,"comment_status":"open","ping_status":"closed","sticky":false,"template":"","format":"standard","meta":{"_acf_changed":false,"_eb_attr":"","advgb_blocks_editor_width":"","advgb_blocks_columns_visual_guide":"","footnotes":""},"categories":[73,75,197,21,16],"tags":[651,196,1147,270,23,325,864],"video":[],"audio":[],"ecrit":[],"mis-en-avant":[],"redacteur":[],"type-darticle":[],"class_list":["post-2403","post","type-post","status-publish","format-standard","has-post-thumbnail","hentry","category-comment-dieu-sauve","category-jesus-le-fils","category-l-eglise","category-la-bible","category-meditations-bibliques","tag-ecrit","tag-eglise","tag-ephesiens","tag-grace","tag-nouveau-testament","tag-paiens","tag-predestination"],"blocksy_meta":[],"acf":[],"featured_image_src":"https:\/\/www.creusonslabible.fr\/wp-content\/uploads\/2013\/08\/Ephesiens-1.jpg","author_info":{"display_name":"Yoh","author_link":"https:\/\/www.creusonslabible.fr\/?author=3"},"author_meta":{"display_name":"Yoh","author_link":"https:\/\/www.creusonslabible.fr\/?author=3"},"featured_img":"https:\/\/www.creusonslabible.fr\/wp-content\/uploads\/2013\/08\/Ephesiens-1.jpg","coauthors":[],"tax_additional":{"categories":{"linked":["<a href=\"https:\/\/www.creusonslabible.fr\/?cat=73\" class=\"advgb-post-tax-term\">Comment Dieu sauve<\/a>","<a href=\"https:\/\/www.creusonslabible.fr\/?cat=75\" class=\"advgb-post-tax-term\">J\u00e9sus le Fils<\/a>","<a href=\"https:\/\/www.creusonslabible.fr\/?cat=197\" class=\"advgb-post-tax-term\">L&#039;\u00c9glise<\/a>","<a href=\"https:\/\/www.creusonslabible.fr\/?cat=21\" class=\"advgb-post-tax-term\">La Bible<\/a>","<a href=\"https:\/\/www.creusonslabible.fr\/?cat=16\" class=\"advgb-post-tax-term\">M\u00e9ditations bibliques<\/a>"],"unlinked":["<span class=\"advgb-post-tax-term\">Comment Dieu sauve<\/span>","<span class=\"advgb-post-tax-term\">J\u00e9sus le Fils<\/span>","<span class=\"advgb-post-tax-term\">L&#039;\u00c9glise<\/span>","<span class=\"advgb-post-tax-term\">La Bible<\/span>","<span class=\"advgb-post-tax-term\">M\u00e9ditations bibliques<\/span>"]},"tags":{"linked":["<a href=\"https:\/\/www.creusonslabible.fr\/?cat=16\" class=\"advgb-post-tax-term\">\u00e9crit<\/a>","<a href=\"https:\/\/www.creusonslabible.fr\/?cat=16\" class=\"advgb-post-tax-term\">\u00e9glise<\/a>","<a href=\"https:\/\/www.creusonslabible.fr\/?cat=16\" class=\"advgb-post-tax-term\">\u00c9ph\u00e9siens<\/a>","<a href=\"https:\/\/www.creusonslabible.fr\/?cat=16\" class=\"advgb-post-tax-term\">gr\u00e2ce<\/a>","<a href=\"https:\/\/www.creusonslabible.fr\/?cat=16\" class=\"advgb-post-tax-term\">Nouveau-Testament<\/a>","<a href=\"https:\/\/www.creusonslabible.fr\/?cat=16\" class=\"advgb-post-tax-term\">pa\u00efens<\/a>","<a href=\"https:\/\/www.creusonslabible.fr\/?cat=16\" class=\"advgb-post-tax-term\">pr\u00e9destination<\/a>"],"unlinked":["<span class=\"advgb-post-tax-term\">\u00e9crit<\/span>","<span class=\"advgb-post-tax-term\">\u00e9glise<\/span>","<span class=\"advgb-post-tax-term\">\u00c9ph\u00e9siens<\/span>","<span class=\"advgb-post-tax-term\">gr\u00e2ce<\/span>","<span class=\"advgb-post-tax-term\">Nouveau-Testament<\/span>","<span class=\"advgb-post-tax-term\">pa\u00efens<\/span>","<span class=\"advgb-post-tax-term\">pr\u00e9destination<\/span>"]}},"comment_count":"1","relative_dates":{"created":"Publi\u00e9 13 ans il y a","modified":"Mis \u00e0 jour 1 an il y a"},"absolute_dates":{"created":"Publi\u00e9 le 19 septembre 2013","modified":"Mise \u00e0 jour le 24 janvier 2025"},"absolute_dates_time":{"created":"Publi\u00e9 le 19 septembre 2013 9h50","modified":"Mise \u00e0 jour le 24 janvier 2025 11h44"},"featured_img_caption":"","series_order":"","meta_box":[],"_links":{"self":[{"href":"https:\/\/www.creusonslabible.fr\/index.php?rest_route=\/wp\/v2\/posts\/2403","targetHints":{"allow":["GET"]}}],"collection":[{"href":"https:\/\/www.creusonslabible.fr\/index.php?rest_route=\/wp\/v2\/posts"}],"about":[{"href":"https:\/\/www.creusonslabible.fr\/index.php?rest_route=\/wp\/v2\/types\/post"}],"author":[{"embeddable":true,"href":"https:\/\/www.creusonslabible.fr\/index.php?rest_route=\/wp\/v2\/users\/3"}],"replies":[{"embeddable":true,"href":"https:\/\/www.creusonslabible.fr\/index.php?rest_route=%2Fwp%2Fv2%2Fcomments&post=2403"}],"version-history":[{"count":1,"href":"https:\/\/www.creusonslabible.fr\/index.php?rest_route=\/wp\/v2\/posts\/2403\/revisions"}],"predecessor-version":[{"id":11038,"href":"https:\/\/www.creusonslabible.fr\/index.php?rest_route=\/wp\/v2\/posts\/2403\/revisions\/11038"}],"wp:featuredmedia":[{"embeddable":true,"href":"https:\/\/www.creusonslabible.fr\/index.php?rest_route=\/wp\/v2\/media\/2404"}],"wp:attachment":[{"href":"https:\/\/www.creusonslabible.fr\/index.php?rest_route=%2Fwp%2Fv2%2Fmedia&parent=2403"}],"wp:term":[{"taxonomy":"category","embeddable":true,"href":"https:\/\/www.creusonslabible.fr\/index.php?rest_route=%2Fwp%2Fv2%2Fcategories&post=2403"},{"taxonomy":"post_tag","embeddable":true,"href":"https:\/\/www.creusonslabible.fr\/index.php?rest_route=%2Fwp%2Fv2%2Ftags&post=2403"},{"taxonomy":"video","embeddable":true,"href":"https:\/\/www.creusonslabible.fr\/index.php?rest_route=%2Fwp%2Fv2%2Fvideo&post=2403"},{"taxonomy":"audio","embeddable":true,"href":"https:\/\/www.creusonslabible.fr\/index.php?rest_route=%2Fwp%2Fv2%2Faudio&post=2403"},{"taxonomy":"ecrit","embeddable":true,"href":"https:\/\/www.creusonslabible.fr\/index.php?rest_route=%2Fwp%2Fv2%2Fecrit&post=2403"},{"taxonomy":"mis-en-avant","embeddable":true,"href":"https:\/\/www.creusonslabible.fr\/index.php?rest_route=%2Fwp%2Fv2%2Fmis-en-avant&post=2403"},{"taxonomy":"redacteur","embeddable":true,"href":"https:\/\/www.creusonslabible.fr\/index.php?rest_route=%2Fwp%2Fv2%2Fredacteur&post=2403"},{"taxonomy":"type-darticle","embeddable":true,"href":"https:\/\/www.creusonslabible.fr\/index.php?rest_route=%2Fwp%2Fv2%2Ftype-darticle&post=2403"}],"curies":[{"name":"wp","href":"https:\/\/api.w.org\/{rel}","templated":true}]}}