{"id":246,"date":"2012-07-05T15:15:12","date_gmt":"2012-07-05T15:15:12","guid":{"rendered":"http:\/\/elearning.gbu.fr\/?p=246"},"modified":"2025-01-24T11:09:08","modified_gmt":"2025-01-24T09:09:08","slug":"2-thimothee","status":"publish","type":"post","link":"https:\/\/www.creusonslabible.fr\/?p=246","title":{"rendered":"2 Timoth\u00e9e"},"content":{"rendered":"<p>Cette lettre est d&rsquo;un int\u00e9r\u00eat particulier parce qu&rsquo;il s&rsquo;agit de la derni\u00e8re lettre de Paul, \u00e9crite pendant son dernier emprisonnement \u00e0 Rome, quand il \u00e9tait conscient que l\u2019heure de sa mort ne tarderait plus. Elle r\u00e9v\u00e8le que les derniers jours de Paul se sont \u00e9coul\u00e9s sans confort mat\u00e9riel. Il n&rsquo;y avait pas de r\u00e9compense imm\u00e9diate pour ses longues ann\u00e9es de travail. Pour diverses raisons, ses amis l\u2019avaient quitt\u00e9 (1.15\u00a0; 4.10, 12, 16). Au sein du lugubre environnement de sa prison, il demande qu&rsquo;on lui am\u00e8ne son vieux manteau pour lui tenir chaud, et ses parchemins \u00e0 lire (4.13). Il insiste pour que Timoth\u00e9e vienne le rejoindre rapidement, pour le revoir avant sa mort (1.4\u00a0; 4.9, 21). Dans ces circonstances difficiles, il exhorte son fils dans la foi \u00e0 \u00eatre fid\u00e8le \u00e0 la v\u00e9rit\u00e9. Il s&rsquo;inqui\u00e8te davantage pour Timoth\u00e9e ou pour l&rsquo;avenir de l&rsquo;\u00e9vangile que pour lui-m\u00eame. Ferme et confiant jusqu&rsquo;\u00e0 la fin, il a toujours le m\u00eame message \u00e0 communiquer \u00e0 tous ceux qui sont appel\u00e9s au service de Christ\u00a0: ce que le Seigneur recherche chez ses serviteurs, c&rsquo;est la fid\u00e9lit\u00e9, m\u00eame jusqu&rsquo;\u00e0 la mort\u00a0; il leur demande de veiller, d&rsquo;\u00eatre pers\u00e9v\u00e9rants, de travailler et de s&rsquo;acquitter fid\u00e8lement des obligations de leur charge, de courir la course jusqu&rsquo;au bout, et de vivre en attendant le jour du couronnement qui s&rsquo;approche. Pour tous ceux qui se comportent ainsi est r\u00e9serv\u00e9e la \u00ab\u00a0gloire \u00e9ternelle\u00a0\u00bb.<\/p>\n<h2>Plan<\/h2>\n<p>1.1-5 Salutation et action de gr\u00e2ces.<\/p>\n<p>1.6-2.13 Exhortation \u00e0 tenir ferme, \u00e0 \u00eatre pleinement engag\u00e9 et courageux au service de Christ.<\/p>\n<p>2.14-26 R\u00e8gles de conduite pour le serviteur du Seigneur.<\/p>\n<p>3.1-16 Sombres perspectives\u00a0; l&rsquo;exemple personnel de Paul. Valeur des \u00c9critures.<\/p>\n<p>4.1-8 Exhortation finale, rendue plus poignante encore par la perspective de la mort de Paul.<\/p>\n<p>4.9-18 D\u00e9tails personnels concernant les conditions dans lesquelles se trouve Paul et son exp\u00e9rience de la prison.<\/p>\n<p>4.19-22 Salutation finale et b\u00e9n\u00e9diction.<\/p>\n","protected":false},"excerpt":{"rendered":"<p>Cette lettre est d&rsquo;un int\u00e9r\u00eat particulier parce qu&rsquo;il s&rsquo;agit de la derni\u00e8re lettre de Paul, \u00e9crite pendant son dernier emprisonnement \u00e0 Rome, quand il \u00e9tait conscient que l\u2019heure de sa mort ne tarderait plus. Elle r\u00e9v\u00e8le que les derniers jours de Paul se sont \u00e9coul\u00e9s sans confort mat\u00e9riel. Il n&rsquo;y avait pas de r\u00e9compense imm\u00e9diate [&hellip;]<\/p>\n","protected":false},"author":2,"featured_media":2292,"comment_status":"open","ping_status":"open","sticky":false,"template":"","format":"standard","meta":{"_acf_changed":false,"_eb_attr":"","advgb_blocks_editor_width":"","advgb_blocks_columns_visual_guide":"","footnotes":""},"categories":[90],"tags":[690,651],"video":[],"audio":[],"ecrit":[],"mis-en-avant":[],"redacteur":[],"type-darticle":[],"class_list":["post-246","post","type-post","status-publish","format-standard","has-post-thumbnail","hentry","category-introduction-aux-livres-bibliques","tag-2-timothee","tag-ecrit"],"blocksy_meta":[],"acf":[],"featured_image_src":"https:\/\/www.creusonslabible.fr\/wp-content\/uploads\/2012\/07\/2tim-1.jpg","author_info":{"display_name":"caillou","author_link":"https:\/\/www.creusonslabible.fr\/?author=2"},"author_meta":{"display_name":"caillou","author_link":"https:\/\/www.creusonslabible.fr\/?author=2"},"featured_img":"https:\/\/www.creusonslabible.fr\/wp-content\/uploads\/2012\/07\/2tim-1.jpg","coauthors":[],"tax_additional":{"categories":{"linked":["<a href=\"https:\/\/www.creusonslabible.fr\/?cat=90\" class=\"advgb-post-tax-term\">Introduction aux livres Bibliques<\/a>"],"unlinked":["<span class=\"advgb-post-tax-term\">Introduction aux livres Bibliques<\/span>"]},"tags":{"linked":["<a href=\"https:\/\/www.creusonslabible.fr\/?cat=90\" class=\"advgb-post-tax-term\">2 Timoth\u00e9e<\/a>","<a href=\"https:\/\/www.creusonslabible.fr\/?cat=90\" class=\"advgb-post-tax-term\">\u00e9crit<\/a>"],"unlinked":["<span class=\"advgb-post-tax-term\">2 Timoth\u00e9e<\/span>","<span class=\"advgb-post-tax-term\">\u00e9crit<\/span>"]}},"comment_count":"0","relative_dates":{"created":"Publi\u00e9 14 ans il y a","modified":"Mis \u00e0 jour 1 an il y a"},"absolute_dates":{"created":"Publi\u00e9 le 5 juillet 2012","modified":"Mise \u00e0 jour le 24 janvier 2025"},"absolute_dates_time":{"created":"Publi\u00e9 le 5 juillet 2012 15h15","modified":"Mise \u00e0 jour le 24 janvier 2025 11h09"},"featured_img_caption":"","series_order":"","meta_box":[],"_links":{"self":[{"href":"https:\/\/www.creusonslabible.fr\/index.php?rest_route=\/wp\/v2\/posts\/246","targetHints":{"allow":["GET"]}}],"collection":[{"href":"https:\/\/www.creusonslabible.fr\/index.php?rest_route=\/wp\/v2\/posts"}],"about":[{"href":"https:\/\/www.creusonslabible.fr\/index.php?rest_route=\/wp\/v2\/types\/post"}],"author":[{"embeddable":true,"href":"https:\/\/www.creusonslabible.fr\/index.php?rest_route=\/wp\/v2\/users\/2"}],"replies":[{"embeddable":true,"href":"https:\/\/www.creusonslabible.fr\/index.php?rest_route=%2Fwp%2Fv2%2Fcomments&post=246"}],"version-history":[{"count":1,"href":"https:\/\/www.creusonslabible.fr\/index.php?rest_route=\/wp\/v2\/posts\/246\/revisions"}],"predecessor-version":[{"id":10772,"href":"https:\/\/www.creusonslabible.fr\/index.php?rest_route=\/wp\/v2\/posts\/246\/revisions\/10772"}],"wp:featuredmedia":[{"embeddable":true,"href":"https:\/\/www.creusonslabible.fr\/index.php?rest_route=\/wp\/v2\/media\/2292"}],"wp:attachment":[{"href":"https:\/\/www.creusonslabible.fr\/index.php?rest_route=%2Fwp%2Fv2%2Fmedia&parent=246"}],"wp:term":[{"taxonomy":"category","embeddable":true,"href":"https:\/\/www.creusonslabible.fr\/index.php?rest_route=%2Fwp%2Fv2%2Fcategories&post=246"},{"taxonomy":"post_tag","embeddable":true,"href":"https:\/\/www.creusonslabible.fr\/index.php?rest_route=%2Fwp%2Fv2%2Ftags&post=246"},{"taxonomy":"video","embeddable":true,"href":"https:\/\/www.creusonslabible.fr\/index.php?rest_route=%2Fwp%2Fv2%2Fvideo&post=246"},{"taxonomy":"audio","embeddable":true,"href":"https:\/\/www.creusonslabible.fr\/index.php?rest_route=%2Fwp%2Fv2%2Faudio&post=246"},{"taxonomy":"ecrit","embeddable":true,"href":"https:\/\/www.creusonslabible.fr\/index.php?rest_route=%2Fwp%2Fv2%2Fecrit&post=246"},{"taxonomy":"mis-en-avant","embeddable":true,"href":"https:\/\/www.creusonslabible.fr\/index.php?rest_route=%2Fwp%2Fv2%2Fmis-en-avant&post=246"},{"taxonomy":"redacteur","embeddable":true,"href":"https:\/\/www.creusonslabible.fr\/index.php?rest_route=%2Fwp%2Fv2%2Fredacteur&post=246"},{"taxonomy":"type-darticle","embeddable":true,"href":"https:\/\/www.creusonslabible.fr\/index.php?rest_route=%2Fwp%2Fv2%2Ftype-darticle&post=246"}],"curies":[{"name":"wp","href":"https:\/\/api.w.org\/{rel}","templated":true}]}}