{"id":2494,"date":"2013-09-17T09:14:12","date_gmt":"2013-09-17T09:14:12","guid":{"rendered":"http:\/\/www.creusonslabible.fr\/?p=2494"},"modified":"2025-01-24T11:44:23","modified_gmt":"2025-01-24T09:44:23","slug":"2-ti-1-courage","status":"publish","type":"post","link":"https:\/\/www.creusonslabible.fr\/?p=2494","title":{"rendered":"2 Timoth\u00e9e 1 &#8211; Courage !"},"content":{"rendered":"<h2>v1-4<\/h2>\n<ul>\n<li>Quels sont les rapports entre Paul et Timoth\u00e9e ?<\/li>\n<li>Quel est le ton qu&#8217;emploie Paul ?<\/li>\n<li>Quel est le sens de la pri\u00e8re de Paul ?<\/li>\n<li>Que sait-on de Timoth\u00e9e gr\u00e2ce \u00e0 ces versets ?<\/li>\n<\/ul>\n<h2>V6-14<\/h2>\n<ul>\n<li>Rep\u00e9rez les verbes \u00e0 l&rsquo;imp\u00e9ratif. Quels sont les commandements que Paul donne\u00a0?<\/li>\n<li>Pourquoi Timoth\u00e9e aurait-il honte\u00a0? De qui ?<\/li>\n<li>Quels sont les arguments de Paul pour encourager Timoth\u00e9e ?<\/li>\n<li>Comment Paul exprime-t-il l&rsquo;\u00c9vangile ?<\/li>\n<li>Pourquoi le rappelle-t-il \u00e0 Timoth\u00e9e qui est responsable d&rsquo;une \u00c9glise ?<\/li>\n<li>Que doit faire Timoth\u00e9e pour garder courage ?<\/li>\n<\/ul>\n<h2>V15-18<\/h2>\n<ul>\n<li>Dans quel but Paul parle-t-il de ces personnes ?<\/li>\n<\/ul>\n<h2>Application<\/h2>\n<ul>\n<li>Pour quelles raisons les chr\u00e9tiens d&rsquo;aujourd&rsquo;hui pourraient-il \u00eatre tent\u00e9s d&rsquo;avoir honte de leur foi ?<\/li>\n<li>Qu&rsquo;est-ce que les chr\u00e9tiens devraient faire pour \u00eatre plus courageux et ne pas\u00a0avoir honte de l&rsquo;\u00c9vangile?<\/li>\n<li>Aujourd&rsquo;hui, en occident, comment les chr\u00e9tiens souffrent-ils pour l&rsquo;\u00c9vangile ? Comment doivent-il r\u00e9agir ?<\/li>\n<\/ul>\n<style class=\"advgb-styles-renderer\"><!--\nP { margin-bottom: 0.21cm; }\n--><\/style>\n","protected":false},"excerpt":{"rendered":"<p>v1-4 Quels sont les rapports entre Paul et Timoth\u00e9e ? Quel est le ton qu&#8217;emploie Paul ? Quel est le sens de la pri\u00e8re de Paul ? Que sait-on de Timoth\u00e9e gr\u00e2ce \u00e0 ces versets ? V6-14 Rep\u00e9rez les verbes \u00e0 l&rsquo;imp\u00e9ratif. Quels sont les commandements que Paul donne\u00a0? Pourquoi Timoth\u00e9e aurait-il honte\u00a0? De qui [&hellip;]<\/p>\n","protected":false},"author":3,"featured_media":8807,"comment_status":"open","ping_status":"closed","sticky":false,"template":"","format":"standard","meta":{"_acf_changed":false,"_eb_attr":"","advgb_blocks_editor_width":"","advgb_blocks_columns_visual_guide":"","footnotes":""},"categories":[10,206],"tags":[690,651,655,23,132],"video":[],"audio":[],"ecrit":[],"mis-en-avant":[],"redacteur":[],"type-darticle":[],"class_list":["post-2494","post","type-post","status-publish","format-standard","has-post-thumbnail","hentry","category-discussions-autour-de-la-bible","category-la-souffrance","tag-2-timothee","tag-ecrit","tag-lutte","tag-nouveau-testament","tag-paul"],"blocksy_meta":[],"acf":[],"featured_image_src":"https:\/\/www.creusonslabible.fr\/wp-content\/uploads\/2013\/09\/arisa-chattasa-HZbqhd5aK3I-unsplash-scaled-2.jpg","author_info":{"display_name":"Yoh","author_link":"https:\/\/www.creusonslabible.fr\/?author=3"},"author_meta":{"display_name":"Yoh","author_link":"https:\/\/www.creusonslabible.fr\/?author=3"},"featured_img":"https:\/\/www.creusonslabible.fr\/wp-content\/uploads\/2013\/09\/arisa-chattasa-HZbqhd5aK3I-unsplash-scaled-2-300x225.jpg","coauthors":[],"tax_additional":{"categories":{"linked":["<a href=\"https:\/\/www.creusonslabible.fr\/?cat=10\" class=\"advgb-post-tax-term\">Discussions autour de la Bible<\/a>","<a href=\"https:\/\/www.creusonslabible.fr\/?cat=206\" class=\"advgb-post-tax-term\">La souffrance<\/a>"],"unlinked":["<span class=\"advgb-post-tax-term\">Discussions autour de la Bible<\/span>","<span class=\"advgb-post-tax-term\">La souffrance<\/span>"]},"tags":{"linked":["<a href=\"https:\/\/www.creusonslabible.fr\/?cat=206\" class=\"advgb-post-tax-term\">2 Timoth\u00e9e<\/a>","<a href=\"https:\/\/www.creusonslabible.fr\/?cat=206\" class=\"advgb-post-tax-term\">\u00e9crit<\/a>","<a href=\"https:\/\/www.creusonslabible.fr\/?cat=206\" class=\"advgb-post-tax-term\">lutte<\/a>","<a href=\"https:\/\/www.creusonslabible.fr\/?cat=206\" class=\"advgb-post-tax-term\">Nouveau-Testament<\/a>","<a href=\"https:\/\/www.creusonslabible.fr\/?cat=206\" class=\"advgb-post-tax-term\">Paul<\/a>"],"unlinked":["<span class=\"advgb-post-tax-term\">2 Timoth\u00e9e<\/span>","<span class=\"advgb-post-tax-term\">\u00e9crit<\/span>","<span class=\"advgb-post-tax-term\">lutte<\/span>","<span class=\"advgb-post-tax-term\">Nouveau-Testament<\/span>","<span class=\"advgb-post-tax-term\">Paul<\/span>"]}},"comment_count":"0","relative_dates":{"created":"Publi\u00e9 13 ans il y a","modified":"Mis \u00e0 jour 1 an il y a"},"absolute_dates":{"created":"Publi\u00e9 le 17 septembre 2013","modified":"Mise \u00e0 jour le 24 janvier 2025"},"absolute_dates_time":{"created":"Publi\u00e9 le 17 septembre 2013 9h14","modified":"Mise \u00e0 jour le 24 janvier 2025 11h44"},"featured_img_caption":"","series_order":"","meta_box":[],"_links":{"self":[{"href":"https:\/\/www.creusonslabible.fr\/index.php?rest_route=\/wp\/v2\/posts\/2494","targetHints":{"allow":["GET"]}}],"collection":[{"href":"https:\/\/www.creusonslabible.fr\/index.php?rest_route=\/wp\/v2\/posts"}],"about":[{"href":"https:\/\/www.creusonslabible.fr\/index.php?rest_route=\/wp\/v2\/types\/post"}],"author":[{"embeddable":true,"href":"https:\/\/www.creusonslabible.fr\/index.php?rest_route=\/wp\/v2\/users\/3"}],"replies":[{"embeddable":true,"href":"https:\/\/www.creusonslabible.fr\/index.php?rest_route=%2Fwp%2Fv2%2Fcomments&post=2494"}],"version-history":[{"count":1,"href":"https:\/\/www.creusonslabible.fr\/index.php?rest_route=\/wp\/v2\/posts\/2494\/revisions"}],"predecessor-version":[{"id":11042,"href":"https:\/\/www.creusonslabible.fr\/index.php?rest_route=\/wp\/v2\/posts\/2494\/revisions\/11042"}],"wp:featuredmedia":[{"embeddable":true,"href":"https:\/\/www.creusonslabible.fr\/index.php?rest_route=\/wp\/v2\/media\/8807"}],"wp:attachment":[{"href":"https:\/\/www.creusonslabible.fr\/index.php?rest_route=%2Fwp%2Fv2%2Fmedia&parent=2494"}],"wp:term":[{"taxonomy":"category","embeddable":true,"href":"https:\/\/www.creusonslabible.fr\/index.php?rest_route=%2Fwp%2Fv2%2Fcategories&post=2494"},{"taxonomy":"post_tag","embeddable":true,"href":"https:\/\/www.creusonslabible.fr\/index.php?rest_route=%2Fwp%2Fv2%2Ftags&post=2494"},{"taxonomy":"video","embeddable":true,"href":"https:\/\/www.creusonslabible.fr\/index.php?rest_route=%2Fwp%2Fv2%2Fvideo&post=2494"},{"taxonomy":"audio","embeddable":true,"href":"https:\/\/www.creusonslabible.fr\/index.php?rest_route=%2Fwp%2Fv2%2Faudio&post=2494"},{"taxonomy":"ecrit","embeddable":true,"href":"https:\/\/www.creusonslabible.fr\/index.php?rest_route=%2Fwp%2Fv2%2Fecrit&post=2494"},{"taxonomy":"mis-en-avant","embeddable":true,"href":"https:\/\/www.creusonslabible.fr\/index.php?rest_route=%2Fwp%2Fv2%2Fmis-en-avant&post=2494"},{"taxonomy":"redacteur","embeddable":true,"href":"https:\/\/www.creusonslabible.fr\/index.php?rest_route=%2Fwp%2Fv2%2Fredacteur&post=2494"},{"taxonomy":"type-darticle","embeddable":true,"href":"https:\/\/www.creusonslabible.fr\/index.php?rest_route=%2Fwp%2Fv2%2Ftype-darticle&post=2494"}],"curies":[{"name":"wp","href":"https:\/\/api.w.org\/{rel}","templated":true}]}}