{"id":2534,"date":"2013-09-19T11:07:56","date_gmt":"2013-09-19T11:07:56","guid":{"rendered":"http:\/\/www.creusonslabible.fr\/?p=2534"},"modified":"2025-01-24T11:44:21","modified_gmt":"2025-01-24T09:44:21","slug":"ephesiens-5-6-14-changements-significatifs-3","status":"publish","type":"post","link":"https:\/\/www.creusonslabible.fr\/?p=2534","title":{"rendered":"\u00c9ph\u00e9siens 5.6-14 &#8211; Changements significatifs (3)"},"content":{"rendered":"<h2>QUE LA LUMI\u00c8RE SOIT !<\/h2>\n<blockquote><p>6 Que personne ne vous trompe par des discours vides\u00a0; car c&rsquo;est pour cela que la col\u00e8re de Dieu vient sur les rebelles. 7 N&rsquo;ayez donc aucune part avec eux. 8 Autrefois, en effet, vous \u00e9tiez t\u00e9n\u00e8bres, mais maintenant vous \u00eates lumi\u00e8re dans le Seigneur. Vivez comme des enfants de lumi\u00e8re\u00a0; 9 car le fruit de la lumi\u00e8re consiste en toute sorte de bont\u00e9, de justice et de v\u00e9rit\u00e9. 10 Sachez discerner ce qui est agr\u00e9\u00e9 du Seigneur\u00a0; 11 et ne vous associez pas aux oeuvres st\u00e9riles des t\u00e9n\u00e8bres, mais plut\u00f4t d\u00e9voilez-les. 12 En effet, ce qu&rsquo;ils font en secret, il est choquant m\u00eame d&rsquo;en parler. 13 Mais tout cela, une fois d\u00e9voil\u00e9, est rendu manifeste par la lumi\u00e8re, 14 car tout ce qui devient manifeste est lumi\u00e8re. C&rsquo;est pourquoi il dit\u00a0:<\/p>\n<blockquote><p>R\u00e9veille-toi, toi qui dors,<br \/>\nrel\u00e8ve-toi d&rsquo;entre les morts,<br \/>\net le Christ t&rsquo;illuminera.<\/p><\/blockquote>\n<\/blockquote>\n<h3 align=\"LEFT\"><\/h3>\n<h3 align=\"LEFT\"><b>Encore une dichotomie !<\/b><\/h3>\n<p lang=\"fr-FR\"><span style=\"font-size: small;\">Paul continue de jouer sur les oppositions. Cette fois-ci c&rsquo;est entre la lumi\u00e8re et les t\u00e9n\u00e8bres et c&rsquo;est particuli\u00e8rement g\u00e9nial ! En effet, les t\u00e9n\u00e8bres n&rsquo;ont pas d&rsquo;existence propre : elles sont une absence de lumi\u00e8re ! D\u00e8s qu&rsquo;il y a un peu de lumi\u00e8re, l&rsquo;obscurit\u00e9 disparait. Il y a donc un combat entre 2 \u00e9tats antinomiques (comme d&rsquo;habitude) mais un combat in\u00e9gal, dissym\u00e9trique. Les \u00e9ph\u00e9siens peuvent gagner s&rsquo;ils sont du bon c\u00f4t\u00e9 (8), sous l&rsquo;influence de Celui qui est la lumi\u00e8re : J\u00e9sus (14).<\/span><\/p>\n<h3 align=\"LEFT\"><b>2 missions<\/b><\/h3>\n<p lang=\"fr-FR\"><span style=\"font-size: small;\">Les enfants de lumi\u00e8re ont deux choses \u00e0 faire :<\/span><\/p>\n<ol>\n<li><span style=\"font-size: small;\"><b>Discerner<\/b><\/span><span style=\"font-size: small;\"> le comportement qu&rsquo;ils doivent avoir pour plaire au Seigneur (9-10). Devinez comment ? Gr\u00e2ce \u00e0 la Bible ! Et gr\u00e2ce \u00e0 qui ? Gr\u00e2ce aux minist\u00e8res cit\u00e9s en 4.11-16 !<\/span><\/li>\n<\/ol>\n<ol start=\"2\">\n<li><span style=\"font-size: small;\"><b>D\u00e9masquer<\/b><\/span><span style=\"font-size: small;\"> les gens et les choses qui favorisent les t\u00e9n\u00e8bres. On est donc pass\u00e9 \u00e0 un autre stade : au v.6, les \u00e9ph\u00e9siens devaient r\u00e9sister aux mauvaises influences (posture d\u00e9fensive), maintenant (v.11 et 13) ils doivent carr\u00e9ment les d\u00e9noncer (posture offensive) ! Cela correspond \u00e0 l&rsquo;enseignement de J\u00e9sus sur la montagne (Mt 5.14) : les chr\u00e9tiens sont destin\u00e9s \u00e0 \u00eatre la lumi\u00e8re du monde.<\/span><\/li>\n<\/ol>\n<h2 lang=\"fr-FR\">\u00a0APPLICATION<\/h2>\n<ul>\n<li>\n<p lang=\"fr-FR\"><span style=\"font-size: small;\">Si vous essayez de combattre les t\u00e9n\u00e8bres en \u00e9tant mal attach\u00e9s \u00e0 J\u00e9sus et \u00e0 Sa Parole, vous allez en baver !!! N&rsquo;oubliez pas que sans J\u00e9sus, nous sommes tr\u00e8s loin d&rsquo;\u00eatre des lumi\u00e8res !<\/span><\/p>\n<\/li>\n<\/ul>\n<ul>\n<li>\n<p lang=\"fr-FR\"><span style=\"font-size: small;\">Nous ne sommes pas appel\u00e9s \u00e0 tous \u00eatre les rois de l&rsquo;\u00e9vang\u00e9lisation. Nous avons juste \u00e0 \u00eatre fid\u00e8les, int\u00e8gres et dire de qui nous sommes les enfants. Facile, non ? Non.<\/span><\/p>\n<\/li>\n<\/ul>\n","protected":false},"excerpt":{"rendered":"<p>QUE LA LUMI\u00c8RE SOIT ! 6 Que personne ne vous trompe par des discours vides\u00a0; car c&rsquo;est pour cela que la col\u00e8re de Dieu vient sur les rebelles. 7 N&rsquo;ayez donc aucune part avec eux. 8 Autrefois, en effet, vous \u00e9tiez t\u00e9n\u00e8bres, mais maintenant vous \u00eates lumi\u00e8re dans le Seigneur. Vivez comme des enfants de [&hellip;]<\/p>\n","protected":false},"author":3,"featured_media":2404,"comment_status":"open","ping_status":"closed","sticky":false,"template":"","format":"standard","meta":{"_acf_changed":false,"_eb_attr":"","advgb_blocks_editor_width":"","advgb_blocks_columns_visual_guide":"","footnotes":""},"categories":[73,75,197,21,16],"tags":[651,196,1147,270,246,23,868],"video":[],"audio":[],"ecrit":[],"mis-en-avant":[],"redacteur":[],"type-darticle":[],"class_list":["post-2534","post","type-post","status-publish","format-standard","has-post-thumbnail","hentry","category-comment-dieu-sauve","category-jesus-le-fils","category-l-eglise","category-la-bible","category-meditations-bibliques","tag-ecrit","tag-eglise","tag-ephesiens","tag-grace","tag-lumiere","tag-nouveau-testament","tag-tenebres"],"blocksy_meta":[],"acf":[],"featured_image_src":"https:\/\/www.creusonslabible.fr\/wp-content\/uploads\/2013\/08\/Ephesiens-1.jpg","author_info":{"display_name":"Yoh","author_link":"https:\/\/www.creusonslabible.fr\/?author=3"},"author_meta":{"display_name":"Yoh","author_link":"https:\/\/www.creusonslabible.fr\/?author=3"},"featured_img":"https:\/\/www.creusonslabible.fr\/wp-content\/uploads\/2013\/08\/Ephesiens-1.jpg","coauthors":[],"tax_additional":{"categories":{"linked":["<a href=\"https:\/\/www.creusonslabible.fr\/?cat=73\" class=\"advgb-post-tax-term\">Comment Dieu sauve<\/a>","<a href=\"https:\/\/www.creusonslabible.fr\/?cat=75\" class=\"advgb-post-tax-term\">J\u00e9sus le Fils<\/a>","<a href=\"https:\/\/www.creusonslabible.fr\/?cat=197\" class=\"advgb-post-tax-term\">L&#039;\u00c9glise<\/a>","<a href=\"https:\/\/www.creusonslabible.fr\/?cat=21\" class=\"advgb-post-tax-term\">La Bible<\/a>","<a href=\"https:\/\/www.creusonslabible.fr\/?cat=16\" class=\"advgb-post-tax-term\">M\u00e9ditations bibliques<\/a>"],"unlinked":["<span class=\"advgb-post-tax-term\">Comment Dieu sauve<\/span>","<span class=\"advgb-post-tax-term\">J\u00e9sus le Fils<\/span>","<span class=\"advgb-post-tax-term\">L&#039;\u00c9glise<\/span>","<span class=\"advgb-post-tax-term\">La Bible<\/span>","<span class=\"advgb-post-tax-term\">M\u00e9ditations bibliques<\/span>"]},"tags":{"linked":["<a href=\"https:\/\/www.creusonslabible.fr\/?cat=16\" class=\"advgb-post-tax-term\">\u00e9crit<\/a>","<a href=\"https:\/\/www.creusonslabible.fr\/?cat=16\" class=\"advgb-post-tax-term\">\u00e9glise<\/a>","<a href=\"https:\/\/www.creusonslabible.fr\/?cat=16\" class=\"advgb-post-tax-term\">\u00c9ph\u00e9siens<\/a>","<a href=\"https:\/\/www.creusonslabible.fr\/?cat=16\" class=\"advgb-post-tax-term\">gr\u00e2ce<\/a>","<a href=\"https:\/\/www.creusonslabible.fr\/?cat=16\" class=\"advgb-post-tax-term\">lumi\u00e8re<\/a>","<a href=\"https:\/\/www.creusonslabible.fr\/?cat=16\" class=\"advgb-post-tax-term\">Nouveau-Testament<\/a>","<a href=\"https:\/\/www.creusonslabible.fr\/?cat=16\" class=\"advgb-post-tax-term\">t\u00e9n\u00e8bres<\/a>"],"unlinked":["<span class=\"advgb-post-tax-term\">\u00e9crit<\/span>","<span class=\"advgb-post-tax-term\">\u00e9glise<\/span>","<span class=\"advgb-post-tax-term\">\u00c9ph\u00e9siens<\/span>","<span class=\"advgb-post-tax-term\">gr\u00e2ce<\/span>","<span class=\"advgb-post-tax-term\">lumi\u00e8re<\/span>","<span class=\"advgb-post-tax-term\">Nouveau-Testament<\/span>","<span class=\"advgb-post-tax-term\">t\u00e9n\u00e8bres<\/span>"]}},"comment_count":"0","relative_dates":{"created":"Publi\u00e9 13 ans il y a","modified":"Mis \u00e0 jour 1 an il y a"},"absolute_dates":{"created":"Publi\u00e9 le 19 septembre 2013","modified":"Mise \u00e0 jour le 24 janvier 2025"},"absolute_dates_time":{"created":"Publi\u00e9 le 19 septembre 2013 11h07","modified":"Mise \u00e0 jour le 24 janvier 2025 11h44"},"featured_img_caption":"","series_order":"","meta_box":[],"_links":{"self":[{"href":"https:\/\/www.creusonslabible.fr\/index.php?rest_route=\/wp\/v2\/posts\/2534","targetHints":{"allow":["GET"]}}],"collection":[{"href":"https:\/\/www.creusonslabible.fr\/index.php?rest_route=\/wp\/v2\/posts"}],"about":[{"href":"https:\/\/www.creusonslabible.fr\/index.php?rest_route=\/wp\/v2\/types\/post"}],"author":[{"embeddable":true,"href":"https:\/\/www.creusonslabible.fr\/index.php?rest_route=\/wp\/v2\/users\/3"}],"replies":[{"embeddable":true,"href":"https:\/\/www.creusonslabible.fr\/index.php?rest_route=%2Fwp%2Fv2%2Fcomments&post=2534"}],"version-history":[{"count":1,"href":"https:\/\/www.creusonslabible.fr\/index.php?rest_route=\/wp\/v2\/posts\/2534\/revisions"}],"predecessor-version":[{"id":11032,"href":"https:\/\/www.creusonslabible.fr\/index.php?rest_route=\/wp\/v2\/posts\/2534\/revisions\/11032"}],"wp:featuredmedia":[{"embeddable":true,"href":"https:\/\/www.creusonslabible.fr\/index.php?rest_route=\/wp\/v2\/media\/2404"}],"wp:attachment":[{"href":"https:\/\/www.creusonslabible.fr\/index.php?rest_route=%2Fwp%2Fv2%2Fmedia&parent=2534"}],"wp:term":[{"taxonomy":"category","embeddable":true,"href":"https:\/\/www.creusonslabible.fr\/index.php?rest_route=%2Fwp%2Fv2%2Fcategories&post=2534"},{"taxonomy":"post_tag","embeddable":true,"href":"https:\/\/www.creusonslabible.fr\/index.php?rest_route=%2Fwp%2Fv2%2Ftags&post=2534"},{"taxonomy":"video","embeddable":true,"href":"https:\/\/www.creusonslabible.fr\/index.php?rest_route=%2Fwp%2Fv2%2Fvideo&post=2534"},{"taxonomy":"audio","embeddable":true,"href":"https:\/\/www.creusonslabible.fr\/index.php?rest_route=%2Fwp%2Fv2%2Faudio&post=2534"},{"taxonomy":"ecrit","embeddable":true,"href":"https:\/\/www.creusonslabible.fr\/index.php?rest_route=%2Fwp%2Fv2%2Fecrit&post=2534"},{"taxonomy":"mis-en-avant","embeddable":true,"href":"https:\/\/www.creusonslabible.fr\/index.php?rest_route=%2Fwp%2Fv2%2Fmis-en-avant&post=2534"},{"taxonomy":"redacteur","embeddable":true,"href":"https:\/\/www.creusonslabible.fr\/index.php?rest_route=%2Fwp%2Fv2%2Fredacteur&post=2534"},{"taxonomy":"type-darticle","embeddable":true,"href":"https:\/\/www.creusonslabible.fr\/index.php?rest_route=%2Fwp%2Fv2%2Ftype-darticle&post=2534"}],"curies":[{"name":"wp","href":"https:\/\/api.w.org\/{rel}","templated":true}]}}