{"id":2565,"date":"2013-09-24T10:11:15","date_gmt":"2013-09-24T10:11:15","guid":{"rendered":"http:\/\/www.creusonslabible.fr\/?p=2565"},"modified":"2025-12-02T18:51:19","modified_gmt":"2025-12-02T16:51:19","slug":"1-corinthiens-12-1-11-melange-instable-1","status":"publish","type":"post","link":"https:\/\/www.creusonslabible.fr\/?p=2565","title":{"rendered":"1 Corinthiens 12.1-11 &#8211; M\u00e9lange instable (1)"},"content":{"rendered":"<h2 style=\"text-align: left;\" align=\"CENTER\">LES BONS FILTRES<\/h2>\n<blockquote><p>12 Pour ce qui concerne les pratiques spirituelles, je ne veux pas, mes fr\u00e8res, que vous soyez dans l&rsquo;ignorance. 2 Vous savez comment, quand vous \u00e9tiez des non-Juifs comme les autres, vous \u00e9tiez entra\u00een\u00e9s et d\u00e9voy\u00e9s vers les idoles muettes. 3 C&rsquo;est pourquoi je vous certifie que personne, en parlant par l&rsquo;Esprit de Dieu, ne dit\u00a0: \u00ab\u00a0Anath\u00e8me \u00e0 J\u00e9sus\u00a0!\u00a0\u00bb, et que personne ne peut dire\u00a0: \u00ab\u00a0J\u00e9sus est le Seigneur\u00a0!\u00a0\u00bb, sinon par l&rsquo;Esprit saint.<\/p>\n<p>4 Or il y a diversit\u00e9 de dons de la gr\u00e2ce, mais c&rsquo;est le m\u00eame Esprit\u00a0; 5 diversit\u00e9 de services, mais c&rsquo;est le m\u00eame Seigneur\u00a0; 6 diversit\u00e9 d&rsquo;op\u00e9rations, mais c&rsquo;est le m\u00eame Dieu qui op\u00e8re tout en tous. 7 Or \u00e0 chacun la manifestation de l&rsquo;Esprit est donn\u00e9e pour l&rsquo;utilit\u00e9 commune. 8 En effet, \u00e0 l&rsquo;un est donn\u00e9e par l&rsquo;Esprit une parole de sagesse\u00a0; \u00e0 un autre, une parole de connaissance, selon le m\u00eame Esprit\u00a0; 9 \u00e0 un autre, de la foi, par le m\u00eame Esprit\u00a0; \u00e0 un autre, des dons de gu\u00e9rison, par l&rsquo;unique Esprit\u00a0; 10 \u00e0 un autre, la capacit\u00e9 d&rsquo;op\u00e9rer des miracles\u00a0; \u00e0 un autre, celle de parler en proph\u00e8te\u00a0; \u00e0 un autre, le discernement des esprits\u00a0; \u00e0 un autre, diverses langues\u00a0; \u00e0 un autre, l&rsquo;interpr\u00e9tation des langues. 11 Mais c&rsquo;est un seul et m\u00eame Esprit qui op\u00e8re toutes ces choses, distribuant \u00e0 chacun en particulier comme il le d\u00e9cide.<\/p><\/blockquote>\n<h4>Intro<\/h4>\n<p>L\u2019\u00c9glise de Corinthe, fond\u00e9e par Paul, souffrait de multiples maux\u00a0: mysticisme, d\u00e9bauche, in\u00e9galit\u00e9s sociales, avarice&#8230; Le tout \u00e9tant bien s\u00fbr fait avec une caution spirituelle\u00a0!!! Au travers des corinthiens, c\u2019est un peu toutes les \u00c9glises du monde qui sont repr\u00e9sent\u00e9es\u00a0: des lieux o\u00f9 se joue la dure lutte entre les valeurs de l\u2019\u00c9glise de Christ et les valeurs du monde.<\/p>\n<p align=\"LEFT\"><strong>Saint-Esprit, es-tu l\u00e0 ? (1-3)<\/strong><\/p>\n<p align=\"LEFT\">Maintenant qu&rsquo;ils sont chr\u00e9tiens, les corinthiens vivent des choses tr\u00e8s intenses ensemble avec l&rsquo;Esprit&#8230; mais le probl\u00e8me c&rsquo;est que quand ils \u00e9taient pa\u00efens, il y avait aussi des manifestations extraordinaires et extatiques ! Comment savoir si ce que l&rsquo;on vit vient vraiment du Saint-Esprit ? Paul a une m\u00e9thode qui pourrait nous para\u00eetre tr\u00e8s simple, voire basique mais qui a le m\u00e9rite de dire quel est le crit\u00e8re vraiment d\u00e9terminant. Cela pourrait se r\u00e9sumer en une phrase : \u00ab\u00a0Dis-moi qui est J\u00e9sus pour toi, montre-le moi et je te dirai si son Esprit habite en toi.\u00a0\u00bb<\/p>\n<p align=\"LEFT\"><strong>Un seul Esprit = une seule mani\u00e8re de servir ? (4-11)<\/strong><\/p>\n<p align=\"LEFT\">Bon, d&rsquo;accord tous ceux qui sont anim\u00e9s par le St Esprit pensent la m\u00eame chose \u00e0 propos du Seigneur J\u00e9sus. Mais font-ils la m\u00eame chose ? Le Saint-Esprit provoque-t-il l&rsquo;uniformit\u00e9 chez les enfants de Dieu ? Les corinthiens \u00e9taient tent\u00e9s de le penser et c&rsquo;est assez logique : dans un monde polyth\u00e9iste o\u00f9 chaque dieu a son domaine de comp\u00e9tence, sa mani\u00e8re de faire ou son lieu bien pr\u00e9cis, on s&rsquo;attend \u00e0 ce que le Dieu unique des chr\u00e9tiens se manifeste d&rsquo;une seule mani\u00e8re, avec une \u00ab\u00a0marque de fabrique\u00a0\u00bb bien identifiable ! Alors si les manifestations de Dieu sont trop diff\u00e9rentes les unes des autres, il y en a forc\u00e9ment qui sont fausses, mauvaises voire diaboliques.<\/p>\n<p align=\"LEFT\">Mais Paul fait une mise au point tr\u00e8s utile : un seul et m\u00eame Esprit Saint engendre un foisonnement de dons divers et vari\u00e9s ! Plusieurs dons ne signifient pas plusieurs influences spirituelles diff\u00e9rentes. La liste que l&rsquo;ap\u00f4tre donne ensuite est moins l\u00e0 pour nous montrer le catalogue exhaustif des dons spirituels existants que pour dire aux corinthiens que l&rsquo;Esprit de Dieu fait ce qu&rsquo;Il veut avec qui Il veut (11) ! Mais bien s\u00fbr les dons qu&rsquo;Il dispense aux chr\u00e9tiens ont un but bien pr\u00e9cis : le bien commun, l&rsquo;\u00e9dification de l&rsquo;assembl\u00e9e, la compl\u00e9mentarit\u00e9 qui rend gloire \u00e0 Dieu (7).<\/p>\n<p align=\"LEFT\"><strong>En r\u00e9sum\u00e9<\/strong><\/p>\n<p align=\"LEFT\">Pour savoir si quelqu&rsquo;un est anim\u00e9 par le Saint-Esprit, il ne faut pas regarder la forme de ses dons mais plut\u00f4t pour qui il les met en pratique (\u00ab\u00a0pour J\u00e9sus\u00a0\u00bb, c&rsquo;est la bonne r\u00e9ponse !) et dans quel but il les met en pratique (\u00ab\u00a0pour l&rsquo;utilit\u00e9 commune\u00a0\u00bb, c&rsquo;est la bonne r\u00e9ponse).<\/p>\n<h2 align=\"LEFT\">\u00a0Application<\/h2>\n<ul>\n<li>\n<p align=\"LEFT\">Nous subissons tous la tyrannie de l&rsquo;image, nous accordons tous une importance excessive \u00e0 la forme alors que c&rsquo;est le fond, le c\u0153ur qui doit nous int\u00e9resser ! Si vous voulez \u00e9valuer ce que font vos fr\u00e8res et s\u0153urs en Christ, posez-vous les 2 questions ci-dessus (Pour qui ? Dans quel but ?). Si vous le faites, certaines pratiques que vous trouviez bonnes perdront de leur superbe et d&rsquo;autres que vous trouviez bizarres, \u00e9tranges vous paraitront soudain int\u00e9ressantes.<\/p>\n<\/li>\n<\/ul>\n<ul>\n<li>\n<p align=\"LEFT\">Le Saint-Esprit fait ce qu&rsquo;il veut&#8230; mais nous ne Le laissons pas toujours faire ce qu&rsquo;Il veut avec nous ! Il aime la diversit\u00e9, nous pr\u00e9f\u00e9rons souvent ce qui nous ressemble ; il aime agir de mani\u00e8re surprenante, nous pr\u00e9f\u00e9rons souvent nos habitudes ; il nous fait certains dons, nous lorgnons sur ceux que nous n&rsquo;avons pas, etc.<\/p>\n<\/li>\n<\/ul>\n<p>&nbsp;<\/p>\n<p align=\"LEFT\">\u00ab\u00a0Seigneur J\u00e9sus, c&rsquo;est ton Esprit qui doit diriger notre \u00c9glise, pas nous !!!\u00a0\u00bb<\/p>\n","protected":false},"excerpt":{"rendered":"<p>LES BONS FILTRES 12 Pour ce qui concerne les pratiques spirituelles, je ne veux pas, mes fr\u00e8res, que vous soyez dans l&rsquo;ignorance. 2 Vous savez comment, quand vous \u00e9tiez des non-Juifs comme les autres, vous \u00e9tiez entra\u00een\u00e9s et d\u00e9voy\u00e9s vers les idoles muettes. 3 C&rsquo;est pourquoi je vous certifie que personne, en parlant par l&rsquo;Esprit [&hellip;]<\/p>\n","protected":false},"author":3,"featured_media":0,"comment_status":"open","ping_status":"closed","sticky":false,"template":"","format":"standard","meta":{"_acf_changed":false,"_eb_attr":"","advgb_blocks_editor_width":"","advgb_blocks_columns_visual_guide":"","footnotes":""},"categories":[200,38,197,16],"tags":[598,601,651,23,1168],"video":[],"audio":[],"ecrit":[],"mis-en-avant":[],"redacteur":[],"type-darticle":[],"class_list":["post-2565","post","type-post","status-publish","format-standard","hentry","category-dieu-le-saint-esprit","category-grandir-avec-dieu","category-l-eglise","category-meditations-bibliques","tag-1-corinthiens","tag-dons-spirituels","tag-ecrit","tag-nouveau-testament","tag-sous-partie"],"blocksy_meta":[],"acf":[],"featured_image_src":null,"author_info":{"display_name":"Yoh","author_link":"https:\/\/www.creusonslabible.fr\/?author=3"},"author_meta":{"display_name":"Yoh","author_link":"https:\/\/www.creusonslabible.fr\/?author=3"},"featured_img":null,"coauthors":[],"tax_additional":{"categories":{"linked":["<a href=\"https:\/\/www.creusonslabible.fr\/?cat=200\" class=\"advgb-post-tax-term\">Dieu le Saint-Esprit<\/a>","<a href=\"https:\/\/www.creusonslabible.fr\/?cat=38\" class=\"advgb-post-tax-term\">Grandir avec Dieu<\/a>","<a href=\"https:\/\/www.creusonslabible.fr\/?cat=197\" class=\"advgb-post-tax-term\">L&#039;\u00c9glise<\/a>","<a href=\"https:\/\/www.creusonslabible.fr\/?cat=16\" class=\"advgb-post-tax-term\">M\u00e9ditations bibliques<\/a>"],"unlinked":["<span class=\"advgb-post-tax-term\">Dieu le Saint-Esprit<\/span>","<span class=\"advgb-post-tax-term\">Grandir avec Dieu<\/span>","<span class=\"advgb-post-tax-term\">L&#039;\u00c9glise<\/span>","<span class=\"advgb-post-tax-term\">M\u00e9ditations bibliques<\/span>"]},"tags":{"linked":["<a href=\"https:\/\/www.creusonslabible.fr\/?cat=16\" class=\"advgb-post-tax-term\">1 Corinthiens<\/a>","<a href=\"https:\/\/www.creusonslabible.fr\/?cat=16\" class=\"advgb-post-tax-term\">dons spirituels<\/a>","<a href=\"https:\/\/www.creusonslabible.fr\/?cat=16\" class=\"advgb-post-tax-term\">\u00e9crit<\/a>","<a href=\"https:\/\/www.creusonslabible.fr\/?cat=16\" class=\"advgb-post-tax-term\">Nouveau-Testament<\/a>","<a href=\"https:\/\/www.creusonslabible.fr\/?cat=16\" class=\"advgb-post-tax-term\">sous-partie<\/a>"],"unlinked":["<span class=\"advgb-post-tax-term\">1 Corinthiens<\/span>","<span class=\"advgb-post-tax-term\">dons spirituels<\/span>","<span class=\"advgb-post-tax-term\">\u00e9crit<\/span>","<span class=\"advgb-post-tax-term\">Nouveau-Testament<\/span>","<span class=\"advgb-post-tax-term\">sous-partie<\/span>"]}},"comment_count":"0","relative_dates":{"created":"Publi\u00e9 13 ans il y a","modified":"Mis \u00e0 jour 5 mois il y a"},"absolute_dates":{"created":"Publi\u00e9 le 24 septembre 2013","modified":"Mise \u00e0 jour le 2 d\u00e9cembre 2025"},"absolute_dates_time":{"created":"Publi\u00e9 le 24 septembre 2013 10h11","modified":"Mise \u00e0 jour le 2 d\u00e9cembre 2025 18h51"},"featured_img_caption":"","series_order":"","meta_box":[],"_links":{"self":[{"href":"https:\/\/www.creusonslabible.fr\/index.php?rest_route=\/wp\/v2\/posts\/2565","targetHints":{"allow":["GET"]}}],"collection":[{"href":"https:\/\/www.creusonslabible.fr\/index.php?rest_route=\/wp\/v2\/posts"}],"about":[{"href":"https:\/\/www.creusonslabible.fr\/index.php?rest_route=\/wp\/v2\/types\/post"}],"author":[{"embeddable":true,"href":"https:\/\/www.creusonslabible.fr\/index.php?rest_route=\/wp\/v2\/users\/3"}],"replies":[{"embeddable":true,"href":"https:\/\/www.creusonslabible.fr\/index.php?rest_route=%2Fwp%2Fv2%2Fcomments&post=2565"}],"version-history":[{"count":1,"href":"https:\/\/www.creusonslabible.fr\/index.php?rest_route=\/wp\/v2\/posts\/2565\/revisions"}],"predecessor-version":[{"id":11029,"href":"https:\/\/www.creusonslabible.fr\/index.php?rest_route=\/wp\/v2\/posts\/2565\/revisions\/11029"}],"wp:attachment":[{"href":"https:\/\/www.creusonslabible.fr\/index.php?rest_route=%2Fwp%2Fv2%2Fmedia&parent=2565"}],"wp:term":[{"taxonomy":"category","embeddable":true,"href":"https:\/\/www.creusonslabible.fr\/index.php?rest_route=%2Fwp%2Fv2%2Fcategories&post=2565"},{"taxonomy":"post_tag","embeddable":true,"href":"https:\/\/www.creusonslabible.fr\/index.php?rest_route=%2Fwp%2Fv2%2Ftags&post=2565"},{"taxonomy":"video","embeddable":true,"href":"https:\/\/www.creusonslabible.fr\/index.php?rest_route=%2Fwp%2Fv2%2Fvideo&post=2565"},{"taxonomy":"audio","embeddable":true,"href":"https:\/\/www.creusonslabible.fr\/index.php?rest_route=%2Fwp%2Fv2%2Faudio&post=2565"},{"taxonomy":"ecrit","embeddable":true,"href":"https:\/\/www.creusonslabible.fr\/index.php?rest_route=%2Fwp%2Fv2%2Fecrit&post=2565"},{"taxonomy":"mis-en-avant","embeddable":true,"href":"https:\/\/www.creusonslabible.fr\/index.php?rest_route=%2Fwp%2Fv2%2Fmis-en-avant&post=2565"},{"taxonomy":"redacteur","embeddable":true,"href":"https:\/\/www.creusonslabible.fr\/index.php?rest_route=%2Fwp%2Fv2%2Fredacteur&post=2565"},{"taxonomy":"type-darticle","embeddable":true,"href":"https:\/\/www.creusonslabible.fr\/index.php?rest_route=%2Fwp%2Fv2%2Ftype-darticle&post=2565"}],"curies":[{"name":"wp","href":"https:\/\/api.w.org\/{rel}","templated":true}]}}