{"id":258,"date":"2012-07-05T15:24:39","date_gmt":"2012-07-05T15:24:39","guid":{"rendered":"http:\/\/elearning.gbu.fr\/?p=258"},"modified":"2025-01-24T11:10:15","modified_gmt":"2025-01-24T09:10:15","slug":"galates","status":"publish","type":"post","link":"https:\/\/www.creusonslabible.fr\/?p=258","title":{"rendered":"Galates"},"content":{"rendered":"<p align=\"LEFT\"><span style=\"font-family: Arial,sans-serif;\">Si l&rsquo;on veut saisir le fond de cette lettre, il faut comprendre quelle \u00e9tait la situation particuli\u00e8re \u00e0 laquelle elle voulait r\u00e9pondre. Paul avait pr\u00each\u00e9 l&rsquo;\u00e9vangile du salut par la foi en J\u00e9sus-Christ aux Galates, qui \u00e9taient pa\u00efens. Ils avaient accueilli cet \u00e9vangile avec enthousiasme, et beaucoup avaient cru (4.14-15). <!--more-->Mais plus tard, ils avaient re\u00e7u la visite d&rsquo;enseignants chr\u00e9tiens \u00e0 mentalit\u00e9 juive, qui leur avaient dit qu\u2019il ne suffisait pas simplement de croire en J\u00e9sus-Christ : ils devaient aussi \u00eatre circoncis et observer la loi de Mo\u00efse. Ces enseignants avaient par ailleurs jet\u00e9 des doutes sur l&rsquo;apostolat de Paul, et ils avaient cherch\u00e9 \u00e0 saper son autorit\u00e9. Il est facile de comprendre que c&rsquo;est avec chagrin, indignation et une profonde pr\u00e9occupation que Paul r\u00e9fute l&rsquo;enseignement des l\u00e9galistes, et d\u00e9fend \u00e0 la fois sa propre position et la v\u00e9rit\u00e9 de l&rsquo;\u00e9vangile qu&rsquo;il avait proclam\u00e9. <\/span><\/p>\n<p><span style=\"font-family: Arial,sans-serif;\">La question qui est trait\u00e9e ici rev\u00eat une forme diff\u00e9rente de nos jours, mais elle n\u2019en demeure pas moins vitale\u00a0: est-ce que l&rsquo;acceptation aupr\u00e8s de Dieu peut \u00eatre obtenue par des efforts de notre part, ou bien est-elle, comme le d\u00e9clare l&rsquo;\u00c9vangile, le don gratuit de la gr\u00e2ce de Dieu par l&rsquo;\u0153uvre r\u00e9demptrice de Christ, que l&rsquo;on obtient par la seule foi\u00a0? La valeur toujours actuelle de cette \u00e9p\u00eetre r\u00e9side dans la r\u00e9ponse donn\u00e9e par Paul \u00e0 cette question, sous l&rsquo;inspiration du Saint-Esprit.<\/span><\/p>\n<h2><span style=\"font-family: Arial,sans-serif;\"><span style=\"font-size: medium;\">Plan<\/span><\/span><\/h2>\n<p><span style=\"font-family: Arial,sans-serif;\">1.1-10 Introduction.<\/span><\/p>\n<p><span style=\"font-family: Arial,sans-serif;\">1.11-2.21 Paul d\u00e9clare que l&rsquo;\u00e9vangile qu&rsquo;il a pr\u00each\u00e9 n&rsquo;est pas d&rsquo;origine humaine, mais qu\u2019il lui a \u00e9t\u00e9 donn\u00e9 par une r\u00e9v\u00e9lation de Christ.<\/span><\/p>\n<p><span style=\"font-family: Arial,sans-serif;\">3.1-5.1 L&rsquo;acceptation par Dieu ne s&rsquo;obtient pas en faisant ce que la loi demande, mais par la foi en J\u00e9sus-Christ.<\/span><\/p>\n<p><span style=\"font-family: Arial,sans-serif;\">3.1-9 L\u2019exp\u00e9rience des Galates confirm\u00e9e par l&rsquo;histoire d&rsquo;Abraham. <\/span><\/p>\n<p><span style=\"font-family: Arial,sans-serif;\">3.10-14 La position d\u00e9sesp\u00e9r\u00e9e &#8211; dont seule la mort de J\u00e9sus-Christ d\u00e9livre \u2013 de ceux qui sont sous la loi.<\/span><\/p>\n<p><span style=\"font-family: Arial,sans-serif;\">3.15-18 L&rsquo;alliance originelle, bas\u00e9e sur la promesse, n&rsquo;est pas annul\u00e9e par la loi.<\/span><\/p>\n<p><span style=\"font-family: Arial,sans-serif;\">3.19-24 La vraie fonction de la loi. <\/span><\/p>\n<p><span style=\"font-family: Arial,sans-serif;\">3.25-4.7 La b\u00e9n\u00e9diction pour ceux qui ont cru en Christ. <\/span><\/p>\n<p><span style=\"font-family: Arial,sans-serif;\">4.8-20 Appel \u00e0 ne pas retourner en arri\u00e8re.<\/span><\/p>\n<p><span style=\"font-family: Arial,sans-serif;\">4.21-5.1 La libert\u00e9 spirituelle du croyant illustr\u00e9 par la \u00ab\u00a0loi\u00a0\u00bb elle-m\u00eame. <\/span><\/p>\n<p><span style=\"font-family: Arial,sans-serif;\">5.2-6.10 La vie du chr\u00e9tien : foi, esp\u00e9rance, charit\u00e9\u00a0; marche dans l&rsquo;Esprit.<\/span><\/p>\n<p><span style=\"font-family: Arial,sans-serif;\">6.11-19 Conclusion.<\/span><\/p>\n","protected":false},"excerpt":{"rendered":"<p>Si l&rsquo;on veut saisir le fond de cette lettre, il faut comprendre quelle \u00e9tait la situation particuli\u00e8re \u00e0 laquelle elle voulait r\u00e9pondre. Paul avait pr\u00each\u00e9 l&rsquo;\u00e9vangile du salut par la foi en J\u00e9sus-Christ aux Galates, qui \u00e9taient pa\u00efens. Ils avaient accueilli cet \u00e9vangile avec enthousiasme, et beaucoup avaient cru (4.14-15).<\/p>\n","protected":false},"author":2,"featured_media":2271,"comment_status":"open","ping_status":"open","sticky":false,"template":"","format":"standard","meta":{"_acf_changed":false,"_eb_attr":"","advgb_blocks_editor_width":"","advgb_blocks_columns_visual_guide":"","footnotes":""},"categories":[90],"tags":[651,323],"video":[],"audio":[],"ecrit":[],"mis-en-avant":[],"redacteur":[],"type-darticle":[],"class_list":["post-258","post","type-post","status-publish","format-standard","has-post-thumbnail","hentry","category-introduction-aux-livres-bibliques","tag-ecrit","tag-galates"],"blocksy_meta":[],"acf":[],"featured_image_src":"https:\/\/www.creusonslabible.fr\/wp-content\/uploads\/2012\/07\/galates-1.jpg","author_info":{"display_name":"caillou","author_link":"https:\/\/www.creusonslabible.fr\/?author=2"},"author_meta":{"display_name":"caillou","author_link":"https:\/\/www.creusonslabible.fr\/?author=2"},"featured_img":"https:\/\/www.creusonslabible.fr\/wp-content\/uploads\/2012\/07\/galates-1.jpg","coauthors":[],"tax_additional":{"categories":{"linked":["<a href=\"https:\/\/www.creusonslabible.fr\/?cat=90\" class=\"advgb-post-tax-term\">Introduction aux livres Bibliques<\/a>"],"unlinked":["<span class=\"advgb-post-tax-term\">Introduction aux livres Bibliques<\/span>"]},"tags":{"linked":["<a href=\"https:\/\/www.creusonslabible.fr\/?cat=90\" class=\"advgb-post-tax-term\">\u00e9crit<\/a>","<a href=\"https:\/\/www.creusonslabible.fr\/?cat=90\" class=\"advgb-post-tax-term\">Galates<\/a>"],"unlinked":["<span class=\"advgb-post-tax-term\">\u00e9crit<\/span>","<span class=\"advgb-post-tax-term\">Galates<\/span>"]}},"comment_count":"0","relative_dates":{"created":"Publi\u00e9 14 ans il y a","modified":"Mis \u00e0 jour 1 an il y a"},"absolute_dates":{"created":"Publi\u00e9 le 5 juillet 2012","modified":"Mise \u00e0 jour le 24 janvier 2025"},"absolute_dates_time":{"created":"Publi\u00e9 le 5 juillet 2012 15h24","modified":"Mise \u00e0 jour le 24 janvier 2025 11h10"},"featured_img_caption":"","series_order":"","meta_box":[],"_links":{"self":[{"href":"https:\/\/www.creusonslabible.fr\/index.php?rest_route=\/wp\/v2\/posts\/258","targetHints":{"allow":["GET"]}}],"collection":[{"href":"https:\/\/www.creusonslabible.fr\/index.php?rest_route=\/wp\/v2\/posts"}],"about":[{"href":"https:\/\/www.creusonslabible.fr\/index.php?rest_route=\/wp\/v2\/types\/post"}],"author":[{"embeddable":true,"href":"https:\/\/www.creusonslabible.fr\/index.php?rest_route=\/wp\/v2\/users\/2"}],"replies":[{"embeddable":true,"href":"https:\/\/www.creusonslabible.fr\/index.php?rest_route=%2Fwp%2Fv2%2Fcomments&post=258"}],"version-history":[{"count":1,"href":"https:\/\/www.creusonslabible.fr\/index.php?rest_route=\/wp\/v2\/posts\/258\/revisions"}],"predecessor-version":[{"id":10790,"href":"https:\/\/www.creusonslabible.fr\/index.php?rest_route=\/wp\/v2\/posts\/258\/revisions\/10790"}],"wp:featuredmedia":[{"embeddable":true,"href":"https:\/\/www.creusonslabible.fr\/index.php?rest_route=\/wp\/v2\/media\/2271"}],"wp:attachment":[{"href":"https:\/\/www.creusonslabible.fr\/index.php?rest_route=%2Fwp%2Fv2%2Fmedia&parent=258"}],"wp:term":[{"taxonomy":"category","embeddable":true,"href":"https:\/\/www.creusonslabible.fr\/index.php?rest_route=%2Fwp%2Fv2%2Fcategories&post=258"},{"taxonomy":"post_tag","embeddable":true,"href":"https:\/\/www.creusonslabible.fr\/index.php?rest_route=%2Fwp%2Fv2%2Ftags&post=258"},{"taxonomy":"video","embeddable":true,"href":"https:\/\/www.creusonslabible.fr\/index.php?rest_route=%2Fwp%2Fv2%2Fvideo&post=258"},{"taxonomy":"audio","embeddable":true,"href":"https:\/\/www.creusonslabible.fr\/index.php?rest_route=%2Fwp%2Fv2%2Faudio&post=258"},{"taxonomy":"ecrit","embeddable":true,"href":"https:\/\/www.creusonslabible.fr\/index.php?rest_route=%2Fwp%2Fv2%2Fecrit&post=258"},{"taxonomy":"mis-en-avant","embeddable":true,"href":"https:\/\/www.creusonslabible.fr\/index.php?rest_route=%2Fwp%2Fv2%2Fmis-en-avant&post=258"},{"taxonomy":"redacteur","embeddable":true,"href":"https:\/\/www.creusonslabible.fr\/index.php?rest_route=%2Fwp%2Fv2%2Fredacteur&post=258"},{"taxonomy":"type-darticle","embeddable":true,"href":"https:\/\/www.creusonslabible.fr\/index.php?rest_route=%2Fwp%2Fv2%2Ftype-darticle&post=258"}],"curies":[{"name":"wp","href":"https:\/\/api.w.org\/{rel}","templated":true}]}}