{"id":2585,"date":"2013-09-25T10:23:30","date_gmt":"2013-09-25T10:23:30","guid":{"rendered":"http:\/\/www.creusonslabible.fr\/?p=2585"},"modified":"2025-01-24T11:45:22","modified_gmt":"2025-01-24T09:45:22","slug":"nombres-4-1-49-organisation-des-troupes-6","status":"publish","type":"post","link":"https:\/\/www.creusonslabible.fr\/?p=2585","title":{"rendered":"Nombres 4.1-49 &#8211; Organisation des troupes (6)"},"content":{"rendered":"<p><strong>UNE SACREE ORGANISATION\u00a0!\u00a0\u00a0\u00a0\u00a0\u00a0\u00a0\u00a0\u00a0\u00a0\u00a0\u00a0\u00a0\u00a0\u00a0\u00a0\u00a0\u00a0\u00a0\u00a0\u00a0\u00a0\u00a0\u00a0\u00a0\u00a0\u00a0\u00a0\u00a0\u00a0\u00a0\u00a0\u00a0\u00a0\u00a0\u00a0\u00a0\u00a0\u00a0\u00a0\u00a0\u00a0\u00a0\u00a0\u00a0\u00a0\u00a0\u00a0\u00a0\u00a0\u00a0\u00a0\u00a0\u00a0\u00a0\u00a0\u00a0\u00a0\u00a0\u00a0\u00a0\u00a0\u00a0\u00a0\u00a0\u00a0\u00a0\u00a0\u00a0\u00a0\u00a0\u00a0\u00a0\u00a0\u00a0\u00a0\u00a0\u00a0\u00a0\u00a0\u00a0\u00a0\u00a0\u00a0\u00a0\u00a0\u00a0\u00a0\u00a0\u00a0\u00a0\u00a0\u00a0\u00a0\u00a0\u00a0\u00a0\u00a0\u00a0\u00a0\u00a0\u00a0\u00a0\u00a0\u00a0\u00a0\u00a0\u00a0\u00a0\u00a0\u00a0\u00a0\u00a0 <\/strong><\/p>\n<p>&nbsp;<\/p>\n<p>Voici un tableau qui r\u00e9sume notre texte\u00a0:<\/p>\n<table style=\"height: 225px;\" width=\"681\">\n<tbody>\n<tr>\n<td width=\"83\"><strong>Clan l\u00e9vite<\/strong><\/td>\n<td width=\"369\"><strong>Responsabilit\u00e9 globale<\/strong><\/td>\n<td width=\"163\"><strong>Encadrant<\/strong><\/td>\n<\/tr>\n<tr>\n<td width=\"83\">Kehath<\/td>\n<td width=\"369\">Charg\u00e9s du lieu tr\u00e8s saint (v.4), des ustensiles sacr\u00e9s<\/td>\n<td width=\"163\">El\u00e9azar, fils d\u2019Aaron<\/td>\n<\/tr>\n<tr>\n<td width=\"83\">Guershon<\/td>\n<td width=\"369\">Charg\u00e9s des tapis, couvertures, toiles, rideaux\u2026<\/td>\n<td width=\"163\">Ithamar, fils d\u2019Aaron<\/td>\n<\/tr>\n<tr>\n<td width=\"83\">Merari<\/td>\n<td width=\"369\">Charg\u00e9s des planches, colonnes, barres, pieux\u2026<\/td>\n<td width=\"163\">Ithamar, fils d\u2019Aaron<\/td>\n<\/tr>\n<\/tbody>\n<\/table>\n<p>On a vu que les L\u00e9vites servaient de barri\u00e8re de s\u00e9curit\u00e9 entre le reste du peuple et le tabernacle o\u00f9 Dieu manifeste sa pr\u00e9sence. Mais il y a encore une autre barri\u00e8re de s\u00e9curit\u00e9, cette fois entre les L\u00e9vites et l\u2019int\u00e9rieur du tabernacle\u00a0: chaque clan est encadr\u00e9 par un des fils d\u2019Aaron (donc pr\u00eatre) en guise de protection (cf. 3.10).<br \/>\nEt les Kehathites doivent tout particuli\u00e8rement \u00eatre surveill\u00e9s\u00a0(v.17-20) car ils sont charg\u00e9s du transport du lieu tr\u00e8s-saint o\u00f9 se trouve l\u2019arche de l\u2019alliance et o\u00f9 Dieu \u00e9tait concr\u00e8tement pr\u00e9sent.<\/p>\n<p>Dieu prend donc toutes les pr\u00e9cautions dans l\u2019organisation humaine pour que la saintet\u00e9 du tabernacle soit pr\u00e9serv\u00e9e. Mais il le fait aussi en pr\u00e9voyant jusqu\u2019aux d\u00e9tails du \u00ab\u00a0d\u00e9m\u00e9nagement\u00a0\u00bb\u00a0: des v.5 \u00e0 14, il est pr\u00e9cis\u00e9 \u00e0 de nombreuses reprises comment les objets doivent emball\u00e9s dans des draps et couvertures afin de les prot\u00e9ger durant le voyage.<\/p>\n<p>Depuis le d\u00e9but de Nombres, on r\u00e9alise que les L\u00e9vites occupent une place importante et ce chapitre en est de nouveau la preuve. Un coup d\u2019\u0153il rapide au reste du livre des Nombres nous permettrait de constater que les L\u00e9vites y sont encore tr\u00e8s pr\u00e9sents.<br \/>\nQue ce soit dans l\u2019importance accord\u00e9e aux L\u00e9vites ou dans l\u2019organisation humaine et logistique du transport du tabernacle on voit donc \u00e0 quel point Dieu veut insister sur sa saintet\u00e9.<\/p>\n<p>&nbsp;<\/p>\n<p><strong>APPLICATIONS<\/strong><\/p>\n<p>Dieu est un Dieu saint\u00a0: il est parfait, il ne supporte pas le mal.<\/p>\n<ul>\n<li>Ai-je tendance \u00e0 oublier cette v\u00e9rit\u00e9\u00a0?<\/li>\n<li>Quelle attitude est-ce que j\u2019adopte face au p\u00e9ch\u00e9\u00a0? Est-ce que je r\u00e9alise que c\u2019est grave ou est-ce que je cherche \u00e0 l\u2019excuser, \u00e0 le minimiser, \u00e0 remettre \u00e0 demain le fait de dire non \u00e0 un certain p\u00e9ch\u00e9\u00a0?<\/li>\n<li>M\u2019arrive-t-il de vouloir n\u00e9gocier avec Dieu (\u00ab\u00a0si tu permets que j\u2019aie une bonne note \u00e0 cet exam, je serai responsable des GBU l\u2019ann\u00e9e prochaine\u00a0\u00bb\u00a0!)\u00a0?<\/li>\n<\/ul>\n<p>&nbsp;<\/p>\n<p style=\"text-align: right;\"><em>Marie-Aude R.<\/em><\/p>\n","protected":false},"excerpt":{"rendered":"<p>UNE SACREE ORGANISATION\u00a0!\u00a0\u00a0\u00a0\u00a0\u00a0\u00a0\u00a0\u00a0\u00a0\u00a0\u00a0\u00a0\u00a0\u00a0\u00a0\u00a0\u00a0\u00a0\u00a0\u00a0\u00a0\u00a0\u00a0\u00a0\u00a0\u00a0\u00a0\u00a0\u00a0\u00a0\u00a0\u00a0\u00a0\u00a0\u00a0\u00a0\u00a0\u00a0\u00a0\u00a0\u00a0\u00a0\u00a0\u00a0\u00a0\u00a0\u00a0\u00a0\u00a0\u00a0\u00a0\u00a0\u00a0\u00a0\u00a0\u00a0\u00a0\u00a0\u00a0\u00a0\u00a0\u00a0\u00a0\u00a0\u00a0\u00a0\u00a0\u00a0\u00a0\u00a0\u00a0\u00a0\u00a0\u00a0\u00a0\u00a0\u00a0\u00a0\u00a0\u00a0\u00a0\u00a0\u00a0\u00a0\u00a0\u00a0\u00a0\u00a0\u00a0\u00a0\u00a0\u00a0\u00a0\u00a0\u00a0\u00a0\u00a0\u00a0\u00a0\u00a0\u00a0\u00a0\u00a0\u00a0\u00a0\u00a0\u00a0\u00a0\u00a0\u00a0\u00a0\u00a0 &nbsp; Voici un tableau qui r\u00e9sume notre texte\u00a0: Clan l\u00e9vite Responsabilit\u00e9 globale Encadrant Kehath Charg\u00e9s du lieu tr\u00e8s saint (v.4), des ustensiles sacr\u00e9s El\u00e9azar, fils d\u2019Aaron Guershon Charg\u00e9s des tapis, couvertures, toiles, rideaux\u2026 Ithamar, fils d\u2019Aaron Merari Charg\u00e9s des planches, colonnes, barres, pieux\u2026 Ithamar, fils d\u2019Aaron On a vu que les L\u00e9vites [&hellip;]<\/p>\n","protected":false},"author":3,"featured_media":2582,"comment_status":"open","ping_status":"closed","sticky":false,"template":"","format":"standard","meta":{"_acf_changed":false,"_eb_attr":"","advgb_blocks_editor_width":"","advgb_blocks_columns_visual_guide":"","footnotes":""},"categories":[249,16],"tags":[170,524,871,651,285,872,774,873],"video":[],"audio":[],"ecrit":[],"mis-en-avant":[],"redacteur":[],"type-darticle":[],"class_list":["post-2585","post","type-post","status-publish","format-standard","has-post-thumbnail","hentry","category-dieu-le-pere","category-meditations-bibliques","tag-ancien-testament","tag-canaan","tag-conquete","tag-ecrit","tag-israel","tag-levites","tag-nombres","tag-tabernable"],"blocksy_meta":[],"acf":[],"featured_image_src":"https:\/\/www.creusonslabible.fr\/wp-content\/uploads\/2013\/09\/Camp-1.jpg","author_info":{"display_name":"Yoh","author_link":"https:\/\/www.creusonslabible.fr\/?author=3"},"author_meta":{"display_name":"Yoh","author_link":"https:\/\/www.creusonslabible.fr\/?author=3"},"featured_img":"https:\/\/www.creusonslabible.fr\/wp-content\/uploads\/2013\/09\/Camp-1.jpg","coauthors":[],"tax_additional":{"categories":{"linked":["<a href=\"https:\/\/www.creusonslabible.fr\/?cat=249\" class=\"advgb-post-tax-term\">Dieu le P\u00e8re<\/a>","<a href=\"https:\/\/www.creusonslabible.fr\/?cat=16\" class=\"advgb-post-tax-term\">M\u00e9ditations bibliques<\/a>"],"unlinked":["<span class=\"advgb-post-tax-term\">Dieu le P\u00e8re<\/span>","<span class=\"advgb-post-tax-term\">M\u00e9ditations bibliques<\/span>"]},"tags":{"linked":["<a href=\"https:\/\/www.creusonslabible.fr\/?cat=16\" class=\"advgb-post-tax-term\">Ancien-Testament<\/a>","<a href=\"https:\/\/www.creusonslabible.fr\/?cat=16\" class=\"advgb-post-tax-term\">canaan<\/a>","<a href=\"https:\/\/www.creusonslabible.fr\/?cat=16\" class=\"advgb-post-tax-term\">conqu\u00eate<\/a>","<a href=\"https:\/\/www.creusonslabible.fr\/?cat=16\" class=\"advgb-post-tax-term\">\u00e9crit<\/a>","<a href=\"https:\/\/www.creusonslabible.fr\/?cat=16\" class=\"advgb-post-tax-term\">Isra\u00ebl<\/a>","<a href=\"https:\/\/www.creusonslabible.fr\/?cat=16\" class=\"advgb-post-tax-term\">l\u00e9vites<\/a>","<a href=\"https:\/\/www.creusonslabible.fr\/?cat=16\" class=\"advgb-post-tax-term\">Nombres<\/a>","<a href=\"https:\/\/www.creusonslabible.fr\/?cat=16\" class=\"advgb-post-tax-term\">tabernable<\/a>"],"unlinked":["<span class=\"advgb-post-tax-term\">Ancien-Testament<\/span>","<span class=\"advgb-post-tax-term\">canaan<\/span>","<span class=\"advgb-post-tax-term\">conqu\u00eate<\/span>","<span class=\"advgb-post-tax-term\">\u00e9crit<\/span>","<span class=\"advgb-post-tax-term\">Isra\u00ebl<\/span>","<span class=\"advgb-post-tax-term\">l\u00e9vites<\/span>","<span class=\"advgb-post-tax-term\">Nombres<\/span>","<span class=\"advgb-post-tax-term\">tabernable<\/span>"]}},"comment_count":"0","relative_dates":{"created":"Publi\u00e9 13 ans il y a","modified":"Mis \u00e0 jour 1 an il y a"},"absolute_dates":{"created":"Publi\u00e9 le 25 septembre 2013","modified":"Mise \u00e0 jour le 24 janvier 2025"},"absolute_dates_time":{"created":"Publi\u00e9 le 25 septembre 2013 10h23","modified":"Mise \u00e0 jour le 24 janvier 2025 11h45"},"featured_img_caption":"","series_order":"","meta_box":[],"_links":{"self":[{"href":"https:\/\/www.creusonslabible.fr\/index.php?rest_route=\/wp\/v2\/posts\/2585","targetHints":{"allow":["GET"]}}],"collection":[{"href":"https:\/\/www.creusonslabible.fr\/index.php?rest_route=\/wp\/v2\/posts"}],"about":[{"href":"https:\/\/www.creusonslabible.fr\/index.php?rest_route=\/wp\/v2\/types\/post"}],"author":[{"embeddable":true,"href":"https:\/\/www.creusonslabible.fr\/index.php?rest_route=\/wp\/v2\/users\/3"}],"replies":[{"embeddable":true,"href":"https:\/\/www.creusonslabible.fr\/index.php?rest_route=%2Fwp%2Fv2%2Fcomments&post=2585"}],"version-history":[{"count":1,"href":"https:\/\/www.creusonslabible.fr\/index.php?rest_route=\/wp\/v2\/posts\/2585\/revisions"}],"predecessor-version":[{"id":11054,"href":"https:\/\/www.creusonslabible.fr\/index.php?rest_route=\/wp\/v2\/posts\/2585\/revisions\/11054"}],"wp:featuredmedia":[{"embeddable":true,"href":"https:\/\/www.creusonslabible.fr\/index.php?rest_route=\/wp\/v2\/media\/2582"}],"wp:attachment":[{"href":"https:\/\/www.creusonslabible.fr\/index.php?rest_route=%2Fwp%2Fv2%2Fmedia&parent=2585"}],"wp:term":[{"taxonomy":"category","embeddable":true,"href":"https:\/\/www.creusonslabible.fr\/index.php?rest_route=%2Fwp%2Fv2%2Fcategories&post=2585"},{"taxonomy":"post_tag","embeddable":true,"href":"https:\/\/www.creusonslabible.fr\/index.php?rest_route=%2Fwp%2Fv2%2Ftags&post=2585"},{"taxonomy":"video","embeddable":true,"href":"https:\/\/www.creusonslabible.fr\/index.php?rest_route=%2Fwp%2Fv2%2Fvideo&post=2585"},{"taxonomy":"audio","embeddable":true,"href":"https:\/\/www.creusonslabible.fr\/index.php?rest_route=%2Fwp%2Fv2%2Faudio&post=2585"},{"taxonomy":"ecrit","embeddable":true,"href":"https:\/\/www.creusonslabible.fr\/index.php?rest_route=%2Fwp%2Fv2%2Fecrit&post=2585"},{"taxonomy":"mis-en-avant","embeddable":true,"href":"https:\/\/www.creusonslabible.fr\/index.php?rest_route=%2Fwp%2Fv2%2Fmis-en-avant&post=2585"},{"taxonomy":"redacteur","embeddable":true,"href":"https:\/\/www.creusonslabible.fr\/index.php?rest_route=%2Fwp%2Fv2%2Fredacteur&post=2585"},{"taxonomy":"type-darticle","embeddable":true,"href":"https:\/\/www.creusonslabible.fr\/index.php?rest_route=%2Fwp%2Fv2%2Ftype-darticle&post=2585"}],"curies":[{"name":"wp","href":"https:\/\/api.w.org\/{rel}","templated":true}]}}