{"id":2590,"date":"2013-09-25T10:20:39","date_gmt":"2013-09-25T10:20:39","guid":{"rendered":"http:\/\/www.creusonslabible.fr\/?p=2590"},"modified":"2025-01-24T11:45:23","modified_gmt":"2025-01-24T09:45:23","slug":"nombres-3-11-39-organisation-des-troupes-5","status":"publish","type":"post","link":"https:\/\/www.creusonslabible.fr\/?p=2590","title":{"rendered":"Nombres 3.11-51 &#8211; Organisation des troupes (5)"},"content":{"rendered":"<p><strong>LA VALEUR N\u2019ATTEND PAS LE NOMBRE DES ANN\u00c9ES<br \/>\n<\/strong><\/p>\n<p>Notre passage pr\u00e9sente 2 nouveaux recensements\u00a0:<\/p>\n<ul>\n<li>celui des L\u00e9vites \u00e2g\u00e9s d\u20191 mois et plus (v.15)<\/li>\n<li>celui des autres hommes isra\u00e9lites \u00e2g\u00e9s d\u20191 mois et plus (v.40)<\/li>\n<\/ul>\n<p>Alors qu\u2019au chapitre 1, l\u2019\u00e2ge minimum requis pour le recensement \u00e9tait de 20 ans, cette fois-ci il est d\u20191 mois. Pourquoi cette diff\u00e9rence\u00a0? Les versets 12, 41 et 45 nous en donnent l\u2019explication\u00a0: les L\u00e9vites viennent se substituer \u00e0 chaque a\u00een\u00e9 isra\u00e9lite, cens\u00e9 appartenir \u00e0 Dieu.<\/p>\n<p>Mais cette raison reste obscure\u2026 Le verset 13 nous apporte un \u00e9clairage\u00a0: chaque premier-n\u00e9 appartient \u00e0 Dieu depuis la derni\u00e8re plaie d\u2019Egypte.<\/p>\n<p>L\u00e0 encore, ce n\u2019est pas tr\u00e8s explicite. Il faut remonter \u00e0 Exode 12.12-13 pour mieux comprendre\u00a0: tous les fils a\u00een\u00e9s, \u00e9gyptiens comme isra\u00e9lites, \u00e9taient destin\u00e9s \u00e0 mourir par le fl\u00e9au de Dieu. Pour y \u00e9chapper, il fallait qu\u2019un agneau soit tu\u00e9 \u00e0 la place du fils a\u00een\u00e9, se substituant ainsi \u00e0 lui (\u00e7a ne vous rappelle pas quelqu\u2019un\u00a0? J\u00e9sus peut-\u00eatre\u00a0?). Par la suite, Dieu a voulu que les Isra\u00e9lites se souviennent de cette nuit o\u00f9 il a sauv\u00e9 les Isra\u00e9lites et a donc demand\u00e9 \u00e0 Mo\u00efse de lui consacrer tout premier-n\u00e9 par l\u2019institution du rachat (Exode 13.11-16). Cette pratique a donc un but p\u00e9dagogique\u00a0: elle rappelle au peuple que Dieu est son sauveur, son lib\u00e9rateur.<\/p>\n<p>&nbsp;<\/p>\n<p>Mais zut, il y a plus d\u2019a\u00een\u00e9s non-L\u00e9vites que de L\u00e9vites (v.39 et 43)\u00a0! Dieu a une solution\u00a0: il faudra verser une somme d\u2019argent pour racheter les a\u00een\u00e9s non-L\u00e9vites \u00ab\u00a0en trop\u00a0\u00bb (v.46-47). Pourquoi Dieu tient-il absolument \u00e0 compenser le manque de L\u00e9vites ? Pour que le principe \u00ab\u00a0une vie pour une vie\u00a0\u00bb qui a permis aux Isra\u00e9lites de sortir d\u2019Egypte sans perte humaine soit bien appliqu\u00e9 et qu\u2019ainsi le peuple mesure que le salut de Dieu n\u2019est pas \u00e0 prendre \u00e0 la l\u00e9g\u00e8re.<\/p>\n<p>&nbsp;<\/p>\n<p>Et concr\u00e8tement, \u00e7a ressemble \u00e0 quoi la cons\u00e9cration des L\u00e9vites \u00e0 l\u2019Eternel\u00a0? Les versets 17 \u00e0 37\u00a0nous en donnent un aper\u00e7u\u00a0: ils servent Dieu de fa\u00e7on tr\u00e8s pratique (installation, transport du mat\u00e9riel\u2026) au sein et autour du tabernacle (et plus tard du temple).<\/p>\n<p><strong>\u00a0<\/strong><\/p>\n<p><strong>APPLICATION<\/strong><\/p>\n<p>Puisque Dieu a sauv\u00e9 les a\u00een\u00e9s isra\u00e9lites, ils lui appartiennent. De la m\u00eame fa\u00e7on, comme Dieu nous a sauv\u00e9s par J\u00e9sus, nous lui appartenons. 1 Cor 6.19b-20\u00a0nous dit par exemple\u00a0: \u00ab\u00a0Vous ne vous appartenez pas \u00e0 vous-m\u00eames, car vous avez \u00e9t\u00e9 <u>rachet\u00e9s<\/u> \u00e0 un grand prix. Rendez <u>donc <\/u>gloire \u00e0 Dieu dans votre corps.\u00a0\u00bb Y a-t-il des domaines de ma vie que j\u2019ai du mal \u00e0 consacrer \u00e0 Dieu\u00a0?<\/p>\n<p>La cons\u00e9cration \u00e0 Dieu a un aspect tr\u00e8s concret\u00a0: servir Dieu de bien des mani\u00e8res au sein de l\u2019Eglise (l\u2019\u00e9glise locale ou toute \u0153uvre chr\u00e9tienne comme les GBU). Est-ce que je r\u00e9alise que m\u00eame par des t\u00e2ches pratiques (faire la vaisselle apr\u00e8s un repas d\u2019\u00e9glise, faire le m\u00e9nage \u00e0 la fin d\u2019une soir\u00e9e GBU, faire la garderie pendant le culte, m\u2019occuper de la sono\u2026) je peux honorer Dieu\u00a0? Ou est-ce que je n\u2019aspire qu\u2019\u00e0 des t\u00e2ches plus \u00ab\u00a0honorables\u00a0\u00bb\u00a0\/ je pense que je ne fais rien pour Dieu car je n\u2019ai jamais anim\u00e9 une discussion autour de la Bible\u2026\u00a0?<\/p>\n<p>&nbsp;<\/p>\n<p style=\"text-align: right;\"><em>Marie-Aude R.<\/em><\/p>\n","protected":false},"excerpt":{"rendered":"<p>LA VALEUR N\u2019ATTEND PAS LE NOMBRE DES ANN\u00c9ES Notre passage pr\u00e9sente 2 nouveaux recensements\u00a0: celui des L\u00e9vites \u00e2g\u00e9s d\u20191 mois et plus (v.15) celui des autres hommes isra\u00e9lites \u00e2g\u00e9s d\u20191 mois et plus (v.40) Alors qu\u2019au chapitre 1, l\u2019\u00e2ge minimum requis pour le recensement \u00e9tait de 20 ans, cette fois-ci il est d\u20191 mois. Pourquoi [&hellip;]<\/p>\n","protected":false},"author":3,"featured_media":2582,"comment_status":"open","ping_status":"closed","sticky":false,"template":"","format":"standard","meta":{"_acf_changed":false,"_eb_attr":"","advgb_blocks_editor_width":"","advgb_blocks_columns_visual_guide":"","footnotes":""},"categories":[16],"tags":[170,524,871,443,651,285,872,774],"video":[],"audio":[],"ecrit":[],"mis-en-avant":[],"redacteur":[],"type-darticle":[],"class_list":["post-2590","post","type-post","status-publish","format-standard","has-post-thumbnail","hentry","category-meditations-bibliques","tag-ancien-testament","tag-canaan","tag-conquete","tag-consecration","tag-ecrit","tag-israel","tag-levites","tag-nombres"],"blocksy_meta":[],"acf":[],"featured_image_src":"https:\/\/www.creusonslabible.fr\/wp-content\/uploads\/2013\/09\/Camp-1.jpg","author_info":{"display_name":"Yoh","author_link":"https:\/\/www.creusonslabible.fr\/?author=3"},"author_meta":{"display_name":"Yoh","author_link":"https:\/\/www.creusonslabible.fr\/?author=3"},"featured_img":"https:\/\/www.creusonslabible.fr\/wp-content\/uploads\/2013\/09\/Camp-1.jpg","coauthors":[],"tax_additional":{"categories":{"linked":["<a href=\"https:\/\/www.creusonslabible.fr\/?cat=16\" class=\"advgb-post-tax-term\">M\u00e9ditations bibliques<\/a>"],"unlinked":["<span class=\"advgb-post-tax-term\">M\u00e9ditations bibliques<\/span>"]},"tags":{"linked":["<a href=\"https:\/\/www.creusonslabible.fr\/?cat=16\" class=\"advgb-post-tax-term\">Ancien-Testament<\/a>","<a href=\"https:\/\/www.creusonslabible.fr\/?cat=16\" class=\"advgb-post-tax-term\">canaan<\/a>","<a href=\"https:\/\/www.creusonslabible.fr\/?cat=16\" class=\"advgb-post-tax-term\">conqu\u00eate<\/a>","<a href=\"https:\/\/www.creusonslabible.fr\/?cat=16\" class=\"advgb-post-tax-term\">cons\u00e9cration<\/a>","<a href=\"https:\/\/www.creusonslabible.fr\/?cat=16\" class=\"advgb-post-tax-term\">\u00e9crit<\/a>","<a href=\"https:\/\/www.creusonslabible.fr\/?cat=16\" class=\"advgb-post-tax-term\">Isra\u00ebl<\/a>","<a href=\"https:\/\/www.creusonslabible.fr\/?cat=16\" class=\"advgb-post-tax-term\">l\u00e9vites<\/a>","<a href=\"https:\/\/www.creusonslabible.fr\/?cat=16\" class=\"advgb-post-tax-term\">Nombres<\/a>"],"unlinked":["<span class=\"advgb-post-tax-term\">Ancien-Testament<\/span>","<span class=\"advgb-post-tax-term\">canaan<\/span>","<span class=\"advgb-post-tax-term\">conqu\u00eate<\/span>","<span class=\"advgb-post-tax-term\">cons\u00e9cration<\/span>","<span class=\"advgb-post-tax-term\">\u00e9crit<\/span>","<span class=\"advgb-post-tax-term\">Isra\u00ebl<\/span>","<span class=\"advgb-post-tax-term\">l\u00e9vites<\/span>","<span class=\"advgb-post-tax-term\">Nombres<\/span>"]}},"comment_count":"0","relative_dates":{"created":"Publi\u00e9 13 ans il y a","modified":"Mis \u00e0 jour 1 an il y a"},"absolute_dates":{"created":"Publi\u00e9 le 25 septembre 2013","modified":"Mise \u00e0 jour le 24 janvier 2025"},"absolute_dates_time":{"created":"Publi\u00e9 le 25 septembre 2013 10h20","modified":"Mise \u00e0 jour le 24 janvier 2025 11h45"},"featured_img_caption":"","series_order":"","meta_box":[],"_links":{"self":[{"href":"https:\/\/www.creusonslabible.fr\/index.php?rest_route=\/wp\/v2\/posts\/2590","targetHints":{"allow":["GET"]}}],"collection":[{"href":"https:\/\/www.creusonslabible.fr\/index.php?rest_route=\/wp\/v2\/posts"}],"about":[{"href":"https:\/\/www.creusonslabible.fr\/index.php?rest_route=\/wp\/v2\/types\/post"}],"author":[{"embeddable":true,"href":"https:\/\/www.creusonslabible.fr\/index.php?rest_route=\/wp\/v2\/users\/3"}],"replies":[{"embeddable":true,"href":"https:\/\/www.creusonslabible.fr\/index.php?rest_route=%2Fwp%2Fv2%2Fcomments&post=2590"}],"version-history":[{"count":1,"href":"https:\/\/www.creusonslabible.fr\/index.php?rest_route=\/wp\/v2\/posts\/2590\/revisions"}],"predecessor-version":[{"id":11055,"href":"https:\/\/www.creusonslabible.fr\/index.php?rest_route=\/wp\/v2\/posts\/2590\/revisions\/11055"}],"wp:featuredmedia":[{"embeddable":true,"href":"https:\/\/www.creusonslabible.fr\/index.php?rest_route=\/wp\/v2\/media\/2582"}],"wp:attachment":[{"href":"https:\/\/www.creusonslabible.fr\/index.php?rest_route=%2Fwp%2Fv2%2Fmedia&parent=2590"}],"wp:term":[{"taxonomy":"category","embeddable":true,"href":"https:\/\/www.creusonslabible.fr\/index.php?rest_route=%2Fwp%2Fv2%2Fcategories&post=2590"},{"taxonomy":"post_tag","embeddable":true,"href":"https:\/\/www.creusonslabible.fr\/index.php?rest_route=%2Fwp%2Fv2%2Ftags&post=2590"},{"taxonomy":"video","embeddable":true,"href":"https:\/\/www.creusonslabible.fr\/index.php?rest_route=%2Fwp%2Fv2%2Fvideo&post=2590"},{"taxonomy":"audio","embeddable":true,"href":"https:\/\/www.creusonslabible.fr\/index.php?rest_route=%2Fwp%2Fv2%2Faudio&post=2590"},{"taxonomy":"ecrit","embeddable":true,"href":"https:\/\/www.creusonslabible.fr\/index.php?rest_route=%2Fwp%2Fv2%2Fecrit&post=2590"},{"taxonomy":"mis-en-avant","embeddable":true,"href":"https:\/\/www.creusonslabible.fr\/index.php?rest_route=%2Fwp%2Fv2%2Fmis-en-avant&post=2590"},{"taxonomy":"redacteur","embeddable":true,"href":"https:\/\/www.creusonslabible.fr\/index.php?rest_route=%2Fwp%2Fv2%2Fredacteur&post=2590"},{"taxonomy":"type-darticle","embeddable":true,"href":"https:\/\/www.creusonslabible.fr\/index.php?rest_route=%2Fwp%2Fv2%2Ftype-darticle&post=2590"}],"curies":[{"name":"wp","href":"https:\/\/api.w.org\/{rel}","templated":true}]}}