{"id":2591,"date":"2013-09-25T10:17:13","date_gmt":"2013-09-25T10:17:13","guid":{"rendered":"http:\/\/www.creusonslabible.fr\/?p=2591"},"modified":"2025-01-24T11:45:23","modified_gmt":"2025-01-24T09:45:23","slug":"nombres-3-1-10-organisation-des-troupes-4","status":"publish","type":"post","link":"https:\/\/www.creusonslabible.fr\/?p=2591","title":{"rendered":"Nombres 3.1-10 &#8211; Organisation des troupes (4)"},"content":{"rendered":"<p><strong>ZOOM SUR LES LEVITES<\/strong><\/p>\n<p>&nbsp;<\/p>\n<p><strong>Etrange descendance<\/strong><\/p>\n<p>L\u2019introduction du v.1 est surprenante\u00a0: elle nous indique que la suite va traiter de la descendance d\u2019Aaron et de Mo\u00efse\u2026 quand la suite nous parle des fils d\u2019Aaron (mais pas de ceux de Mo\u00efse) et des L\u00e9vites. L\u2019auteur se serait-il tromp\u00e9\u00a0? Depuis Gen\u00e8se (cf. Gen\u00e8se 6.9, 11.27, 25.19 o\u00f9 le mot h\u00e9breu d\u00e9sign\u00e9 par \u00ab\u00a0lign\u00e9e\u00a0\u00bb ou \u00ab\u00a0descendance\u00a0\u00bb est le m\u00eame qu\u2019en Nb 3.1), \u00a0chaque pr\u00e9sentation d\u2019une \u00ab\u00a0lign\u00e9e\u00a0\u00bb montre comment la promesse de Dieu est transmise<sup>1<\/sup>. Les choses s\u2019\u00e9claircissent donc\u00a0: il ne s\u2019agit pas ici d\u2019une descendance physique mais d\u2019une descendance \u00ab\u00a0spirituelle\u00a0\u00bb. Les pr\u00eatres, fils d\u2019Aaron, et les L\u00e9vites deviennent les h\u00e9ritiers de la promesse de Dieu, qui continuait de s\u2019accomplir au travers de Mo\u00efse et d\u2019Aaron.<\/p>\n<p>La promesse que Dieu avait faite \u00e0 son peuple contenait 3 grands \u00e9l\u00e9ments\u00a0: une grande nation, un territoire et une relation avec Dieu. Dieu va utiliser les pr\u00eatres et les L\u00e9vites pour accomplir plus particuli\u00e8rement la dimension relationnelle de sa promesse.<\/p>\n<p>&nbsp;<\/p>\n<p><strong>Les L\u00e9vites, des V.I.P.\u00a0?<\/strong><\/p>\n<p>D\u2019apr\u00e8s ce que nous venons de voir, il \u00e9tait donc attendu des pr\u00eatres et des L\u00e9vites qu\u2019ils soient les garants de la relation avec Dieu. Et ils se devaient de prendre leur travail avec beaucoup de s\u00e9rieux\u00a0comme le montre la remarque tr\u00e8s br\u00e8ve mais redoutable du v.4 sur Nadab et Abihu.<\/p>\n<p>Ainsi, malgr\u00e9 leur statut \u00e0 part, les pr\u00eatres et les L\u00e9vites ne sont pas totalement des privil\u00e9gi\u00e9s. Ils sont privil\u00e9gi\u00e9s car ils h\u00e9ritent de la promesse de Dieu et qu\u2019ils ont la chance de pouvoir s\u2019approcher, dans une certaine mesure, de lui. Mais c\u2019est un statut exigeant qu\u2019ils ne peuvent pas prendre \u00e0 la l\u00e9g\u00e8re et qui ne laisse place \u00e0 aucune d\u00e9rive.<\/p>\n<p>Malgr\u00e9 leur statut d\u00e9j\u00e0 important, les L\u00e9vites pouvaient \u00eatre tent\u00e9s de vouloir encore plus de responsabilit\u00e9s et d\u2019aspirer au r\u00f4le de pr\u00eatre. D\u2019o\u00f9 le rappel du v.10\u00a0(\u00e0 retenir quand vous lirez Nb 16). Cela nous rappelle cette tendance humaine \u00e0 oublier les avantages dont on jouit d\u00e9j\u00e0 et \u00e0 chercher toujours plus.<\/p>\n<p>&nbsp;<\/p>\n<p><strong>APPLICATIONS<\/strong><\/p>\n<p>Aujourd\u2019hui, ceux qui travaillent dans le minist\u00e8re chr\u00e9tien \u00e0 plein temps se trouvent dans une position semblable aux L\u00e9vites. Ce sont des chr\u00e9tiens \u00ab\u00a0mis \u00e0 part\u00a0\u00bb pour consacrer plus de temps \u00e0 Dieu.<\/p>\n<ul>\n<li>Quelle promesse sont-ils charg\u00e9s de transmettre\u00a0? En quoi leur position est-elle \u00e0 la fois un privil\u00e8ge et un d\u00e9fi\u00a0?<\/li>\n<li>Comment pourriez-vous les entourer dans leur travail\u00a0?<\/li>\n<\/ul>\n<p>Nous sommes nous-m\u00eames, en tant que chr\u00e9tiens, consid\u00e9r\u00e9s comme des pr\u00eatres en 1 Pierre 2.9. Quel est le privil\u00e8ge de ce statut\u00a0? Quels en sont les d\u00e9fis\u00a0?<\/p>\n<p>&nbsp;<\/p>\n<p><sup><span style=\"font-size: small;\">1<\/span><\/sup><span style=\"font-size: small;\">Voir article de Matthieu Richelle\u00a0<a title=\"Le fil rouge du plan de Dieu \u2013 Les g\u00e9n\u00e9alogies de la Gen\u00e8se\" href=\"http:\/\/www.creusonslabible.fr\/?p=2337\" target=\"&quot;\" rel=\"noopener\"> Le fil rouge du plan de Dieu<\/a><br \/>\n<\/span><\/p>\n<p style=\"text-align: right;\"><em>Marie-Aude R.<\/em><\/p>\n","protected":false},"excerpt":{"rendered":"<p>ZOOM SUR LES LEVITES &nbsp; Etrange descendance L\u2019introduction du v.1 est surprenante\u00a0: elle nous indique que la suite va traiter de la descendance d\u2019Aaron et de Mo\u00efse\u2026 quand la suite nous parle des fils d\u2019Aaron (mais pas de ceux de Mo\u00efse) et des L\u00e9vites. L\u2019auteur se serait-il tromp\u00e9\u00a0? Depuis Gen\u00e8se (cf. Gen\u00e8se 6.9, 11.27, 25.19 [&hellip;]<\/p>\n","protected":false},"author":3,"featured_media":2582,"comment_status":"open","ping_status":"closed","sticky":false,"template":"","format":"standard","meta":{"_acf_changed":false,"_eb_attr":"","advgb_blocks_editor_width":"","advgb_blocks_columns_visual_guide":"","footnotes":""},"categories":[16],"tags":[874,170,524,871,651,285,872,774],"video":[],"audio":[],"ecrit":[],"mis-en-avant":[],"redacteur":[],"type-darticle":[],"class_list":["post-2591","post","type-post","status-publish","format-standard","has-post-thumbnail","hentry","category-meditations-bibliques","tag-aaron","tag-ancien-testament","tag-canaan","tag-conquete","tag-ecrit","tag-israel","tag-levites","tag-nombres"],"blocksy_meta":[],"acf":[],"featured_image_src":"https:\/\/www.creusonslabible.fr\/wp-content\/uploads\/2013\/09\/Camp-1.jpg","author_info":{"display_name":"Yoh","author_link":"https:\/\/www.creusonslabible.fr\/?author=3"},"author_meta":{"display_name":"Yoh","author_link":"https:\/\/www.creusonslabible.fr\/?author=3"},"featured_img":"https:\/\/www.creusonslabible.fr\/wp-content\/uploads\/2013\/09\/Camp-1.jpg","coauthors":[],"tax_additional":{"categories":{"linked":["<a href=\"https:\/\/www.creusonslabible.fr\/?cat=16\" class=\"advgb-post-tax-term\">M\u00e9ditations bibliques<\/a>"],"unlinked":["<span class=\"advgb-post-tax-term\">M\u00e9ditations bibliques<\/span>"]},"tags":{"linked":["<a href=\"https:\/\/www.creusonslabible.fr\/?cat=16\" class=\"advgb-post-tax-term\">Aaron<\/a>","<a href=\"https:\/\/www.creusonslabible.fr\/?cat=16\" class=\"advgb-post-tax-term\">Ancien-Testament<\/a>","<a href=\"https:\/\/www.creusonslabible.fr\/?cat=16\" class=\"advgb-post-tax-term\">canaan<\/a>","<a href=\"https:\/\/www.creusonslabible.fr\/?cat=16\" class=\"advgb-post-tax-term\">conqu\u00eate<\/a>","<a href=\"https:\/\/www.creusonslabible.fr\/?cat=16\" class=\"advgb-post-tax-term\">\u00e9crit<\/a>","<a href=\"https:\/\/www.creusonslabible.fr\/?cat=16\" class=\"advgb-post-tax-term\">Isra\u00ebl<\/a>","<a href=\"https:\/\/www.creusonslabible.fr\/?cat=16\" class=\"advgb-post-tax-term\">l\u00e9vites<\/a>","<a href=\"https:\/\/www.creusonslabible.fr\/?cat=16\" class=\"advgb-post-tax-term\">Nombres<\/a>"],"unlinked":["<span class=\"advgb-post-tax-term\">Aaron<\/span>","<span class=\"advgb-post-tax-term\">Ancien-Testament<\/span>","<span class=\"advgb-post-tax-term\">canaan<\/span>","<span class=\"advgb-post-tax-term\">conqu\u00eate<\/span>","<span class=\"advgb-post-tax-term\">\u00e9crit<\/span>","<span class=\"advgb-post-tax-term\">Isra\u00ebl<\/span>","<span class=\"advgb-post-tax-term\">l\u00e9vites<\/span>","<span class=\"advgb-post-tax-term\">Nombres<\/span>"]}},"comment_count":"0","relative_dates":{"created":"Publi\u00e9 13 ans il y a","modified":"Mis \u00e0 jour 1 an il y a"},"absolute_dates":{"created":"Publi\u00e9 le 25 septembre 2013","modified":"Mise \u00e0 jour le 24 janvier 2025"},"absolute_dates_time":{"created":"Publi\u00e9 le 25 septembre 2013 10h17","modified":"Mise \u00e0 jour le 24 janvier 2025 11h45"},"featured_img_caption":"","series_order":"","meta_box":[],"_links":{"self":[{"href":"https:\/\/www.creusonslabible.fr\/index.php?rest_route=\/wp\/v2\/posts\/2591","targetHints":{"allow":["GET"]}}],"collection":[{"href":"https:\/\/www.creusonslabible.fr\/index.php?rest_route=\/wp\/v2\/posts"}],"about":[{"href":"https:\/\/www.creusonslabible.fr\/index.php?rest_route=\/wp\/v2\/types\/post"}],"author":[{"embeddable":true,"href":"https:\/\/www.creusonslabible.fr\/index.php?rest_route=\/wp\/v2\/users\/3"}],"replies":[{"embeddable":true,"href":"https:\/\/www.creusonslabible.fr\/index.php?rest_route=%2Fwp%2Fv2%2Fcomments&post=2591"}],"version-history":[{"count":1,"href":"https:\/\/www.creusonslabible.fr\/index.php?rest_route=\/wp\/v2\/posts\/2591\/revisions"}],"predecessor-version":[{"id":11056,"href":"https:\/\/www.creusonslabible.fr\/index.php?rest_route=\/wp\/v2\/posts\/2591\/revisions\/11056"}],"wp:featuredmedia":[{"embeddable":true,"href":"https:\/\/www.creusonslabible.fr\/index.php?rest_route=\/wp\/v2\/media\/2582"}],"wp:attachment":[{"href":"https:\/\/www.creusonslabible.fr\/index.php?rest_route=%2Fwp%2Fv2%2Fmedia&parent=2591"}],"wp:term":[{"taxonomy":"category","embeddable":true,"href":"https:\/\/www.creusonslabible.fr\/index.php?rest_route=%2Fwp%2Fv2%2Fcategories&post=2591"},{"taxonomy":"post_tag","embeddable":true,"href":"https:\/\/www.creusonslabible.fr\/index.php?rest_route=%2Fwp%2Fv2%2Ftags&post=2591"},{"taxonomy":"video","embeddable":true,"href":"https:\/\/www.creusonslabible.fr\/index.php?rest_route=%2Fwp%2Fv2%2Fvideo&post=2591"},{"taxonomy":"audio","embeddable":true,"href":"https:\/\/www.creusonslabible.fr\/index.php?rest_route=%2Fwp%2Fv2%2Faudio&post=2591"},{"taxonomy":"ecrit","embeddable":true,"href":"https:\/\/www.creusonslabible.fr\/index.php?rest_route=%2Fwp%2Fv2%2Fecrit&post=2591"},{"taxonomy":"mis-en-avant","embeddable":true,"href":"https:\/\/www.creusonslabible.fr\/index.php?rest_route=%2Fwp%2Fv2%2Fmis-en-avant&post=2591"},{"taxonomy":"redacteur","embeddable":true,"href":"https:\/\/www.creusonslabible.fr\/index.php?rest_route=%2Fwp%2Fv2%2Fredacteur&post=2591"},{"taxonomy":"type-darticle","embeddable":true,"href":"https:\/\/www.creusonslabible.fr\/index.php?rest_route=%2Fwp%2Fv2%2Ftype-darticle&post=2591"}],"curies":[{"name":"wp","href":"https:\/\/api.w.org\/{rel}","templated":true}]}}