{"id":260,"date":"2012-07-05T15:26:15","date_gmt":"2012-07-05T15:26:15","guid":{"rendered":"http:\/\/elearning.gbu.fr\/?p=260"},"modified":"2025-01-24T11:10:15","modified_gmt":"2025-01-24T09:10:15","slug":"2-corinthiens","status":"publish","type":"post","link":"https:\/\/www.creusonslabible.fr\/?p=260","title":{"rendered":"2 Corinthiens"},"content":{"rendered":"<p><span style=\"font-family: Arial,sans-serif;\">Cette lettre a \u00e9t\u00e9 \u00e9crite de Mac\u00e9doine (2.13\u00a0; 7.5\u00a0; 8.1\u00a0; 9.2-4) apr\u00e8s que Paul ait quitt\u00e9 \u00c9ph\u00e8se (Ac 20.1-2). Paul avait vu Tite qui rentrait d&rsquo;une mission \u00e0 Corinthe, et le rapport que lui avait fait celui-ci avait grandement calm\u00e9 les inqui\u00e9tudes de Paul, en particulier en ce qui concerne l\u2019accueil favorable par l&rsquo;\u00e9glise d\u2019une lettre s\u00e9v\u00e8re que Paul leur avait \u00e9crite, et les d\u00e9cisions prises en cons\u00e9quence (2.3-4\u00a0; 7.5-16). Mais il y avait d&rsquo;autres probl\u00e8mes qui inqui\u00e9taient Paul. Il y avait dans l&rsquo;\u00e9glise une minorit\u00e9 de gens qui s&rsquo;opposaient \u00e0 lui, et leur influence avait \u00e9t\u00e9 renforc\u00e9e par l&rsquo;arriv\u00e9e de chr\u00e9tiens juda\u00efsants qui pr\u00e9tendaient \u00eatre de rang apostolique, et cherchaient \u00e0 saper l&rsquo;autorit\u00e9 de Paul par des insinuations mensong\u00e8res \u00e0 son encontre.<\/span><\/p>\n<p><span style=\"font-family: Arial,sans-serif;\">La lettre enti\u00e8re vibre de sentiments forts\u00a0: elle rayonne d&rsquo;amour, est charg\u00e9e de chagrin, et br\u00fblante d&rsquo;indignation. De toutes les lettres de Paul \u00e0 des \u00e9glises, c&rsquo;est la plus personnelle, car il avait \u00e9t\u00e9 profond\u00e9ment bless\u00e9 par les doutes port\u00e9s sur son int\u00e9grit\u00e9 personnelle, son amour pour ceux qu&rsquo;il avait gagn\u00e9s \u00e0 Christ, et sur la validit\u00e9 de sa fonction apostolique. Il savait bien \u00e9galement que, au travers des attaques qu&rsquo;ils portaient contre lui, ses ennemis s&rsquo;en prenaient en fait \u00e0 l&rsquo;\u00e9vangile (11.1-5). D&rsquo;o\u00f9 la v\u00e9h\u00e9mence de sa d\u00e9fense. <\/span><\/p>\n<p><span style=\"font-family: Arial,sans-serif;\">La lettre se divise en trois parties principales\u00a0: chapitres 1 \u00e0 7, 8 et 9, et 10 \u00e0 13. Le th\u00e8me principal de la premi\u00e8re partie est la nature du minist\u00e8re de Paul\u00a0: sa gloire divine et sa puissance (2.12-4.6), sa faiblesse humaine et sa r\u00e9compense finale (4.7-5.10)\u00a0; sa raison d\u2019\u00eatre, son message et ses m\u00e9thodes (5.11-6.10). Le th\u00e8me des chapitres 8 et 9 est la collecte que Paul \u00e9tait en train d&rsquo;organiser\u00a0: il explique la raison de cette collecte, et la b\u00e9n\u00e9diction qu&rsquo;il y a dans la lib\u00e9ralit\u00e9 chr\u00e9tienne. Dans les chapitres qui concluent la lettre, Paul se sent oblig\u00e9, \u00e0 regret, d&rsquo;expliquer quel genre d&rsquo;homme il est pour que ses lecteurs puissent comprendre \u00e0 quel point les ennemis qui le calomnient sont \u00e9loign\u00e9s de la v\u00e9rit\u00e9. Ces chapitres nous permettent de comprendre la personnalit\u00e9 de l&rsquo;ap\u00f4tre, bien plus que ses autres \u00e9crits. Ils contiennent \u00e9galement des promesses pour les faibles, et des avertissements fort appropri\u00e9s contre les d\u00e9guisements sous lesquels Satan est \u00e0 l\u2019\u0153uvre. <\/span><\/p>\n<p>&nbsp;<\/p>\n<h2><span style=\"font-family: Arial,sans-serif;\"><span style=\"font-size: medium;\">Plan<\/span><\/span><\/h2>\n<p><span style=\"font-family: Arial,sans-serif;\">1.1-11 Salutation\u00a0: action de gr\u00e2ces de Paul pour le r\u00e9confort qu&rsquo;il a connu au milieu de ses ennuis r\u00e9cents.<\/span><\/p>\n<p><span style=\"font-family: Arial,sans-serif;\">1.12-2.11<em> <\/em>Paul se d\u00e9fend contre l&rsquo;accusation d\u2019inconstance, et explique pourquoi il n\u2019est pas venu \u00e0 Corinthe\u00a0; il exhorte les Corinthiens \u00e0 pardonner l&rsquo;homme qui a p\u00e9ch\u00e9.<\/span><\/p>\n<p><span style=\"font-family: Arial,sans-serif;\">2.12-6.10<em> <\/em>Nature du minist\u00e8re chr\u00e9tien.<\/span><\/p>\n<p><span style=\"font-family: Arial,sans-serif;\">2.12-4.6<em> <\/em>Le triomphe et la gloire de l&rsquo;\u00e9vangile.<\/span><\/p>\n<p><span style=\"font-family: Arial,sans-serif;\">4.7-15<em> <\/em>Un tr\u00e9sor c\u00e9leste dans des vases de terre.<\/span><\/p>\n<p><span style=\"font-family: Arial,sans-serif;\">4.6-5.10<em> <\/em>L&rsquo;encouragement et la r\u00e9compense que l&rsquo;on trouve dans les choses invisibles et \u00e9ternelles. <\/span><\/p>\n<p><span style=\"font-family: Arial,sans-serif;\">5.11-6.10<em> <\/em>Le minist\u00e8re de r\u00e9conciliation\u00a0: son inspiration, son message et ses exigences.<\/span><\/p>\n<p><span style=\"font-family: Arial,sans-serif;\">6.11-7.4<em> <\/em>Appel \u00e0 l\u2019affection des Corinthiens. Qu&rsquo;ils se d\u00e9tournent des mauvaises fr\u00e9quentations et qu&rsquo;ils poursuivent la saintet\u00e9. <\/span><\/p>\n<p><span style=\"font-family: Arial,sans-serif;\">7.5-16<em> <\/em>La<em> <\/em>joie de Paul en raison des nouvelles apport\u00e9es par Tite.<\/span><\/p>\n<p><span style=\"font-family: Arial,sans-serif;\">8-9<em> <\/em>La<em> <\/em>collecte pour les chr\u00e9tiens pauvres de Jud\u00e9e\u00a0: les principes qui gouvernent la lib\u00e9ralit\u00e9 chr\u00e9tienne.<\/span><\/p>\n<p><span style=\"font-family: Arial,sans-serif;\">10.1-12.18 Apologie de Paul par rapport \u00e0 ses adversaires \u00e0 Corinthe. <\/span><\/p>\n<p><span style=\"font-family: Arial,sans-serif;\">10<em> <\/em>L&rsquo;autorit\u00e9 et la sph\u00e8re d&rsquo;activit\u00e9 de l&rsquo;ap\u00f4tre.<\/span><\/p>\n<p><span style=\"font-family: Arial,sans-serif;\">11.1-12.18 Paul se glorifie de lui-m\u00eame\u00a0: une folie \u00e0 laquelle il s&rsquo;oblige pour d\u00e9noncer les faux ap\u00f4tres.<\/span><\/p>\n<p><span style=\"font-family: Arial,sans-serif;\">12.19-13.4<em> <\/em>Avertissements et exhortations. <\/span><\/p>\n","protected":false},"excerpt":{"rendered":"<p>Cette lettre a \u00e9t\u00e9 \u00e9crite de Mac\u00e9doine (2.13\u00a0; 7.5\u00a0; 8.1\u00a0; 9.2-4) apr\u00e8s que Paul ait quitt\u00e9 \u00c9ph\u00e8se (Ac 20.1-2). Paul avait vu Tite qui rentrait d&rsquo;une mission \u00e0 Corinthe, et le rapport que lui avait fait celui-ci avait grandement calm\u00e9 les inqui\u00e9tudes de Paul, en particulier en ce qui concerne l\u2019accueil favorable par l&rsquo;\u00e9glise d\u2019une [&hellip;]<\/p>\n","protected":false},"author":2,"featured_media":0,"comment_status":"open","ping_status":"open","sticky":false,"template":"","format":"standard","meta":{"_acf_changed":false,"_eb_attr":"","advgb_blocks_editor_width":"","advgb_blocks_columns_visual_guide":"","footnotes":""},"categories":[90],"tags":[98,651],"video":[],"audio":[],"ecrit":[],"mis-en-avant":[],"redacteur":[],"type-darticle":[],"class_list":["post-260","post","type-post","status-publish","format-standard","hentry","category-introduction-aux-livres-bibliques","tag-2-corinthiens","tag-ecrit"],"blocksy_meta":[],"acf":[],"featured_image_src":null,"author_info":{"display_name":"caillou","author_link":"https:\/\/www.creusonslabible.fr\/?author=2"},"author_meta":{"display_name":"caillou","author_link":"https:\/\/www.creusonslabible.fr\/?author=2"},"featured_img":null,"coauthors":[],"tax_additional":{"categories":{"linked":["<a href=\"https:\/\/www.creusonslabible.fr\/?cat=90\" class=\"advgb-post-tax-term\">Introduction aux livres Bibliques<\/a>"],"unlinked":["<span class=\"advgb-post-tax-term\">Introduction aux livres Bibliques<\/span>"]},"tags":{"linked":["<a href=\"https:\/\/www.creusonslabible.fr\/?cat=90\" class=\"advgb-post-tax-term\">2 Corinthiens<\/a>","<a href=\"https:\/\/www.creusonslabible.fr\/?cat=90\" class=\"advgb-post-tax-term\">\u00e9crit<\/a>"],"unlinked":["<span class=\"advgb-post-tax-term\">2 Corinthiens<\/span>","<span class=\"advgb-post-tax-term\">\u00e9crit<\/span>"]}},"comment_count":"0","relative_dates":{"created":"Publi\u00e9 14 ans il y a","modified":"Mis \u00e0 jour 1 an il y a"},"absolute_dates":{"created":"Publi\u00e9 le 5 juillet 2012","modified":"Mise \u00e0 jour le 24 janvier 2025"},"absolute_dates_time":{"created":"Publi\u00e9 le 5 juillet 2012 15h26","modified":"Mise \u00e0 jour le 24 janvier 2025 11h10"},"featured_img_caption":"","series_order":"","meta_box":[],"_links":{"self":[{"href":"https:\/\/www.creusonslabible.fr\/index.php?rest_route=\/wp\/v2\/posts\/260","targetHints":{"allow":["GET"]}}],"collection":[{"href":"https:\/\/www.creusonslabible.fr\/index.php?rest_route=\/wp\/v2\/posts"}],"about":[{"href":"https:\/\/www.creusonslabible.fr\/index.php?rest_route=\/wp\/v2\/types\/post"}],"author":[{"embeddable":true,"href":"https:\/\/www.creusonslabible.fr\/index.php?rest_route=\/wp\/v2\/users\/2"}],"replies":[{"embeddable":true,"href":"https:\/\/www.creusonslabible.fr\/index.php?rest_route=%2Fwp%2Fv2%2Fcomments&post=260"}],"version-history":[{"count":1,"href":"https:\/\/www.creusonslabible.fr\/index.php?rest_route=\/wp\/v2\/posts\/260\/revisions"}],"predecessor-version":[{"id":10789,"href":"https:\/\/www.creusonslabible.fr\/index.php?rest_route=\/wp\/v2\/posts\/260\/revisions\/10789"}],"wp:attachment":[{"href":"https:\/\/www.creusonslabible.fr\/index.php?rest_route=%2Fwp%2Fv2%2Fmedia&parent=260"}],"wp:term":[{"taxonomy":"category","embeddable":true,"href":"https:\/\/www.creusonslabible.fr\/index.php?rest_route=%2Fwp%2Fv2%2Fcategories&post=260"},{"taxonomy":"post_tag","embeddable":true,"href":"https:\/\/www.creusonslabible.fr\/index.php?rest_route=%2Fwp%2Fv2%2Ftags&post=260"},{"taxonomy":"video","embeddable":true,"href":"https:\/\/www.creusonslabible.fr\/index.php?rest_route=%2Fwp%2Fv2%2Fvideo&post=260"},{"taxonomy":"audio","embeddable":true,"href":"https:\/\/www.creusonslabible.fr\/index.php?rest_route=%2Fwp%2Fv2%2Faudio&post=260"},{"taxonomy":"ecrit","embeddable":true,"href":"https:\/\/www.creusonslabible.fr\/index.php?rest_route=%2Fwp%2Fv2%2Fecrit&post=260"},{"taxonomy":"mis-en-avant","embeddable":true,"href":"https:\/\/www.creusonslabible.fr\/index.php?rest_route=%2Fwp%2Fv2%2Fmis-en-avant&post=260"},{"taxonomy":"redacteur","embeddable":true,"href":"https:\/\/www.creusonslabible.fr\/index.php?rest_route=%2Fwp%2Fv2%2Fredacteur&post=260"},{"taxonomy":"type-darticle","embeddable":true,"href":"https:\/\/www.creusonslabible.fr\/index.php?rest_route=%2Fwp%2Fv2%2Ftype-darticle&post=260"}],"curies":[{"name":"wp","href":"https:\/\/api.w.org\/{rel}","templated":true}]}}